{"id":35104,"date":"2024-09-10T12:15:49","date_gmt":"2024-09-10T09:15:49","guid":{"rendered":"https:\/\/mersinkadingazetesi.com\/?p=35104"},"modified":"2024-09-10T12:15:50","modified_gmt":"2024-09-10T09:15:50","slug":"pakfirin-magaza-sayisini-15e-yukseltti","status":"publish","type":"post","link":"https:\/\/mersinkadingazetesi.com\/?p=35104","title":{"rendered":"Pakf\u0131r\u0131n  ma\u011faza say\u0131s\u0131n\u0131 15\u2019e y\u00fckseltti"},"content":{"rendered":"\n<blockquote class=\"wp-block-quote is-layout-flow wp-block-quote-is-layout-flow\">\n<p><\/p>\n<\/blockquote>\n\n\n\n<blockquote class=\"wp-block-quote is-layout-flow wp-block-quote-is-layout-flow\">\n<p>Pakf\u0131r\u0131n, \u00c7ukurova Uluslararas\u0131 Havaliman\u0131, Aliya \u0130zzet Begovi\u00e7 Bulvar\u0131 ve di\u011fer lokasyonlarda ger\u00e7ekle\u015ftirdi\u011fi&nbsp;<strong>iki yeni ma\u011faza a\u00e7\u0131l\u0131\u015f\u0131 ile<\/strong>&nbsp;Adana ve Mersin b\u00f6lgelerindeki toplam ma\u011faza say\u0131s\u0131n\u0131 15\u2019e y\u00fckseltti. 10. y\u0131l\u0131n\u0131 kutlayan ve her ge\u00e7en y\u0131l \u00fcr\u00fcn portf\u00f6y\u00fcn\u00fc ve \u015fube say\u0131s\u0131n\u0131 art\u0131rarak \u00c7ukurova&#8217;da marka bilinirli\u011fini g\u00fc\u00e7lendiren Pakf\u0131r\u0131n, Franchise modeli ile b\u00fcy\u00fcme stratejisini s\u00fcrd\u00fcr\u00fcyor.<\/p>\n\n\n\n<p>Pakf\u0131r\u0131n \u00fcr\u00fcnleri, 2 bin metrekare kapal\u0131 alanda, ISO 22000 ve TSE g\u0131da g\u00fcvenli\u011fi kalite sistemlerine sahip modern \u00fcretim tesislerinde hijyenik ko\u015fullarda \u00fcretilmektedir.<\/p>\n<\/blockquote>\n","protected":false},"excerpt":{"rendered":"<p>Pakf\u0131r\u0131n, \u00c7ukurova Uluslararas\u0131 Havaliman\u0131, Aliya \u0130zzet Begovi\u00e7 Bulvar\u0131 ve di\u011fer lokasyonlarda ger\u00e7ekle\u015ftirdi\u011fi&nbsp;iki yeni ma\u011faza a\u00e7\u0131l\u0131\u015f\u0131 ile&nbsp;Adana ve Mersin b\u00f6lgelerindeki toplam ma\u011faza say\u0131s\u0131n\u0131 15\u2019e y\u00fckseltti. 10. y\u0131l\u0131n\u0131 kutlayan ve her ge\u00e7en y\u0131l \u00fcr\u00fcn portf\u00f6y\u00fcn\u00fc ve \u015fube say\u0131s\u0131n\u0131 art\u0131rarak \u00c7ukurova&#8217;da marka bilinirli\u011fini g\u00fc\u00e7lendiren Pakf\u0131r\u0131n, Franchise modeli ile b\u00fcy\u00fcme stratejisini s\u00fcrd\u00fcr\u00fcyor. Pakf\u0131r\u0131n \u00fcr\u00fcnleri, 2 bin metrekare kapal\u0131 alanda, [&hellip;]<\/p>\n","protected":false},"author":2,"featured_media":35105,"comment_status":"closed","ping_status":"closed","sticky":false,"template":"","format":"standard","meta":{"footnotes":""},"categories":[2,3],"tags":[],"class_list":["post-35104","post","type-post","status-publish","format-standard","has-post-thumbnail","hentry","category-gundem","category-manset"],"views":11,"_links":{"self":[{"href":"https:\/\/mersinkadingazetesi.com\/index.php?rest_route=\/wp\/v2\/posts\/35104"}],"collection":[{"href":"https:\/\/mersinkadingazetesi.com\/index.php?rest_route=\/wp\/v2\/posts"}],"about":[{"href":"https:\/\/mersinkadingazetesi.com\/index.php?rest_route=\/wp\/v2\/types\/post"}],"author":[{"embeddable":true,"href":"https:\/\/mersinkadingazetesi.com\/index.php?rest_route=\/wp\/v2\/users\/2"}],"replies":[{"embeddable":true,"href":"https:\/\/mersinkadingazetesi.com\/index.php?rest_route=%2Fwp%2Fv2%2Fcomments&post=35104"}],"version-history":[{"count":1,"href":"https:\/\/mersinkadingazetesi.com\/index.php?rest_route=\/wp\/v2\/posts\/35104\/revisions"}],"predecessor-version":[{"id":35106,"href":"https:\/\/mersinkadingazetesi.com\/index.php?rest_route=\/wp\/v2\/posts\/35104\/revisions\/35106"}],"wp:featuredmedia":[{"embeddable":true,"href":"https:\/\/mersinkadingazetesi.com\/index.php?rest_route=\/wp\/v2\/media\/35105"}],"wp:attachment":[{"href":"https:\/\/mersinkadingazetesi.com\/index.php?rest_route=%2Fwp%2Fv2%2Fmedia&parent=35104"}],"wp:term":[{"taxonomy":"category","embeddable":true,"href":"https:\/\/mersinkadingazetesi.com\/index.php?rest_route=%2Fwp%2Fv2%2Fcategories&post=35104"},{"taxonomy":"post_tag","embeddable":true,"href":"https:\/\/mersinkadingazetesi.com\/index.php?rest_route=%2Fwp%2Fv2%2Ftags&post=35104"}],"curies":[{"name":"wp","href":"https:\/\/api.w.org\/{rel}","templated":true}]}}