{"id":35110,"date":"2024-09-10T12:30:14","date_gmt":"2024-09-10T09:30:14","guid":{"rendered":"https:\/\/mersinkadingazetesi.com\/?p=35110"},"modified":"2024-09-10T12:30:14","modified_gmt":"2024-09-10T09:30:14","slug":"deva-partili-ekmen-katiller-ve-isbirlikcileri-adil-olmayan-yargi-duzeni-caydirici-olmayan-ceza-ve-infaz-sisteminden-guc-aldi","status":"publish","type":"post","link":"https:\/\/mersinkadingazetesi.com\/?p=35110","title":{"rendered":"DEVA Partili Ekmen: \u201cKatiller ve i\u015fbirlik\u00e7ileri, adil olmayan yarg\u0131 d\u00fczeni, cayd\u0131r\u0131c\u0131 olmayan ceza ve infaz sisteminden g\u00fc\u00e7 ald\u0131\u201d\u00a0"},"content":{"rendered":"\n<figure class=\"wp-block-table\"><table class=\"has-fixed-layout\"><tbody><tr><td><strong>DEVA Partisi Genel Ba\u015fkan Yard\u0131mc\u0131s\u0131 Mehmet Emin Ekmen, Diyarbak\u0131r temaslar\u0131nda vah\u015fice \u00f6ld\u00fcr\u00fclen ve T\u00fcrkiye<\/strong><strong>\u2019<\/strong><strong>nin y\u00fcre\u011f<\/strong><strong>ini par<\/strong><strong>\u00e7alayan Narin<\/strong><strong>\u2019<\/strong><strong>in mezar\u0131n\u0131 da ziyaret etti. Katillerinin, i\u015f birlik\u00e7ilerinin ve bilerek susanlar\u0131n hak ettikleri cezalar\u0131 almalar\u0131 i\u00e7in m\u00fccadele edeceklerini belirten Ekmen,&nbsp;<\/strong><strong>\u201c<\/strong><strong>Katiller ve i\u015fbirlik\u00e7ileri \u00e7\u00fcr\u00fcm\u00fc\u015f sosyoloji, i\u015flevsiz yarg\u0131 d\u00fczeni, cayd\u0131r\u0131c\u0131 olmayan ceza ve infaz sisteminden g\u00fc\u00e7 alm\u0131\u015f olabilir ama bu al\u00e7ak hareket, 7<\/strong><strong>\u2019<\/strong><strong>den 70<\/strong><strong>\u2019<\/strong><strong>e T\u00fcrkiye<\/strong><strong>\u2019<\/strong><strong>nin b\u00fct\u00fcn\u00fcn\u00fc ku\u015fatan b\u00fcy\u00fck bir dayan\u0131\u015fma, ortak duygu ve ac\u0131 payla\u015f\u0131m\u0131n\u0131n duvar\u0131na \u00e7arpt\u0131.\u201d dedi.<\/strong>&nbsp;DEVA Partisi Genel Ba\u015fkan Yard\u0131mc\u0131s\u0131 ve Mersin Milletvekili Mehmet Emin Ekmen, beraberindeki heyetle birlikte Diyarbak\u0131r\u2019da bir dizi ziyaretlerde bulundu. Diyarbak\u0131r Valili\u011fini, Diyarbak\u0131r B\u00fcy\u00fck\u015fehir Belediyesini, Ticaret Borsas\u0131n\u0131 ve daha sonras\u0131nda t\u00fcm T\u00fcrkiye\u2019nin y\u00fcre\u011fini da\u011f\u0131tan Narin\u2019in mezar\u0131n\u0131 ziyaret eden Ekmen, burada Narin i\u00e7in dua okuyup, konunun takip\u00e7isi olacaklar\u0131n\u0131 s\u00f6yledi.&nbsp;<strong>Ekmen, Vali ve B\u00fcy\u00fck\u015fehiri ziyaret etti<\/strong>Ziyaretlerde Ekmen\u2019e, DEVA Partisi Genel Ba\u015fkan Ba\u015fdan\u0131\u015fman\u0131 Ali ihsan Merdano\u011flu, DEVA Partisi \u0130l Ba\u015fkan\u0131 Mehmet Remzi Kaymak e\u015flik etti. Diyarbak\u0131r Valisi Murat Zorluo\u011flu\u2019na yeni g\u00f6revlerinde hay\u0131rl\u0131 olsun ziyaretinde bulunan Ekmen, daha sonras\u0131nda Diyarbak\u0131r B\u00fcy\u00fck\u015fehir Belediye E\u015f Ba\u015fkanlar\u0131 Serra Bucak ve Do\u011fan Hatun ile bir araya geldi. Ard\u0131ndan Ekmen, Diyarbak\u0131r Ticaret Odas\u0131 Ba\u015fkan\u0131 Engin Ye\u015fil\u2019i ziyaret ederek, b\u00f6lge ticareti hakk\u0131nda bilgi ald\u0131.&nbsp;<strong>Bu al\u00e7ak hareket duvara \u00e7arpt\u0131<\/strong>Diyarbak\u0131r temaslar\u0131nda Ekmen, k\u00fc\u00e7\u00fck ya\u015fta canice katledilen Narin\u2019in mezar\u0131n\u0131 ziyaret etti. Burada a\u00e7\u0131klamalarda bulunan Ekmen,&nbsp;\u201cArkada\u015flar\u0131m\u0131z ile Narin\u2019i ziyaret ettik, ruhuna dualar\u0131m\u0131z\u0131 g\u00f6ndererek Fatiha\u2019m\u0131z\u0131 okuduk. Ya\u015famas\u0131n\u0131 sa\u011flayamad\u0131k ama katillerinin, i\u015f birlik\u00e7ilerinin ve bilerek susanlar\u0131n hak ettikleri cezalar\u0131 almas\u0131 i\u00e7in m\u00fccadele edebiliriz. Katiller ve i\u015fbirlik\u00e7ileri \u00e7\u00fcr\u00fcm\u00fc\u015f sosyoloji, i\u015flevsiz yarg\u0131 d\u00fczeni, cayd\u0131r\u0131c\u0131 olmayan ceza ve infaz sisteminden g\u00fc\u00e7 alm\u0131\u015f olabilir ama bu al\u00e7ak hareket, 7\u2019den 70\u2019e T\u00fcrkiye\u2019nin b\u00fct\u00fcn\u00fcn\u00fc ku\u015fatan b\u00fcy\u00fck bir dayan\u0131\u015fma, ortak duygu ve ac\u0131 payla\u015f\u0131m\u0131n\u0131n duvar\u0131na \u00e7arpt\u0131. Bu \u00e7irkin infaz, toplumsal \u00e7\u00fcr\u00fcm\u00fc\u015fl\u00fc\u011f\u00fc ve ar\u0131nmam\u0131z\u0131, ceza ve infaz sisteminden kaynaklanan sorunlar\u0131 konu\u015fmak i\u00e7in ac\u0131 bir imkana d\u00f6nebilir. Soru\u015fturma s\u00fcrecinde sosyal medya spek\u00fclasyonlar\u0131na de\u011fil, yetkili makamlar ve Diyarbak\u0131r Barosu\u2019nun a\u00e7\u0131klamalar\u0131na itibar etmek do\u011fru olur.\u201d ifadelerini kulland\u0131.<\/td><\/tr><\/tbody><\/table><\/figure>\n","protected":false},"excerpt":{"rendered":"<p>DEVA Partisi Genel Ba\u015fkan Yard\u0131mc\u0131s\u0131 Mehmet Emin Ekmen, Diyarbak\u0131r temaslar\u0131nda vah\u015fice \u00f6ld\u00fcr\u00fclen ve T\u00fcrkiye\u2019nin y\u00fcre\u011fini par\u00e7alayan Narin\u2019in mezar\u0131n\u0131 da ziyaret etti. Katillerinin, i\u015f birlik\u00e7ilerinin ve bilerek susanlar\u0131n hak ettikleri cezalar\u0131 almalar\u0131 i\u00e7in m\u00fccadele edeceklerini belirten Ekmen,&nbsp;\u201cKatiller ve i\u015fbirlik\u00e7ileri \u00e7\u00fcr\u00fcm\u00fc\u015f sosyoloji, i\u015flevsiz yarg\u0131 d\u00fczeni, cayd\u0131r\u0131c\u0131 olmayan ceza ve infaz sisteminden g\u00fc\u00e7 alm\u0131\u015f olabilir ama bu al\u00e7ak [&hellip;]<\/p>\n","protected":false},"author":2,"featured_media":28461,"comment_status":"closed","ping_status":"closed","sticky":false,"template":"","format":"standard","meta":{"footnotes":""},"categories":[2,3,6],"tags":[],"class_list":["post-35110","post","type-post","status-publish","format-standard","has-post-thumbnail","hentry","category-gundem","category-manset","category-siyaset-2"],"views":5,"_links":{"self":[{"href":"https:\/\/mersinkadingazetesi.com\/index.php?rest_route=\/wp\/v2\/posts\/35110"}],"collection":[{"href":"https:\/\/mersinkadingazetesi.com\/index.php?rest_route=\/wp\/v2\/posts"}],"about":[{"href":"https:\/\/mersinkadingazetesi.com\/index.php?rest_route=\/wp\/v2\/types\/post"}],"author":[{"embeddable":true,"href":"https:\/\/mersinkadingazetesi.com\/index.php?rest_route=\/wp\/v2\/users\/2"}],"replies":[{"embeddable":true,"href":"https:\/\/mersinkadingazetesi.com\/index.php?rest_route=%2Fwp%2Fv2%2Fcomments&post=35110"}],"version-history":[{"count":1,"href":"https:\/\/mersinkadingazetesi.com\/index.php?rest_route=\/wp\/v2\/posts\/35110\/revisions"}],"predecessor-version":[{"id":35111,"href":"https:\/\/mersinkadingazetesi.com\/index.php?rest_route=\/wp\/v2\/posts\/35110\/revisions\/35111"}],"wp:featuredmedia":[{"embeddable":true,"href":"https:\/\/mersinkadingazetesi.com\/index.php?rest_route=\/wp\/v2\/media\/28461"}],"wp:attachment":[{"href":"https:\/\/mersinkadingazetesi.com\/index.php?rest_route=%2Fwp%2Fv2%2Fmedia&parent=35110"}],"wp:term":[{"taxonomy":"category","embeddable":true,"href":"https:\/\/mersinkadingazetesi.com\/index.php?rest_route=%2Fwp%2Fv2%2Fcategories&post=35110"},{"taxonomy":"post_tag","embeddable":true,"href":"https:\/\/mersinkadingazetesi.com\/index.php?rest_route=%2Fwp%2Fv2%2Ftags&post=35110"}],"curies":[{"name":"wp","href":"https:\/\/api.w.org\/{rel}","templated":true}]}}