{"id":35112,"date":"2024-09-10T17:27:51","date_gmt":"2024-09-10T14:27:51","guid":{"rendered":"https:\/\/mersinkadingazetesi.com\/?p=35112"},"modified":"2024-09-10T17:27:51","modified_gmt":"2024-09-10T14:27:51","slug":"mezitli-belediyesinden-ogrencilere-kirtasiye-destegi","status":"publish","type":"post","link":"https:\/\/mersinkadingazetesi.com\/?p=35112","title":{"rendered":"MEZ\u0130TL\u0130 BELED\u0130YES\u0130&#8217;NDEN \u00d6\u011eRENC\u0130LERE KIRTAS\u0130YE DESTE\u011e\u0130"},"content":{"rendered":"\n<p>Mezitli Belediyesi, sosyal belediyecilik ilkesi \u00e7er\u00e7evesinde \u00f6\u011frencilere y\u00f6nelik \u00f6nemli bir destek projesine imza at\u0131yor. 2024-2025 e\u011fitim \u00f6\u011fretim y\u0131l\u0131n\u0131n yakla\u015fmas\u0131yla birlikte, ihtiya\u00e7 sahibi \u00f6\u011frencilere k\u0131rtasiye yard\u0131m\u0131 sa\u011flamak amac\u0131yla ba\u015flat\u0131lan ba\u015fvuru s\u00fcreci 15 Eyl\u00fcl&#8217;e kadar s\u00fcrecek. Mezitli Belediye Ba\u015fkan\u0131 Ahmet Serkan Tuncer, &#8220;Mezitli Belediyesi olarak her zaman e\u011fitimi desteklemeye devam edece\u011fiz&#8221; dedi.&#8221;<\/p>\n\n\n\n<p><strong>BA\u015eVURULAR 15 EYL\u00dcL&#8217;E KADAR S\u00dcRECEK<\/strong><\/p>\n\n\n\n<p>Mezitli Belediyesi, 6 Eyl\u00fcl 2024 tarihinde k\u0131rtasiye yard\u0131m ba\u015fvurular\u0131n\u0131 kabul etmeye ba\u015flad\u0131. Ba\u015fvurular, 15 Eyl\u00fcl 2024 tarihine kadar s\u00fcrecek. Bu kapsamda, e\u011fitimde f\u0131rsat e\u015fitli\u011fi sa\u011flamak ve \u00f6\u011frencilerin e\u011fitim hayatlar\u0131n\u0131 daha verimli ge\u00e7irmelerine yard\u0131mc\u0131 olmak amac\u0131yla k\u0131rtasiye yard\u0131m\u0131 yap\u0131lacak.Mezitli belediyesi kendi imkanlar\u0131 ile \u00f6\u011frencilere k\u0131rtasiye deste\u011fi sunacak olmas\u0131n\u0131n yan\u0131 s\u0131ra e\u011fitime destek olmak isteyen ba\u011f\u0131\u015f\u00e7\u0131lara da seslendi. &#8220;Haydi Mezitli K\u0131rtasiye Yard\u0131m\u0131 \u0130le E\u011fitime G\u00fc\u00e7 Ver&#8221; mottosu ile s\u00fcrece devam eden Mezitli Belediyesi 6 Eyl\u00fcl&#8217;de ba\u015flatt\u0131\u011f\u0131 destek paketi ba\u015fvurular\u0131n\u0131n 15 Eyl\u00fcl&#8217;e kadar devam edece\u011fini belirtti.<\/p>\n\n\n\n<p><strong>BA\u015eVURU \u015eARTLARI VE GEREKL\u0130 BELGELER<\/strong><\/p>\n\n\n\n<p>K\u0131rtasiye yard\u0131m\u0131 ba\u015fvurular\u0131 Mezitli Belediyesi K\u00fclt\u00fcr Merkezi&#8217;nde al\u0131nacakt\u0131r. Ba\u015fvuruda bulunmak isteyen ailelerin, \u00f6\u011frencinin n\u00fcfus c\u00fczdan fotokopisini, \u00f6\u011frenci belgesini ve n\u00fcfus m\u00fcd\u00fcrl\u00fc\u011f\u00fcnden ya da e-Devlet \u00fczerinden al\u0131nm\u0131\u015f ikamet adresi ve aile n\u00fcfus kay\u0131t \u00f6rne\u011fini sunmalar\u0131 gerekmektedir. Ayr\u0131ca, ba\u015fvurular\u0131n kabul edilebilmesi i\u00e7in Mezitli&#8217;de ikamet etme \u015fart\u0131 aranmaktad\u0131r.<\/p>\n\n\n\n<p><strong>BA\u015eKAN TUNCER: &#8220;E\u011e\u0130T\u0130M\u0130 DESTEKLEMEYE DEVAM EDECE\u011e\u0130Z&#8221;<\/strong><\/p>\n\n\n\n<p>Mezitli Belediye Ba\u015fkan\u0131 Ahmet Serkan Tuncer, yaz tatili boyunca pek \u00e7ok okulun bak\u0131m ve onar\u0131m\u0131n\u0131, boya badana i\u015flerini ve bah\u00e7e d\u00fczenlemesini tamamlad\u0131klar\u0131n\u0131 ifade etti. Ba\u015fkan Tuncer, &#8220;Okullar\u0131m\u0131z\u0131n taleplerine yan\u0131t veriyor, eksiklerini gidermeye \u00e7al\u0131\u015f\u0131yoruz. Ayr\u0131ca, ihtiya\u00e7 sahibi \u00f6\u011frencilere \u00e7anta ve k\u0131rtasiye malzemesi hediye ediyoruz. Mezitli Belediyesi olarak her zaman e\u011fitimi desteklemeye devam edece\u011fiz&#8221; dedi.<\/p>\n\n\n\n<p><strong>A\u0130LELER\u0130N BA\u015eVURUSU GEREK\u0130YOR<\/strong><\/p>\n\n\n\n<p>K\u0131rtasiye deste\u011finden faydalanmak isteyen ailelerin, bizzat ba\u015fvuru yapmalar\u0131 gerekmektedir. \u00d6n ba\u015fvurular\u0131n tamamlanmas\u0131n\u0131n ard\u0131ndan yap\u0131lacak de\u011ferlendirmelerle k\u0131rtasiye deste\u011finden yararlanacak ailelere k\u0131rtasiye setleri teslim edilecektir.<\/p>\n","protected":false},"excerpt":{"rendered":"<p>Mezitli Belediyesi, sosyal belediyecilik ilkesi \u00e7er\u00e7evesinde \u00f6\u011frencilere y\u00f6nelik \u00f6nemli bir destek projesine imza at\u0131yor. 2024-2025 e\u011fitim \u00f6\u011fretim y\u0131l\u0131n\u0131n yakla\u015fmas\u0131yla birlikte, ihtiya\u00e7 sahibi \u00f6\u011frencilere k\u0131rtasiye yard\u0131m\u0131 sa\u011flamak amac\u0131yla ba\u015flat\u0131lan ba\u015fvuru s\u00fcreci 15 Eyl\u00fcl&#8217;e kadar s\u00fcrecek. Mezitli Belediye Ba\u015fkan\u0131 Ahmet Serkan Tuncer, &#8220;Mezitli Belediyesi olarak her zaman e\u011fitimi desteklemeye devam edece\u011fiz&#8221; dedi.&#8221; BA\u015eVURULAR 15 EYL\u00dcL&#8217;E KADAR S\u00dcRECEK [&hellip;]<\/p>\n","protected":false},"author":2,"featured_media":35113,"comment_status":"closed","ping_status":"closed","sticky":false,"template":"","format":"standard","meta":{"footnotes":""},"categories":[3],"tags":[],"class_list":["post-35112","post","type-post","status-publish","format-standard","has-post-thumbnail","hentry","category-manset"],"views":10,"_links":{"self":[{"href":"https:\/\/mersinkadingazetesi.com\/index.php?rest_route=\/wp\/v2\/posts\/35112"}],"collection":[{"href":"https:\/\/mersinkadingazetesi.com\/index.php?rest_route=\/wp\/v2\/posts"}],"about":[{"href":"https:\/\/mersinkadingazetesi.com\/index.php?rest_route=\/wp\/v2\/types\/post"}],"author":[{"embeddable":true,"href":"https:\/\/mersinkadingazetesi.com\/index.php?rest_route=\/wp\/v2\/users\/2"}],"replies":[{"embeddable":true,"href":"https:\/\/mersinkadingazetesi.com\/index.php?rest_route=%2Fwp%2Fv2%2Fcomments&post=35112"}],"version-history":[{"count":1,"href":"https:\/\/mersinkadingazetesi.com\/index.php?rest_route=\/wp\/v2\/posts\/35112\/revisions"}],"predecessor-version":[{"id":35114,"href":"https:\/\/mersinkadingazetesi.com\/index.php?rest_route=\/wp\/v2\/posts\/35112\/revisions\/35114"}],"wp:featuredmedia":[{"embeddable":true,"href":"https:\/\/mersinkadingazetesi.com\/index.php?rest_route=\/wp\/v2\/media\/35113"}],"wp:attachment":[{"href":"https:\/\/mersinkadingazetesi.com\/index.php?rest_route=%2Fwp%2Fv2%2Fmedia&parent=35112"}],"wp:term":[{"taxonomy":"category","embeddable":true,"href":"https:\/\/mersinkadingazetesi.com\/index.php?rest_route=%2Fwp%2Fv2%2Fcategories&post=35112"},{"taxonomy":"post_tag","embeddable":true,"href":"https:\/\/mersinkadingazetesi.com\/index.php?rest_route=%2Fwp%2Fv2%2Ftags&post=35112"}],"curies":[{"name":"wp","href":"https:\/\/api.w.org\/{rel}","templated":true}]}}