{"id":35127,"date":"2024-09-11T12:54:39","date_gmt":"2024-09-11T09:54:39","guid":{"rendered":"https:\/\/mersinkadingazetesi.com\/?p=35127"},"modified":"2024-09-11T12:54:40","modified_gmt":"2024-09-11T09:54:40","slug":"anadolu-yonetim-danismanlari-dernegi-cag-universitesini-ziyaret-etti","status":"publish","type":"post","link":"https:\/\/mersinkadingazetesi.com\/?p=35127","title":{"rendered":"ANADOLU Y\u00f6netim Dan\u0131\u015fmanlar\u0131 Derne\u011fi \u00c7a\u011f \u00dcniversitesini ziyaret etti"},"content":{"rendered":"\n<p>Anadoludaki Y\u00f6netim dan\u0131\u015fmanlar\u0131n\u0131 bir \u00e7at\u0131 alt\u0131nda toplayarak, hem Aile Anayasas\u0131 yaz\u0131lmas\u0131 hem de&nbsp; \u015firketlerin kurumsalla\u015fmas\u0131 i\u00e7in 7 y\u0131ldan beridir yo\u011fun bir \u00e7al\u0131\u015fma y\u00fcr\u00fcten ANADOLU Y\u00f6netim Dan\u0131\u015fmanlar\u0131 Derne\u011fi Y\u00f6netim Kurulu Ba\u015fkan\u0131 Ferudun G\u00dcND\u00dcZ ,Geni\u015fletilmi\u015f Y\u00f6netim Kurulu \u00dcyeleri ile birlikte \u00c7a\u011f \u00dcniversitesinde Rekt\u00f6r Yard\u0131mc\u0131l\u0131\u011f\u0131 g\u00f6revine atanan ve ayn\u0131 zamanda Dernek \u00dcyesi de olan Prof Dr Murat KO\u00c7\u2019u makam\u0131nda ziyaret etti.<\/p>\n\n\n\n<p>\u0130ki saate yak\u0131n s\u00fcren toplant\u0131ya i\u015ftirak eden \u00e7ok say\u0131da \u00fcyeler adeta bir beyin f\u0131rt\u0131nas\u0131 yaratarak \u0130\u015f D\u00fcnyas\u0131n\u0131n de\u011fi\u015fik sorunlar\u0131 \u00fczerinde fikir al\u0131\u015fveri\u015finde bulundu.<\/p>\n\n\n\n<p>\u00d6zellikle \u00dcniversiteler ile \u0130\u015f D\u00fcnyas\u0131n\u0131n bulu\u015fup ortak projeler geli\u015ftirmesin de \u00e7ok \u00f6nemli bir rol oynamaya haz\u0131r olduklar\u0131n\u0131 belirten ANADOLU YDD Ba\u015fkan\u0131 Ferudun G\u00dcND\u00dcZ, Y\u00f6netim dan\u0131\u015fmanl\u0131\u011f\u0131 \u00e7al\u0131\u015fma metedolojisini bilen Murat hocam gibi Y\u00f6netim dan\u0131\u015fmanlar\u0131n\u0131n say\u0131s\u0131n\u0131n artmas\u0131n\u0131n derne\u011fimizi ve sekt\u00f6r\u00fc daha iyiye ta\u015f\u0131yaca\u011f\u0131n\u0131 belirtti. &nbsp;&nbsp;&nbsp;&nbsp;&nbsp;&nbsp;&nbsp;&nbsp;&nbsp;&nbsp;&nbsp;&nbsp;&nbsp;&nbsp;&nbsp;&nbsp;&nbsp;&nbsp;&nbsp;&nbsp;&nbsp;&nbsp;&nbsp;&nbsp;&nbsp;&nbsp;&nbsp;&nbsp;&nbsp;&nbsp;&nbsp;&nbsp;&nbsp;&nbsp;&nbsp;&nbsp;&nbsp;&nbsp;&nbsp;&nbsp;&nbsp;&nbsp;&nbsp;&nbsp;&nbsp;&nbsp;&nbsp;&nbsp;&nbsp;&nbsp;&nbsp;&nbsp;&nbsp;&nbsp;&nbsp;&nbsp;&nbsp;&nbsp;&nbsp;&nbsp;&nbsp;&nbsp;&nbsp;&nbsp;&nbsp;&nbsp;&nbsp;&nbsp;&nbsp;&nbsp;&nbsp;&nbsp;&nbsp;&nbsp;&nbsp;&nbsp;&nbsp;&nbsp;&nbsp;&nbsp;&nbsp;&nbsp;&nbsp;&nbsp;&nbsp;&nbsp;&nbsp;&nbsp;&nbsp;&nbsp;&nbsp;&nbsp;&nbsp;&nbsp;&nbsp;&nbsp;&nbsp;&nbsp;&nbsp;&nbsp;Ayr\u0131ca , hem Y\u00f6netim Dan\u0131\u015fmanl\u0131\u011f\u0131 mesle\u011finin tan\u0131t\u0131m\u0131 hem de \u00fcyelerimizin yapt\u0131klar\u0131 \u00e7al\u0131\u015fmalar\u0131 anlatma f\u0131rsat\u0131 verdi\u011fi i\u00e7in faydal\u0131 bir g\u00f6r\u00fc\u015fme oldu.&nbsp;&nbsp;&nbsp;&nbsp;&nbsp;&nbsp;&nbsp;&nbsp;&nbsp;&nbsp;&nbsp;&nbsp;&nbsp;&nbsp;&nbsp;&nbsp;&nbsp;&nbsp;&nbsp;&nbsp;&nbsp;&nbsp;&nbsp;&nbsp;&nbsp;&nbsp;&nbsp;&nbsp;&nbsp;&nbsp;&nbsp;&nbsp;&nbsp;&nbsp;&nbsp;&nbsp;&nbsp;&nbsp;&nbsp;&nbsp;&nbsp;&nbsp;&nbsp;&nbsp;&nbsp;&nbsp;&nbsp;&nbsp;&nbsp;&nbsp;&nbsp;&nbsp;&nbsp;&nbsp;&nbsp;&nbsp;&nbsp;&nbsp;&nbsp;&nbsp;&nbsp;&nbsp;&nbsp;&nbsp;&nbsp;&nbsp;&nbsp;&nbsp;&nbsp;&nbsp;&nbsp;&nbsp;&nbsp;&nbsp;&nbsp;&nbsp;&nbsp;&nbsp;&nbsp;&nbsp;&nbsp;&nbsp;&nbsp;&nbsp;&nbsp; \u0130nan\u0131yorum ki ANADOLU YDD, bundan b\u00f6yle \u00c7A\u011e \u00dcniversitesi ile daha yak\u0131n ileti\u015fim i\u00e7inde olacak ve farkl\u0131 projeler \u00fcretecektir.<\/p>\n\n\n\n<p>\u00c7a\u011f \u00dcniversitesi rekt\u00f6r Yard\u0131mc\u0131l\u0131\u011f\u0131 g\u00f6revine atanan Prof Dr Murat KO\u00c7 da; Derne\u011fin ziyaretinden \u00e7ok mutlu oldu\u011funu ve mesle\u011fin \u00e7ok k\u0131ymetli oldu\u011funa vurgu yaparak , \u0130\u015fletmelerin mutlaka profesyonel Y\u00f6netim Dan\u0131\u015fmanl\u0131\u011f\u0131 hizmetine ilgi g\u00f6stermesi gerekir.&nbsp;&nbsp;&nbsp;&nbsp;&nbsp;&nbsp;&nbsp;&nbsp;&nbsp;&nbsp;&nbsp;&nbsp;&nbsp; &nbsp;&nbsp;&nbsp;&nbsp;&nbsp;&nbsp;&nbsp;&nbsp;&nbsp;&nbsp;&nbsp;&nbsp;&nbsp;&nbsp;&nbsp;&nbsp;&nbsp;&nbsp;&nbsp;&nbsp;&nbsp;&nbsp;&nbsp;&nbsp;&nbsp;&nbsp;&nbsp;&nbsp;&nbsp;&nbsp;&nbsp;&nbsp;&nbsp;&nbsp;&nbsp;&nbsp;&nbsp;&nbsp;&nbsp;&nbsp;&nbsp;&nbsp;&nbsp;&nbsp;&nbsp;&nbsp;&nbsp;&nbsp;&nbsp;&nbsp;&nbsp;&nbsp;&nbsp;&nbsp;&nbsp;&nbsp;&nbsp;&nbsp;&nbsp;&nbsp;&nbsp;&nbsp;&nbsp;&nbsp;&nbsp;&nbsp;\u00d6zellikle farkl\u0131 disiplinlerde uzman olan meslekta\u015flar\u0131m\u0131n i\u015fletme \u00f6m\u00fcrlerinin uzamas\u0131na \u00f6nemli katk\u0131lar\u0131 olaca\u011f\u0131na inan\u0131yorum, &nbsp;dedi.<\/p>\n\n\n\n<ul class=\"wp-block-list\">\n<li>Toplant\u0131da \u201cMersin\u2019in Marka Kent olmas\u0131nda bir \u00fcniversiteler \u00a0\u015fehri olmas\u0131n\u0131n da \u00e7ok \u00f6nemli bir hususu oldu\u011fu ve bunun i\u00e7in 4 \u00dcniversitenin e\u015f g\u00fcd\u00fcml\u00fc \u00e7al\u0131\u015faca\u011f\u0131 projelerin \u00fcretilmesi gerekti\u011fi,<\/li>\n\n\n\n<li>S\u00fcrd\u00fcr\u00fclebilirlik ve ekoloji konusunda ortak \u00e7al\u0131\u015fmalar yap\u0131larak i\u015fletmelerin bilin\u00e7lendirilmesi gerekti\u011fi,<\/li>\n\n\n\n<li>\u00dcniversitelerle AYDD\u2019nin ortak \u00e7al\u0131\u015fma alanlar\u0131 olu\u015fturmas\u0131 ve y\u00f6netim dan\u0131\u015fmanl\u0131\u011f\u0131n\u0131n bir ders konusu olarak belirlenmesi,<\/li>\n\n\n\n<li>\u00d6\u011frenci topluluklar\u0131 ile ileti\u015fim kurularak mesle\u011fin tan\u0131t\u0131lmas\u0131 ,<\/li>\n\n\n\n<li>Farkl\u0131 uzmanl\u0131k alanlar\u0131ndan Y\u00f6netim Dan\u0131\u015fmanlar\u0131n\u0131n bir araya gelerek b\u00fcy\u00fck projelerde birlikte \u00e7al\u0131\u015fmalar\u0131 i\u00e7in iyi bir sinerji yarat\u0131ld\u0131 ,<\/li>\n\n\n\n<li>Mersin Kent Konseyi Ba\u015fkan\u0131n\u0131n da Dernek \u00dcyesi bir ki\u015fi olmas\u0131 nedeniyle bunun da bir avantaja \u00e7evrilerek \u00a0Sivil Toplum \u00d6rg\u00fctleri ile yap\u0131labilecek ortak \u00e7al\u0131\u015fmalar konu\u015fuldu<\/li>\n\n\n\n<li>Y\u00f6netim Dan\u0131\u015fmanl\u0131\u011f\u0131 mesle\u011finin firmalara olacak katk\u0131lar\u0131n\u0131n do\u011fru anlat\u0131lmas\u0131 i\u00e7in medyadan daha fazla yararlan\u0131lmas\u0131 hususu \u00fczerinde duruldu,<\/li>\n\n\n\n<li>Ve \u00f6zellikle gerek Ticaret Bakanl\u0131\u011f\u0131 gerekse TOBB \u2018nde yap\u0131lacak g\u00f6r\u00fc\u015fmeler ve lobi \u00e7al\u0131\u015fmas\u0131 kanal\u0131yla belirli \u00f6l\u00e7ekteki firmalarda Y\u00f6netim Dan\u0131\u015fman\u0131 \u00e7al\u0131\u015fmas\u0131 zorunlulu\u011funun getirilmesi i\u00e7in lobi \u00e7al\u0131\u015fmalar\u0131 yap\u0131lmas\u0131 kararla\u015ft\u0131r\u0131ld\u0131.<\/li>\n<\/ul>\n","protected":false},"excerpt":{"rendered":"<p>Anadoludaki Y\u00f6netim dan\u0131\u015fmanlar\u0131n\u0131 bir \u00e7at\u0131 alt\u0131nda toplayarak, hem Aile Anayasas\u0131 yaz\u0131lmas\u0131 hem de&nbsp; \u015firketlerin kurumsalla\u015fmas\u0131 i\u00e7in 7 y\u0131ldan beridir yo\u011fun bir \u00e7al\u0131\u015fma y\u00fcr\u00fcten ANADOLU Y\u00f6netim Dan\u0131\u015fmanlar\u0131 Derne\u011fi Y\u00f6netim Kurulu Ba\u015fkan\u0131 Ferudun G\u00dcND\u00dcZ ,Geni\u015fletilmi\u015f Y\u00f6netim Kurulu \u00dcyeleri ile birlikte \u00c7a\u011f \u00dcniversitesinde Rekt\u00f6r Yard\u0131mc\u0131l\u0131\u011f\u0131 g\u00f6revine atanan ve ayn\u0131 zamanda Dernek \u00dcyesi de olan Prof Dr Murat KO\u00c7\u2019u [&hellip;]<\/p>\n","protected":false},"author":2,"featured_media":35128,"comment_status":"closed","ping_status":"closed","sticky":false,"template":"","format":"standard","meta":{"footnotes":""},"categories":[2,3],"tags":[],"class_list":["post-35127","post","type-post","status-publish","format-standard","has-post-thumbnail","hentry","category-gundem","category-manset"],"views":9,"_links":{"self":[{"href":"https:\/\/mersinkadingazetesi.com\/index.php?rest_route=\/wp\/v2\/posts\/35127"}],"collection":[{"href":"https:\/\/mersinkadingazetesi.com\/index.php?rest_route=\/wp\/v2\/posts"}],"about":[{"href":"https:\/\/mersinkadingazetesi.com\/index.php?rest_route=\/wp\/v2\/types\/post"}],"author":[{"embeddable":true,"href":"https:\/\/mersinkadingazetesi.com\/index.php?rest_route=\/wp\/v2\/users\/2"}],"replies":[{"embeddable":true,"href":"https:\/\/mersinkadingazetesi.com\/index.php?rest_route=%2Fwp%2Fv2%2Fcomments&post=35127"}],"version-history":[{"count":1,"href":"https:\/\/mersinkadingazetesi.com\/index.php?rest_route=\/wp\/v2\/posts\/35127\/revisions"}],"predecessor-version":[{"id":35129,"href":"https:\/\/mersinkadingazetesi.com\/index.php?rest_route=\/wp\/v2\/posts\/35127\/revisions\/35129"}],"wp:featuredmedia":[{"embeddable":true,"href":"https:\/\/mersinkadingazetesi.com\/index.php?rest_route=\/wp\/v2\/media\/35128"}],"wp:attachment":[{"href":"https:\/\/mersinkadingazetesi.com\/index.php?rest_route=%2Fwp%2Fv2%2Fmedia&parent=35127"}],"wp:term":[{"taxonomy":"category","embeddable":true,"href":"https:\/\/mersinkadingazetesi.com\/index.php?rest_route=%2Fwp%2Fv2%2Fcategories&post=35127"},{"taxonomy":"post_tag","embeddable":true,"href":"https:\/\/mersinkadingazetesi.com\/index.php?rest_route=%2Fwp%2Fv2%2Ftags&post=35127"}],"curies":[{"name":"wp","href":"https:\/\/api.w.org\/{rel}","templated":true}]}}