{"id":35130,"date":"2024-09-11T12:56:09","date_gmt":"2024-09-11T09:56:09","guid":{"rendered":"https:\/\/mersinkadingazetesi.com\/?p=35130"},"modified":"2024-09-11T12:56:10","modified_gmt":"2024-09-11T09:56:10","slug":"groseriden-yaza-veda-indirimleri-sicak-gunlere-coskulu-bir-elveda","status":"publish","type":"post","link":"https:\/\/mersinkadingazetesi.com\/?p=35130","title":{"rendered":"\u201cGroseri\u2019den Yaza Veda \u0130ndirimleri: S\u0131cak G\u00fcnlere Co\u015fkulu Bir Elveda!\u201d"},"content":{"rendered":"\n<p>Yaz\u0131n son g\u00fcnlerine b\u00fcy\u00fck bir final! Groseri, 13-14-15 Eyl\u00fcl tarihlerinde ger\u00e7ekle\u015ftirece\u011fi <strong>\u201cYaza Veda\u201d<\/strong> kampanyas\u0131 ile al\u0131\u015fveri\u015fin keyfini art\u0131r\u0131yor. Yaz sezonunu muhte\u015fem f\u0131rsatlarla kapatmak isteyenleri \u00f6zel indirimler ve s\u00fcrprizlerle bekliyor!<\/p>\n\n\n\n<p><strong>Kampanyan\u0131n Ayr\u0131cal\u0131klar\u0131:<\/strong><\/p>\n\n\n\n<ul class=\"wp-block-list\">\n<li><strong>1 Alana 1 Bedava:<\/strong> Se\u00e7ili \u00fcr\u00fcnlerde b\u00fcy\u00fck f\u0131rsat! Hem ihtiyac\u0131n\u0131z\u0131 kar\u015f\u0131lay\u0131n hem de 1 \u00fcr\u00fcn\u00fc \u00fccretsiz al\u0131n.<\/li>\n\n\n\n<li><strong>G\u00fcnl\u00fck S\u00fcrpriz \u0130ndirimler:<\/strong> Her g\u00fcn yeni s\u00fcrpriz fiyatlarla al\u0131\u015fveri\u015f yapma \u015fans\u0131.<\/li>\n\n\n\n<li><strong>En \u0130yi Fiyatlar:<\/strong> \u015eimdiye kadar g\u00f6rd\u00fc\u011f\u00fcn\u00fcz en avantajl\u0131 fiyatlar bu kampanyada!<\/li>\n\n\n\n<li><strong>\u00d6zel Promosyonlar:<\/strong> Se\u00e7ili \u00fcr\u00fcnlerde ka\u00e7\u0131r\u0131lmayacak promosyonlar ve f\u0131rsatlar.<\/li>\n\n\n\n<li><strong>Geni\u015f \u00dcr\u00fcn Yelpazesi:<\/strong> Et, sebze, bakliyat ve deterjan gibi geni\u015f bir \u00fcr\u00fcn yelpazesinde b\u00fcy\u00fck indirimler.<\/li>\n<\/ul>\n\n\n\n<p><strong>Kampanyadan Nas\u0131l Yararlanabilirsiniz?<\/strong><\/p>\n\n\n\n<p>Groseri ma\u011fazalar\u0131ndaki bu e\u015fsiz f\u0131rsatlar\u0131 ka\u00e7\u0131rmamak i\u00e7in hemen al\u0131\u015fveri\u015f yap\u0131n veya <a href=\"http:\/\/groseri.com.tr\">groseri.com.tr<\/a> adresinden online al\u0131\u015fveri\u015finizi tamamlay\u0131n.<\/p>\n\n\n\n<p>Bu yaz\u0131 b\u00fcy\u00fck tasarruflarla sonland\u0131rmak ve al\u0131\u015fveri\u015fin tad\u0131n\u0131 \u00e7\u0131karmak i\u00e7in Groseri\u2019nin \u201cYaza Veda\u201d kampanyas\u0131n\u0131 ka\u00e7\u0131rmay\u0131n!<\/p>\n","protected":false},"excerpt":{"rendered":"<p>Yaz\u0131n son g\u00fcnlerine b\u00fcy\u00fck bir final! Groseri, 13-14-15 Eyl\u00fcl tarihlerinde ger\u00e7ekle\u015ftirece\u011fi \u201cYaza Veda\u201d kampanyas\u0131 ile al\u0131\u015fveri\u015fin keyfini art\u0131r\u0131yor. Yaz sezonunu muhte\u015fem f\u0131rsatlarla kapatmak isteyenleri \u00f6zel indirimler ve s\u00fcrprizlerle bekliyor! Kampanyan\u0131n Ayr\u0131cal\u0131klar\u0131: Kampanyadan Nas\u0131l Yararlanabilirsiniz? Groseri ma\u011fazalar\u0131ndaki bu e\u015fsiz f\u0131rsatlar\u0131 ka\u00e7\u0131rmamak i\u00e7in hemen al\u0131\u015fveri\u015f yap\u0131n veya groseri.com.tr adresinden online al\u0131\u015fveri\u015finizi tamamlay\u0131n. Bu yaz\u0131 b\u00fcy\u00fck tasarruflarla sonland\u0131rmak [&hellip;]<\/p>\n","protected":false},"author":2,"featured_media":35131,"comment_status":"closed","ping_status":"closed","sticky":false,"template":"","format":"standard","meta":{"footnotes":""},"categories":[3],"tags":[],"class_list":["post-35130","post","type-post","status-publish","format-standard","has-post-thumbnail","hentry","category-manset"],"views":12,"_links":{"self":[{"href":"https:\/\/mersinkadingazetesi.com\/index.php?rest_route=\/wp\/v2\/posts\/35130"}],"collection":[{"href":"https:\/\/mersinkadingazetesi.com\/index.php?rest_route=\/wp\/v2\/posts"}],"about":[{"href":"https:\/\/mersinkadingazetesi.com\/index.php?rest_route=\/wp\/v2\/types\/post"}],"author":[{"embeddable":true,"href":"https:\/\/mersinkadingazetesi.com\/index.php?rest_route=\/wp\/v2\/users\/2"}],"replies":[{"embeddable":true,"href":"https:\/\/mersinkadingazetesi.com\/index.php?rest_route=%2Fwp%2Fv2%2Fcomments&post=35130"}],"version-history":[{"count":1,"href":"https:\/\/mersinkadingazetesi.com\/index.php?rest_route=\/wp\/v2\/posts\/35130\/revisions"}],"predecessor-version":[{"id":35132,"href":"https:\/\/mersinkadingazetesi.com\/index.php?rest_route=\/wp\/v2\/posts\/35130\/revisions\/35132"}],"wp:featuredmedia":[{"embeddable":true,"href":"https:\/\/mersinkadingazetesi.com\/index.php?rest_route=\/wp\/v2\/media\/35131"}],"wp:attachment":[{"href":"https:\/\/mersinkadingazetesi.com\/index.php?rest_route=%2Fwp%2Fv2%2Fmedia&parent=35130"}],"wp:term":[{"taxonomy":"category","embeddable":true,"href":"https:\/\/mersinkadingazetesi.com\/index.php?rest_route=%2Fwp%2Fv2%2Fcategories&post=35130"},{"taxonomy":"post_tag","embeddable":true,"href":"https:\/\/mersinkadingazetesi.com\/index.php?rest_route=%2Fwp%2Fv2%2Ftags&post=35130"}],"curies":[{"name":"wp","href":"https:\/\/api.w.org\/{rel}","templated":true}]}}