{"id":35134,"date":"2024-09-12T12:13:16","date_gmt":"2024-09-12T09:13:16","guid":{"rendered":"https:\/\/mersinkadingazetesi.com\/?p=35134"},"modified":"2024-09-12T12:13:16","modified_gmt":"2024-09-12T09:13:16","slug":"mezitli-belediyesinden-universite-ogrencilerine-mujde-behiye-sifan-kadin-konukevi-on-kayitlari-basladi","status":"publish","type":"post","link":"https:\/\/mersinkadingazetesi.com\/?p=35134","title":{"rendered":"MEZ\u0130TL\u0130 BELED\u0130YES\u0130&#8217;NDEN \u00dcN\u0130VERS\u0130TE \u00d6\u011eRENC\u0130LER\u0130NE M\u00dcJDE: BEH\u0130YE \u015e\u0130FAN KADIN KONUKEV\u0130 \u00d6N KAYITLARI BA\u015eLADI!"},"content":{"rendered":"\n<p>T\u00fcrkiye&#8217;nin d\u00f6rt bir yan\u0131ndan Mersin&#8217;e \u00fcniversite okumak i\u00e7in gelen k\u0131z \u00f6\u011frenciler i\u00e7in b\u00fcy\u00fck destek Mezitli Belediyesi&#8217;nden geldi. Mezitli Belediyesi, Atat\u00fcrk Mahallesi \u00dcniversite Caddesi&#8217;nde yap\u0131m\u0131 tamamlanan Behiye \u015eifan Kad\u0131n Konukevi ile \u00f6\u011frencilerin bar\u0131nma ihtiyac\u0131n\u0131 kar\u015f\u0131lamaya haz\u0131rlan\u0131yor.K\u0131z\u00f6\u011frenciler i\u00e7in g\u00fcvenilir bir bar\u0131nma merkezi olacak olan konukevinin \u00f6n kay\u0131t ba\u015fvurular\u0131n\u0131n son tarihi 16 Eyl\u00fcl olarak belirlendi.<\/p>\n\n\n\n<p>Mezitli Belediye Ba\u015fkan\u0131 Ahmet Serkan Tuncer, e\u011fitime verdi\u011fi destek ve \u00e7ocuklara olan \u00f6nceli\u011fi do\u011frultusunda, Behiye \u015eifan Kad\u0131n Konukevi&#8217;nin 2024-2025 akademik y\u0131l\u0131na haz\u0131r oldu\u011funu m\u00fcjdeledi. Konukevinin \u00f6n kay\u0131t ba\u015fvurular\u0131 ba\u015flad\u0131.<\/p>\n\n\n\n<p><strong>\u00d6N KAYIT BA\u015eVURULARI11 EYL\u00dcL- 16 EYL\u00dcL TAR\u0130HLER\u0130 ARASINDA<\/strong><\/p>\n\n\n\n<p>\u00d6n ba\u015fvurular 11 Eyl\u00fcl ile 16 Eyl\u00fcl tarihleri aras\u0131nda Belediye hizmet binas\u0131 evrak kay\u0131t biriminden yap\u0131labilecek. Ba\u015fvurular tamamland\u0131ktan sonra gerekli incelemeler yap\u0131lacak ve konukevine ba\u015fvurusu uygun g\u00f6r\u00fclen \u00f6\u011frencilere ula\u015f\u0131lacak.<\/p>\n\n\n\n<p>Yurt ba\u015fvurusu i\u00e7in istenen belgeler aras\u0131nda kimlik fotokopisi, m\u00fcracaat dilek\u00e7esi, y\u00fcksek \u00f6\u011frenim kurumu \u00f6\u011frenci kay\u0131t belgesi, adli sicil kayd\u0131, aile durumu bildirimi, aile gelir tespit belgesi, ikametgah belgesi ve 1 adet foto\u011fraf bulunmaktad\u0131r. Ba\u015fvurular, bu belgeler ile birlikte Belediye hizmet binas\u0131 evrak kay\u0131t birimine teslim edilecektir.<\/p>\n\n\n\n<p><strong>&#8220;\u00d6\u011eRENC\u0130LER\u0130M\u0130Z\u0130N YANINDAYIZ&#8221;<\/strong><\/p>\n\n\n\n<p>Ba\u015fkan Tuncer, &#8220;Mersin d\u0131\u015f\u0131ndan \u00fcniversite okumak i\u00e7in gelen k\u0131z \u00f6\u011frencilerimizin bar\u0131nma ihtiyac\u0131n\u0131 bir nebze olsun \u00e7\u00f6zebilmenin bizim nazar\u0131m\u0131zdaki de\u011feri paha bi\u00e7ilemezdir. Anadolu&#8217;nun d\u00f6rt bir yan\u0131ndan gelen karde\u015flerimiz, sadece ailelerinin de\u011fil, ayn\u0131 zamanda Cumhuriyetin bize emanetidir&#8221; dedi.<\/p>\n","protected":false},"excerpt":{"rendered":"<p>T\u00fcrkiye&#8217;nin d\u00f6rt bir yan\u0131ndan Mersin&#8217;e \u00fcniversite okumak i\u00e7in gelen k\u0131z \u00f6\u011frenciler i\u00e7in b\u00fcy\u00fck destek Mezitli Belediyesi&#8217;nden geldi. Mezitli Belediyesi, Atat\u00fcrk Mahallesi \u00dcniversite Caddesi&#8217;nde yap\u0131m\u0131 tamamlanan Behiye \u015eifan Kad\u0131n Konukevi ile \u00f6\u011frencilerin bar\u0131nma ihtiyac\u0131n\u0131 kar\u015f\u0131lamaya haz\u0131rlan\u0131yor.K\u0131z\u00f6\u011frenciler i\u00e7in g\u00fcvenilir bir bar\u0131nma merkezi olacak olan konukevinin \u00f6n kay\u0131t ba\u015fvurular\u0131n\u0131n son tarihi 16 Eyl\u00fcl olarak belirlendi. Mezitli Belediye Ba\u015fkan\u0131 [&hellip;]<\/p>\n","protected":false},"author":2,"featured_media":35135,"comment_status":"closed","ping_status":"closed","sticky":false,"template":"","format":"standard","meta":{"footnotes":""},"categories":[3],"tags":[],"class_list":["post-35134","post","type-post","status-publish","format-standard","has-post-thumbnail","hentry","category-manset"],"views":2,"_links":{"self":[{"href":"https:\/\/mersinkadingazetesi.com\/index.php?rest_route=\/wp\/v2\/posts\/35134"}],"collection":[{"href":"https:\/\/mersinkadingazetesi.com\/index.php?rest_route=\/wp\/v2\/posts"}],"about":[{"href":"https:\/\/mersinkadingazetesi.com\/index.php?rest_route=\/wp\/v2\/types\/post"}],"author":[{"embeddable":true,"href":"https:\/\/mersinkadingazetesi.com\/index.php?rest_route=\/wp\/v2\/users\/2"}],"replies":[{"embeddable":true,"href":"https:\/\/mersinkadingazetesi.com\/index.php?rest_route=%2Fwp%2Fv2%2Fcomments&post=35134"}],"version-history":[{"count":1,"href":"https:\/\/mersinkadingazetesi.com\/index.php?rest_route=\/wp\/v2\/posts\/35134\/revisions"}],"predecessor-version":[{"id":35136,"href":"https:\/\/mersinkadingazetesi.com\/index.php?rest_route=\/wp\/v2\/posts\/35134\/revisions\/35136"}],"wp:featuredmedia":[{"embeddable":true,"href":"https:\/\/mersinkadingazetesi.com\/index.php?rest_route=\/wp\/v2\/media\/35135"}],"wp:attachment":[{"href":"https:\/\/mersinkadingazetesi.com\/index.php?rest_route=%2Fwp%2Fv2%2Fmedia&parent=35134"}],"wp:term":[{"taxonomy":"category","embeddable":true,"href":"https:\/\/mersinkadingazetesi.com\/index.php?rest_route=%2Fwp%2Fv2%2Fcategories&post=35134"},{"taxonomy":"post_tag","embeddable":true,"href":"https:\/\/mersinkadingazetesi.com\/index.php?rest_route=%2Fwp%2Fv2%2Ftags&post=35134"}],"curies":[{"name":"wp","href":"https:\/\/api.w.org\/{rel}","templated":true}]}}