{"id":35137,"date":"2024-09-12T12:15:42","date_gmt":"2024-09-12T09:15:42","guid":{"rendered":"https:\/\/mersinkadingazetesi.com\/?p=35137"},"modified":"2024-09-12T12:15:42","modified_gmt":"2024-09-12T09:15:42","slug":"secerden-birlikte-calisma-vurgusu","status":"publish","type":"post","link":"https:\/\/mersinkadingazetesi.com\/?p=35137","title":{"rendered":"SE\u00c7ER&#8217;DEN B\u0130RL\u0130KTE \u00c7ALI\u015eMA VURGUSU"},"content":{"rendered":"\n<p>Mersin B\u00fcy\u00fck\u015fehir Belediye Ba\u015fkan\u0131 Vahap Se\u00e7er, Mersin Ticaret ve Sanayi Odas\u0131 (MTSO) ev sahipli\u011finde d\u00fczenlenen&nbsp;<strong>&#8216;\u0130\u015f D\u00fcnyas\u0131 Temsilcileri Bulu\u015fmas\u0131&#8217;<\/strong>nda odalar, dernek ve ilgili STK&#8217;lar\u0131n temsilcileri ile bir araya geldi.<\/p>\n\n\n\n<p><strong>Se\u00e7er, \u00f6nemli de\u011ferlendirmelerde bulundu<\/strong><\/p>\n\n\n\n<p>Ba\u015fkan Se\u00e7er, MTSO&#8217;nun davetlisi olarak, i\u015f d\u00fcnyas\u0131 ile ilgili Mersin&#8217;deki sivil toplum kurulu\u015flar\u0131n\u0131n, odalar\u0131n, derneklerin ve i\u015f d\u00fcnyas\u0131n\u0131n temsilcileriyle; Mersin B\u00fcy\u00fck\u015fehir&#8217;in icraatlar\u0131, devam eden ve gelecek projeleri, kentsel sorunlar, yerel y\u00f6netimle ilgili i\u015f d\u00fcnyas\u0131n\u0131 ilgilendiren sorunlar ve \u00e7\u00f6z\u00fcm \u00f6nerilerini konu\u015fup, payla\u015ft\u0131. Ba\u015fkan Se\u00e7er, 5 y\u0131l\u0131n de\u011ferlendirmesini yaparken, yeni d\u00f6nem makro projeler, Merkezi H\u00fck\u00fcmet&#8217;ten beklenen Mersin yat\u0131r\u0131mlar\u0131 hakk\u0131nda konu\u015ftu.<\/p>\n\n\n\n<p>MTSO&#8217;ya d\u00fczenledi\u011fi toplant\u0131 dolay\u0131s\u0131yla te\u015fekk\u00fcr eden Ba\u015fkan Se\u00e7er, Mersin&#8217;de bir lobi olu\u015fturulamad\u0131\u011f\u0131 y\u00f6n\u00fcnde serzeni\u015fleri aktararak,&nbsp;<strong>&#8220;Biz de;&nbsp;<em>&#8216;zarar\u0131n neresinden d\u00f6nersek kard\u0131r, bu i\u015fe ba\u015flamak gerekiyor&#8217;<\/em>&nbsp;dedik. En az\u0131ndan b\u00f6yle bir toplant\u0131yla bunu ba\u015flatal\u0131m dedik&#8221;<\/strong>&nbsp;dedi. Daha \u00f6nce \u00e7ok kez bir araya geldiklerini ancak toplant\u0131daki teman\u0131n ana konusunun Mersin&#8217;in g\u00fc\u00e7l\u00fc bir lobi olu\u015fturmas\u0131 oldu\u011funu s\u00f6zlerine ekleyen Ba\u015fkan Se\u00e7er,&nbsp;<strong>&#8220;Ana temam\u0131z ve konumuz Mersin&#8217;in g\u00fc\u00e7l\u00fc bir lobisi olmas\u0131 fark\u0131ndal\u0131\u011f\u0131 ve bunu nas\u0131l yapaca\u011f\u0131m\u0131z\u0131n tart\u0131\u015f\u0131ld\u0131\u011f\u0131 bir toplant\u0131 olmal\u0131. Buraya gelirken de \u00e7\u0131k\u0131\u015f noktam; belediyem-belediyemin i\u00e7inde bulundu\u011fu durum, belediyem-merkezi h\u00fck\u00fcmet-b\u00fcrokrasi ili\u015fkileri; bunun e\u011fer ki zaman\u0131nda yap\u0131lmazsa kente kaybettirdikleri ya da merkezi h\u00fck\u00fcmetin Mersin \u00fczerindeki tasarruflar\u0131, buna y\u00f6nelik \u00e7al\u0131\u015fmalar\u0131, ortaya \u00e7\u0131kan eksiklerin, gecikmelerin, zafiyetlerin Mersin&#8217;e nelere mal olaca\u011f\u0131n\u0131 konu\u015fmak&#8221;&nbsp;<\/strong>diye konu\u015ftu.<\/p>\n\n\n\n<p>Se\u00e7er, ge\u00e7ti\u011fimiz 5 y\u0131lda Mersin&#8217;e hizmet etmekten b\u00fcy\u00fck bir onur ve mutluluk duydu\u011funu s\u00f6zlerine ekleyerek,&nbsp;<strong>&#8220;G\u00f6reve geldi\u011fimiz ilk g\u00fcnden bu yana, t\u00fcm olumsuzluklara ra\u011fmen Mersin&#8217;i T\u00fcrkiye&#8217;de parlayan bir kent haline getirmek, bunun i\u00e7in emek harcamak, verdi\u011fimiz s\u00f6zler konusunda bu kente mahcup olmamak ve bu kentin insanlar\u0131na bir kez daha Vahap Se\u00e7er&#8217;e g\u00f6n\u00fcl rahatl\u0131\u011f\u0131yla oy verdirmi\u015f olmaktan dolay\u0131 da mutluyum&#8221;<\/strong>&nbsp;diye belirtti.<\/p>\n\n\n\n<p><strong>&#8220;Kapsay\u0131c\u0131 dil ve y\u00f6netim anlay\u0131\u015f\u0131yla, g\u00fcven ve ho\u015fg\u00f6r\u00fc ortam\u0131 yaratma gayreti i\u00e7erisinde olduk&#8221;<\/strong>&nbsp;&nbsp;&nbsp;Y\u00f6netim s\u00fcresi boyunca kent akt\u00f6rlerine verdikleri desteklerden dolay\u0131 da te\u015fekk\u00fcrlerini ileten Ba\u015fkan Se\u00e7er, 5 y\u0131ll\u0131k g\u00f6rev s\u00fcresini de\u011ferlendirerek,&nbsp;<strong>&#8220;Bazen insanlar;&nbsp;<em>&#8216;Y\u00fczde 60 oyu nas\u0131l ald\u0131n\u0131z?&#8217;<\/em>&nbsp;diye soruyor. Asl\u0131nda bu y\u00fczde 60 oyun alt\u0131nda yatan anlay\u0131\u015f\u0131 tekrar hat\u0131rlatmak istiyorum; kat\u0131l\u0131mc\u0131 demokrasi ile y\u00f6netim anlay\u0131\u015f\u0131. Defalarca STK&#8217;lar, odalar, dernekler, farkl\u0131 kurumlar ve kurulu\u015flarla her zaman diyalogdan yana oldum. Ayr\u0131m yapmadan, eksik olan hizmetleri her noktaya ula\u015ft\u0131rd\u0131k. Asla &#8216;<em>falanca yerle\u015fim yeri bize uzak mesafede, bize oy vermedi, bizim partimizden de\u011fil<\/em>&#8216; gibi bir anlay\u0131\u015f\u0131 belediyemizin kap\u0131s\u0131ndan i\u00e7eriye sokmad\u0131k. Her kesimi kapsay\u0131c\u0131 dil ve y\u00f6netim anlay\u0131\u015f\u0131yla Mersin&#8217;de karde\u015flik, huzur, g\u00fcven ve ho\u015fg\u00f6r\u00fc ortam\u0131 yaratma gayreti i\u00e7erisinde olduk&#8221;&nbsp;<\/strong>dedi.<\/p>\n\n\n\n<p><strong>&#8220;Mersin B\u00fcy\u00fck\u015fehir Belediyesi yaparsa en iyisini yapar&#8221;<\/strong><\/p>\n\n\n\n<p>Mersin&#8217;de karde\u015flik, huzur, g\u00fcven ve ho\u015fg\u00f6r\u00fc ortam\u0131 yaratmak i\u00e7in \u00e7al\u0131\u015ft\u0131klar\u0131n\u0131 vurgulayan Se\u00e7er,&nbsp;<strong>&#8220;Belediyecilikte iki \u00f6nemli konu vard\u0131r. Bir; mali disiplin ve sa\u011fl\u0131kl\u0131 bir finans. \u0130ki; liyakatli, birikimli, i\u015finin ehli, ahlakl\u0131 bir insan kayna\u011f\u0131 yaratman\u0131z gerekiyor&#8221;&nbsp;<\/strong>diyerek, ba\u015far\u0131l\u0131 bir Belediye Ba\u015fkan\u0131 olman\u0131n form\u00fcl\u00fc oldu\u011funu belirtti. Yapt\u0131klar\u0131 her i\u015fte kaliteyi \u00f6ncelediklerini s\u00f6yleyen Se\u00e7er,<strong>&nbsp;&#8220;Mersin B\u00fcy\u00fck\u015fehir Belediyesi yaparsa en iyisini yapar&#8221;<\/strong>&nbsp;slogan\u0131yla hareket ettiklerinin alt\u0131n\u0131 \u00e7izdi. Dijitalle\u015fmeye ve teknolojiye y\u00f6nelik b\u00fcy\u00fck yat\u0131r\u0131mlar yapt\u0131klar\u0131n\u0131 kaydeden Se\u00e7er,&nbsp;<strong>&#8220;Bunlar bize y\u00f6netimde b\u00fcy\u00fck bir kolayl\u0131k, ba\u015far\u0131 ve inan\u0131lmaz bir tasarruf sa\u011flad\u0131. Modern kent anlay\u0131\u015f\u0131n\u0131 \u00f6nceleyen altyap\u0131 ve \u00fcst yap\u0131 yat\u0131r\u0131mlar\u0131na a\u011f\u0131rl\u0131k verdik, vermeye de devam edece\u011fiz. Yapt\u0131\u011f\u0131m\u0131z altyap\u0131, \u00fcstyap\u0131 yat\u0131r\u0131mlar\u0131n\u0131n da kente sa\u011flad\u0131\u011f\u0131 ola\u011fan\u00fcst\u00fc rahatl\u0131klar bunlar\u0131n ispat\u0131d\u0131r&#8221;<\/strong>&nbsp;ifadelerine yer verdi.<\/p>\n\n\n\n<p><strong>&#8220;Sosyal politikalarda Mersin B\u00fcy\u00fck\u015fehir Belediyesi T\u00fcrkiye&#8217;de en \u00fcst s\u0131ralarda&#8221;<\/strong><\/p>\n\n\n\n<p>Mersin gibi sosyo-ekonomik yap\u0131daki bir kentte en \u00f6nemli yat\u0131r\u0131mlar\u0131n sosyal politikalar alan\u0131nda olmas\u0131 gerekti\u011fini ve bu alanda b\u00fcy\u00fck \u00e7al\u0131\u015fmalar yapt\u0131klar\u0131n\u0131 s\u00f6yleyen Se\u00e7er,&nbsp;<strong>&#8220;Sosyal politikalar konusunda Mersin B\u00fcy\u00fck\u015fehir Belediyesi T\u00fcrkiye&#8217;de en \u00fcst s\u0131ralarda, hatta ilk diyebilece\u011fimiz hizmetlerin alt\u0131na imza atm\u0131\u015ft\u0131r. 2014&#8217;ten bu yana Mersin B\u00fcy\u00fck\u015fehir Belediyesi&#8217;nin g\u00f6rev ve sorumluluk alan\u0131na giren yeni il\u00e7elerimiz oldu. Periferideki il\u00e7elerimiz bug\u00fcne kadar \u00e7\u00f6z\u00fclmemi\u015f ya da \u00e7\u00f6z\u00fclememi\u015f b\u00fct\u00fcn sorunlar\u0131na cesurca el att\u0131k&#8221;&nbsp;<\/strong>dedi. Anamur&#8217;dan Tarsus&#8217;a kadar her noktaya e\u015fit hizmet g\u00f6t\u00fcrd\u00fcklerini vurgulayan Se\u00e7er,<strong>&nbsp;&#8220;Her noktaya, b\u00f6lgeye, sosyo-k\u00fclt\u00fcrel yap\u0131ya &#8216;E\u015fit yurtta\u015f&#8217; prensibiyle hizmeti kendimize d\u00fcstur edindik. Asla il\u00e7eler aras\u0131nda hizmet kalitesinde bir fark\u0131 ortaya \u00e7\u0131karacak bir yanl\u0131\u015f\u0131n i\u00e7erisinde olmad\u0131k&#8221;<\/strong>&nbsp;diyerek, kentin her noktas\u0131na ayn\u0131 kalitede hizmet g\u00f6t\u00fcrd\u00fcklerini vurgulad\u0131.<\/p>\n\n\n\n<p><strong>Ba\u015fkan Se\u00e7er&#8217;den Metro Projesi&#8217;ne ili\u015fkin yeni a\u00e7\u0131klamalar<\/strong><\/p>\n\n\n\n<p>Sosyal politikalara verdikleri \u00f6nemin yan\u0131 s\u0131ra altyap\u0131 ve \u00fcstyap\u0131 yat\u0131r\u0131mlar\u0131 i\u00e7in de gece-g\u00fcnd\u00fcz \u00e7al\u0131\u015ft\u0131klar\u0131n\u0131 vurgulayan Se\u00e7er, Metro Projesi&#8217;ne dair yeni a\u00e7\u0131klamalarda bulundu. Proje detaylar\u0131n\u0131 kat\u0131l\u0131mc\u0131lara aktaran Se\u00e7er, projeyi geni\u015flettiklerini ve rayl\u0131 sistem projesinde kapasitelerini 45 kilometreye \u00e7\u0131karacaklar\u0131n\u0131 kaydetti. Projelerin Cumhurba\u015fkanl\u0131\u011f\u0131 Strateji ve B\u00fct\u00e7e Ba\u015fkanl\u0131\u011f\u0131&#8217;nda Yat\u0131r\u0131m Program\u0131&#8217;na al\u0131nmas\u0131n\u0131 bekledi\u011fini belirten Se\u00e7er,&nbsp;<strong>&#8220;Metro&#8217;ya finansman bulmakta zorlan\u0131yoruz ama bu projeleri Yat\u0131r\u0131m Program\u0131&#8217;na ald\u0131r\u0131rsak, biz finans kurumlar\u0131na de\u011fil, onlar bize gelecek. EBRD&#8217;si AFD&#8217;si hepsi hafif rayl\u0131 sistemlere daha s\u0131cak bak\u0131yor&#8221;<\/strong>&nbsp;ifadelerine yer verdi.<\/p>\n\n\n\n<p>Se\u00e7er, Akdeniz ve Toroslar aras\u0131 g\u00fczerg\u00e2h i\u00e7in hemen \u00e7al\u0131\u015fmalara ba\u015flamak istediklerini s\u00f6yleyerek,&nbsp;<strong>&#8220;Cumhurba\u015fkanl\u0131\u011f\u0131 Yat\u0131r\u0131m Program\u0131&#8217;na al\u0131nd\u0131\u011f\u0131 takdirde biz bunu krediyle \u00e7ok rahat yapabiliriz. Bir taraftan \u00e7al\u0131\u015fmalar\u0131n\u0131 ba\u015flatt\u0131\u011f\u0131m\u0131z yeralt\u0131 metrosunu devam ettirdi\u011fimiz gibi di\u011fer taraftan da hafif rayl\u0131 sistemleri hayata ge\u00e7irece\u011fiz&#8221;&nbsp;<\/strong>diyerek, hafif rayl\u0131 sistem projesine ili\u015fkin finansal kaynak aray\u0131\u015f\u0131nda olduklar\u0131n\u0131 ve Bakanl\u0131k&#8217;tan onay gelince h\u0131zla yap\u0131m\u0131na ba\u015flayacaklar\u0131n\u0131 s\u00f6yledi.&nbsp;Sosyal Konut Projesi&#8217;ne 2025 y\u0131l\u0131nda ba\u015flamay\u0131 hedeflediklerini ve ilk etapta Tarsus ve Toroslar il\u00e7elerinde iki noktada il\u00e7e belediyeleri ile projeyi ortak y\u00fcr\u00fcteceklerini belirten Se\u00e7er, M\u00fctf\u00fc Deresi Ya\u015fam Vadisi Projesi&#8217;nde de imar \u00e7al\u0131\u015fmalar\u0131n\u0131n bitti\u011fini ve s\u00f6z konusu projenin de etaplar halinde hayata ge\u00e7irilecek \u00e7ok g\u00fczel bir \u00e7al\u0131\u015fma oldu\u011funu kaydetti.<\/p>\n\n\n\n<p><strong>Tar\u0131msal destekler h\u0131z kesmeden devam edecek<\/strong><\/p>\n\n\n\n<p>B\u00fcy\u00fck\u015fehir olarak ilk 5 y\u0131lda oldu\u011fu gibi yeni d\u00f6nem de tar\u0131ma \u00f6nem vereceklerini dile getiren Se\u00e7er, Tar\u0131msal \u0130novasyon Merkezi&#8217;nin \u00f6nemli bir yat\u0131r\u0131m olaca\u011f\u0131n\u0131 kaydederek, tar\u0131msal GES&#8217;lere destek vereceklerini a\u00e7\u0131klad\u0131. Tar\u0131m\u0131n her alan\u0131nda yapm\u0131\u015f olduklar\u0131 destekleri s\u0131ralayan Se\u00e7er,&nbsp;<strong>&#8220;K\u00f6y\u00fcm\u00fcz At\u00f6lye Projesi kapsam\u0131nda da her b\u00f6lgenin kendine matuf \u00fcr\u00fcnlerinin hem co\u011frafi i\u015faretinin al\u0131nmas\u0131 hem ulusal hem uluslararas\u0131 pazara ta\u015f\u0131nmas\u0131, bir marka haline gelmesi i\u00e7in \u00e7al\u0131\u015fmalar\u0131m\u0131z devam ediyor&#8221;&nbsp;<\/strong>diye konu\u015ftu.<\/p>\n\n\n\n<p><strong>&#8220;Yeni bir A\u015fevi ve Ekmek Fabrikas\u0131n\u0131 hayata ge\u00e7iriyoruz&#8221;<\/strong><\/p>\n\n\n\n<p>Sosyal belediyecilik anlay\u0131\u015f\u0131 ile \u00e7al\u0131\u015fmalar\u0131n h\u0131z kesmeden devam edece\u011fini vurgulayan Se\u00e7er,&nbsp;<strong>&#8220;Yeni bir ekmek fabrikas\u0131 in\u015fas\u0131 yap\u0131yoruz. Burada amac\u0131m\u0131z f\u0131r\u0131nc\u0131lar\u0131n i\u015fine engel olmak de\u011fil. Hayat\u0131n pahal\u0131 oldu\u011fu bu d\u00f6nemde ekmek bizim halk\u0131m\u0131z i\u00e7in \u00f6nemli. Ni\u015f \u00fcr\u00fcnleri de \u00fcreten, asl\u0131nda bir anlamda ticari olarak da \u00fcretim yaparken, di\u011fer taraftan da sosyal politikalar kapsam\u0131nda \u00fcretim yapan modern bir ekmek fabrikas\u0131n\u0131 hayata ge\u00e7iriyoruz. \u00c7al\u0131\u015fmalar\u0131n\u0131 Toroslar b\u00f6lgesinde ba\u015flatt\u0131k. Yan\u0131na da yeni bir A\u015fevi yapaca\u011f\u0131z&#8221;&nbsp;<\/strong>dedi.<\/p>\n\n\n\n<p><strong>&#8220;E\u011fitim alan\u0131nda tasarruf yapmay\u0131 d\u00fc\u015f\u00fcnm\u00fcyoruz&#8221;<\/strong><\/p>\n\n\n\n<p>B\u00fcy\u00fck\u015fehir Belediyesi olarak e\u011fitimi olduk\u00e7a \u00f6nemsediklerinin alt\u0131n\u0131 \u00e7izen Se\u00e7er, \u015fimdiye kadar 12 adet \u00c7ocuk Geli\u015fim Merkezi yapt\u0131klar\u0131n\u0131, Toroslar&#8217;da yap\u0131m\u0131 devam eden bir merkezin daha oldu\u011funu, Mezitli&#8217;de ise \u00c7ocuk Kamp\u00fcs\u00fc&#8217;n\u00fcn bitmek \u00fczere oldu\u011funu ifade etti. E\u011fitim ve \u00d6\u011fretimi Destekleme Kurs Merkezlerine bu y\u0131l 7 bin 500 \u00f6\u011frencinin kay\u0131tl\u0131 oldu\u011funu s\u00f6yleyen Se\u00e7er,&nbsp;<strong><em>&#8216;Bunlarda tasarruf yapmay\u0131 d\u00fc\u015f\u00fcnm\u00fcyoruz&#8217;<\/em><\/strong>&nbsp;diyerek \u00f6zellikle sosyo- ekonomik seviyesi d\u00fc\u015f\u00fck b\u00f6lgelerde bu hizmetlerin devam edece\u011fini vurgulad\u0131. B\u00fcy\u00fck\u015fehir Belediyesi&#8217;nin sa\u011fl\u0131k alan\u0131nda a\u00e7m\u0131\u015f oldu\u011fu merkezlere de\u011finen Se\u00e7er,&nbsp;<strong>&#8220;0-72 ay aras\u0131 bebekler i\u00e7in ilk tan\u0131n\u0131n konuldu\u011fu yeni bir Otizm Merkezi a\u00e7t\u0131k ve T\u00fcrkiye&#8217;de bir ilk. Bir de Alzheimer Merkezi a\u00e7t\u0131k. Mola Evleri, Engelsiz Ya\u015fam Merkezi gibi merkezlerin de her b\u00f6lgede \u00e7al\u0131\u015fmalar\u0131n\u0131 yapaca\u011f\u0131z&#8221;<\/strong>&nbsp;ifadelerine yer verdi.<\/p>\n\n\n\n<p><strong>&#8220;\u015eehir merkezinde 4.9 hektarl\u0131k bir alanda kent yenileme \u00e7al\u0131\u015fmalar\u0131 yap\u0131yoruz&#8221;<\/strong><\/p>\n\n\n\n<p>\u015eehir merkezini ilgilendiren 4.9 hektarl\u0131k bir alanda kent yenileme \u00e7al\u0131\u015fmalar\u0131 yapt\u0131klar\u0131ndan bahseden Se\u00e7er, K\u0131rm\u0131z\u0131-Lacivert ve \u00d6zel \u0130dare \u0130\u015fhan\u0131&#8217;n\u0131n y\u0131k\u0131m \u00e7al\u0131\u015fmalar\u0131n\u0131n ba\u015flad\u0131\u011f\u0131n\u0131, Zafer \u00c7ar\u015f\u0131s\u0131 ile ilgili hukuki s\u00fcrecin devam etti\u011fini vurgulad\u0131. Belediyelerin ticari anlay\u0131\u015f g\u00fctmemesi gerekti\u011finin alt\u0131n\u0131 \u00e7izen Se\u00e7er,&nbsp;<strong>&#8220;Belediyeler, gayrimenkul ticareti yapan i\u015fletmeler ya da kurumlar de\u011fildir. Biz kamu kurumuyuz. Bizim i\u00e7in esas olan; sizlere yol, altyap\u0131 yapmak, sosyal destek vermek, k\u00fclt\u00fcrel projeler yapmakt\u0131r. Buras\u0131 bir metropol ve b\u00fcy\u00fck\u015fehir. \u015eehrin merkezini yenilememiz laz\u0131m&#8221;&nbsp;<\/strong>dedi. Bu s\u00fcre\u00e7te esnaf\u0131n ma\u011fdur olmamas\u0131 i\u00e7in yer tahsisinde destek istediklerini de hat\u0131rlatan Se\u00e7er,<strong>&nbsp;&#8220;Buralar\u0131 yenilerken;&nbsp;<em>&#8216;Hazine bana tahsiste bulunsun yer yapay\u0131m&#8217;<\/em>&nbsp;dedim. Bak\u0131n biz Adliye&#8217;ye 10 d\u00f6n\u00fcme yak\u0131n yer tahsis ettik. \u00c7\u00fcnk\u00fc ihtiyac\u0131 vard\u0131. Bir kamu kurumu olarak ayn\u0131 anlay\u0131\u015f\u0131 ve yakla\u015f\u0131m\u0131 g\u00f6rmek isterdik. \u015eu anda y\u0131k\u0131m ba\u015flad\u0131. Kararl\u0131y\u0131z, oras\u0131 Kent Meydan\u0131 olacak&#8221;<\/strong>&nbsp;ifadelerini kulland\u0131.<\/p>\n\n\n\n<p><strong>&#8220;Anamur&#8217;dan Tarsus&#8217;a kadar her il\u00e7eyi ilgilendiren bir\u00e7ok projemiz var&#8221;<\/strong><\/p>\n\n\n\n<p>Mezitli, Erdemli-T\u00f6m\u00fck, Akdeniz Toroslar-Homurlu ve Kazanl\u0131 mahallelerinde yap\u0131lacak altyap\u0131 \u00e7al\u0131\u015fmalar\u0131n\u0131n detaylar\u0131n\u0131 payla\u015fan Se\u00e7er, Silifke, Bozyaz\u0131, Tarsus gibi kentin bir\u00e7ok il\u00e7esinde farkl\u0131 noktalarda yap\u0131lacak altyap\u0131 \u00e7al\u0131\u015fma projelerinin; Cumhurba\u015fkanl\u0131\u011f\u0131&#8217;nda d\u0131\u015f finans kullan\u0131m izni bekledi\u011fini bir k\u0131sm\u0131n\u0131n da Cumhurba\u015fkan\u0131&#8217;n\u0131n strateji b\u00fct\u00e7e ba\u015fkanl\u0131\u011f\u0131nda bekledi\u011fini s\u00f6yledi. Ba\u015fkan Se\u00e7er,&nbsp;<strong>&#8220;Nas\u0131l ki rayl\u0131 sistemlerde Cumhurba\u015fkanl\u0131\u011f\u0131 Strateji ve B\u00fct\u00e7e Ba\u015fkanl\u0131\u011f\u0131&#8217;nda bekleyen, yat\u0131r\u0131m program\u0131na al\u0131nmas\u0131 gereken projeler varsa, MESK\u0130 yat\u0131r\u0131mlar\u0131nda da Anamur&#8217;dan Tarsus&#8217;a kadar bir\u00e7ok projemiz var. Bunlar\u0131n toplam tutar\u0131 161 milyon 300 bin avro. B\u00fct\u00fcn bunlar\u0131n projeleri yap\u0131lm\u0131\u015f, paras\u0131 temin edilmi\u015f, finans kurumuyla y\u0131llard\u0131r konu\u015fulmu\u015f, projede revizyonlar istenmi\u015f, yap\u0131lm\u0131\u015f, eksikler tamamlanm\u0131\u015f. Her \u015fey haz\u0131r. MESK\u0130 kimseden para istemiyor. Hazine garantisi istemiyor. Sadece;&nbsp;<em>&#8216;bunlar\u0131 yat\u0131r\u0131m program\u0131na alal\u0131m. Biz bir an \u00f6nce ba\u015flayal\u0131m&#8217;<\/em>&nbsp;diyor. Zaten T\u00fcrkiye&#8217;nin taze paraya ve d\u00f6vize ihtiyac\u0131 var. Bu paralar yurtd\u0131\u015f\u0131ndan gelecek. Biz bunlar\u0131 uzun vadeli, uygun finansman maliyetli bulduk. Hi\u00e7 merak etmeyin \u00f6yle bizim fahi\u015f fiyata kulland\u0131\u011f\u0131m\u0131z g\u00f6r\u00fclmemi\u015ftir, paras\u0131z kald\u0131k yine tefeci faiziyle para kullanmad\u0131k. Onun i\u00e7in mali disiplini sa\u011flad\u0131k&#8221;<\/strong>&nbsp;diye belirtti.<\/p>\n\n\n\n<p>Yap\u0131lmay\u0131 bekleyen projeler bikunan kredilerin kullan\u0131labilmesi i\u00e7in siyaset \u00fcst\u00fc bir yakla\u015f\u0131m sergilenmesi gerekti\u011fini vurgulayan Se\u00e7er, \u015funlar\u0131 s\u00f6yledi:<\/p>\n\n\n\n<p><strong>&#8220;Burada farkl\u0131 siyasi partilerden arkada\u015flar\u0131m\u0131z var. Bunun partisi yok. Bu krediler ka\u00e7t\u0131\u011f\u0131, kullan\u0131lmad\u0131\u011f\u0131 ve s\u0131k\u0131nt\u0131 oldu\u011fu zaman Mersin kaybeder. B\u00fct\u00fcn bu projeler 320 kilometrelik sahil \u015feridinin, denizin daha temiz olmas\u0131 i\u00e7in. \u00c7evre b\u00fcy\u00fck bir tehdit alt\u0131nda. S\u00fcrekli yat\u0131r\u0131m yapmak zorunday\u0131z. Bu yat\u0131r\u0131mlar sizin \u00f6dedi\u011finiz su faturalar\u0131 bedelleriyle olmaz. Mevcut gelirimizle cari giderlerimizi zor kar\u015f\u0131l\u0131yoruz. Maliyetler alm\u0131\u015f ba\u015f\u0131n\u0131 gitmi\u015f. MESK\u0130&#8217;nin yat\u0131r\u0131mlar\u0131 hangi belediyeye giderseniz gidin ya hibe olacak ya \u00e7ok uygun \u015fartlarda siz kredi bulacaks\u0131n\u0131z. Uluslararas\u0131 Kalk\u0131nma Bankalar\u0131 da \u00e7evre hassasiyeti olan projelere ucuz kredi veriyor.&#8221;<\/strong><\/p>\n\n\n\n<p><strong>&#8220;Yat\u0131r\u0131mlar\u0131n gelmesi noktas\u0131nda kent bile\u015fenlerinin \u00f6nemi y\u00fcksek&#8221;<\/strong><\/p>\n\n\n\n<p>Merkezi y\u00f6netimin ger\u00e7ekle\u015ftirece\u011fi yat\u0131r\u0131mlar\u0131n gelmesi noktas\u0131nda kent bile\u015fenlerini olu\u015fturan i\u015f d\u00fcnyas\u0131 ve siyasilerin \u00f6nemine dikkat \u00e7eken Se\u00e7er,&nbsp;<strong>&#8220;Milletvekillerimizin ve b\u00fcrokrasimizin gayreti son derece \u00f6nemli. A\u00e7\u0131kl\u0131kla ifade edeyim; ben g\u00f6reve geldi\u011fim g\u00fcnden bu yana 2 valiyle \u00e7al\u0131\u015ft\u0131m. Hem \u00f6nceki valimiz hem \u015fimdiki valimizin bizim merkezi h\u00fck\u00fcmet yat\u0131r\u0131mlar\u0131na kulak asmad\u0131\u011f\u0131 ya da&nbsp;<em>&#8216;Olursa olur, olmazsa olmaz&#8217;<\/em>&nbsp;dedi\u011fini duymad\u0131m. Aksine hepsi ger\u00e7ekten bir an \u00f6nce bu yat\u0131r\u0131mlar\u0131n yap\u0131lmas\u0131 konusunda elinden gelen gayreti g\u00f6stermi\u015ftir. Ama onlar bir siyasi erk de\u011fil, b\u00fcrokrat. Bug\u00fcn burada g\u00f6revini yap\u0131yor, yar\u0131n bir ba\u015fka yere gidiyor. Hepsi gayret i\u00e7erisinde. Burada kent bile\u015fenleri olarak sizler ve siyasiler \u00f6nemli&#8221;<\/strong>&nbsp;ifadelerini kulland\u0131.<\/p>\n\n\n\n<p><strong>&#8220;\u0130lk 5 y\u0131l iyi diyalog sayesinde kent huzurlu hale geldi&#8221;<\/strong><\/p>\n\n\n\n<p>G\u00f6revde bulundu\u011fu ilk 5 y\u0131l i\u00e7erisinde sivil toplum \u00f6rg\u00fctleri ile s\u00fcrd\u00fcrd\u00fc\u011f\u00fc iyi diyalog sayesinde kentin \u015fu an bulundu\u011fu noktaya geldi\u011fini s\u00f6yleyen Se\u00e7er,&nbsp;<strong>&#8220;\u00c7\u00fcnk\u00fc siz kentin kanaat \u00f6nderisiniz. \u0130lk 5 y\u0131l sizlerle kurdu\u011fumuz iyi diyalog sayesinde kent huzurlu hale geldi. Sizin y\u00f6netim kurulu \u00fcyeleriniz i\u00e7erisinde her partiden isimler var.&nbsp;<em>&#8216;O benden, o benden de\u011fil&#8217;<\/em>&nbsp;olmaz. Gelin hepimiz \u00fczerimize d\u00fc\u015feni yapal\u0131m&#8221;<\/strong>&nbsp;dedi.<\/p>\n\n\n\n<p><strong>&#8220;Bu birlikteli\u011fi her \u015fehir sa\u011flayam\u0131yor&#8221;<\/strong><\/p>\n\n\n\n<p>Ba\u015fkanl\u0131\u011f\u0131n\u0131n ikinci d\u00f6neminde kent dinamikleri ile daha s\u0131k bir araya gelmek istedi\u011fini dile getiren Se\u00e7er,&nbsp;<strong>&#8220;Benim kap\u0131m her zaman, herkese a\u00e7\u0131k oldu. Bizde her sivil toplum \u00f6rg\u00fct\u00fc randevularda \u00f6nceliklidir. Bunun daha da tahkim edilerek devam ettirilmesini isterim. Benden ziyade bu talebin sizden gelmesini isterim. Tam kadro buraday\u0131z. Bu b\u00fcy\u00fck bir mutluluk. Bu birlikteli\u011fi her \u015fehir sa\u011flayam\u0131yor. Bu bizim i\u00e7in bir onur tablosu&#8221;&nbsp;<\/strong>dedi ve bu birlikteli\u011fin s\u00fcrmesini temenni etti.<\/p>\n\n\n\n<p><strong>&#8220;\u0130mar olmazsa hi\u00e7bir \u015fey olmuyor&#8221;<\/strong><\/p>\n\n\n\n<p>Konu\u015fmas\u0131n\u0131n devam\u0131nda imar planlar\u0131 hakk\u0131nda bilgi veren Se\u00e7er \u015funlar\u0131 s\u00f6yledi:<\/p>\n\n\n\n<p><strong>&#8220;\u0130mar olmazsa hi\u00e7bir \u015fey olmuyor. Biz 20-25 y\u0131ld\u0131r kangrene d\u00f6nen imar sorununu bitirdik. Hi\u00e7bir tart\u0131\u015fma da \u00e7\u0131kmad\u0131. Her \u015fey de Meclis&#8217;te tart\u0131\u015f\u0131ld\u0131, herkes vicdan\u0131n\u0131n oyunu kulland\u0131. Ho\u015fuma gitmeyen kararlar\u0131 dava ettim. Bir tanesi bitti, Anamur&#8217;un planlar\u0131 bozuldu. \u00c7\u00fcnk\u00fc yanl\u0131\u015f ve haks\u0131z yo\u011funluk vermi\u015fler. Ama bak\u0131n Yeni\u015fehir, Mezitli bitti, Toroslar&#8217;da 1 etap kald\u0131. Akdeniz&#8217;de biz 1\/5000&#8217;li\u011fin kendimize d\u00fc\u015fen b\u00f6l\u00fcm\u00fcn\u00fc bitirdik. 1\/1000&#8217;likler \u00e7al\u0131\u015f\u0131l\u0131yor, biz de katk\u0131 sunuyoruz. Silifke&#8217;nin Ta\u015fucu k\u0131sm\u0131n\u0131, h\u0131zl\u0131 geli\u015fen b\u00f6l\u00fcm\u00fcn\u00fc yapt\u0131k. Anamur&#8217;un yapt\u0131k. Bir\u00e7ok b\u00f6lgeleri bitirdik. Bu 5 y\u0131ll\u0131k s\u00fcrede de kalan b\u00f6lgeleri yapaca\u011f\u0131z. \u00d6zellikle yaylal\u0131k b\u00f6lgelerde \u00e7ok b\u00fcy\u00fck sorunlar var. Onlar\u0131 ger\u00e7ekle\u015ftirece\u011fiz.&#8221;<\/strong><\/p>\n\n\n\n<p>Pamukluk Baraj\u0131 projesinin ge\u00e7mi\u015finden bahsederek, \u015fu anki durumu konusunda kat\u0131l\u0131mc\u0131lar\u0131 bilgilendiren Se\u00e7er,&nbsp;<strong>&#8220;Buradaki projenin toplam maliyeti yakla\u015f\u0131k 200 milyon Avro. Bu 7 milyar lira civar\u0131nda bir yat\u0131r\u0131m demektir. 2016 y\u0131l\u0131nda benden \u00f6nceki y\u00f6netimle DS\u0130 bir protokol yap\u0131yor. MESK\u0130&#8217;ye;&nbsp;<em>&#8216;Bu 200 milyon Avroluk yat\u0131r\u0131m\u0131 ben yapaca\u011f\u0131m, bunu sana devredece\u011fim, seni bor\u00e7land\u0131raca\u011f\u0131m&#8217;<\/em>&nbsp;diyor. Bunlar daha \u00f6nce de yap\u0131lm\u0131\u015f. Sonu\u00e7 itibariyle;&nbsp;<em>&#8216;isale hatt\u0131n\u0131 biz yapal\u0131m ar\u0131tmay\u0131 siz yap\u0131n&#8217;<\/em>&nbsp;dediler. Yakla\u015f\u0131k 100&#8217;er milyon Avro. \u0130hale ettiler, ba\u015flad\u0131lar. 2024 \u00f6denekleri \u00e7ok d\u00fc\u015f\u00fck, 100 milyon lira civar\u0131. Yani o da 3 milyon Avro yap\u0131yor. DS\u0130&#8217;nin 2025&#8217;e \u00e7ok ciddi bir \u00f6denek koymas\u0131 laz\u0131m. Yoksa y\u00fcr\u00fcmez&#8221;&nbsp;<\/strong>dedi.<\/p>\n\n\n\n<p>Se\u00e7er, projenin kendi y\u00fcr\u00fctt\u00fckleri kanad\u0131nda IBRD taraf\u0131ndan verilecek yakla\u015f\u0131k 50 milyon Avroluk krediyle ilgili s\u00fcre\u00e7leri de payla\u015farak, kredi verilece\u011fini ve geri \u00f6demeyeceklerini belirtti. Se\u00e7er,&nbsp;<strong>&#8220;Bakanl\u0131kla yaz\u0131\u015ft\u0131lar Bakanl\u0131k onaylad\u0131. Bu tesisin yap\u0131lmas\u0131 gerekiyor. Bu paran\u0131n al\u0131nmas\u0131 gerekiyor. Ben giri\u015fimlerde bulundum, \u0130ller Bankas\u0131 so\u011fuk bak\u0131yor,&nbsp;<em>&#8216;Biz sizi afet b\u00f6lgesi ilan ettiremeyiz&#8217;<\/em>&nbsp;diyor. Bu bizim i\u00e7in \u015fimdi bir a\u00e7maz. Ba\u015fka bir form\u00fcl aray\u0131\u015f\u0131 i\u00e7erisindeyiz. Umar\u0131m ona da bir \u00e7\u00f6z\u00fcm bulaca\u011f\u0131z&#8221;<\/strong>&nbsp;diye konu\u015ftu.<\/p>\n\n\n\n<p><strong>B\u00fcy\u00fck\u015fehir afetlere haz\u0131rl\u0131kl\u0131, yurtta\u015f\u0131 da haz\u0131rlayacak<\/strong><\/p>\n\n\n\n<p>Afet \u0130\u015fleri Dairesi Ba\u015fkanl\u0131\u011f\u0131&#8217;n\u0131 kurduklar\u0131n\u0131 s\u00f6yleyen Se\u00e7er, ilgili dairenin Kentsel D\u00f6n\u00fc\u015f\u00fcm, Afet Sak\u0131n\u0131m Eylem Plan\u0131, Paleosismoloji \u00c7al\u0131\u015fmalar\u0131, Deprem \u00c7al\u0131\u015ftay\u0131 ve Dan\u0131\u015fma Kurulu \u00e7\u0131kt\u0131lar\u0131n\u0131 kapsayan \u00e7al\u0131\u015fmalar yapt\u0131\u011f\u0131ndan ve bunlar\u0131 2 ay i\u00e7inde de kamuoyuyla payla\u015facaklar\u0131ndan s\u00f6z etti. Se\u00e7er,&nbsp;<strong>&nbsp;&#8220;Mersin bir afet b\u00f6lgesi; tsunamisinden n\u00fckleer s\u0131z\u0131nt\u0131ya, kimyasal s\u0131z\u0131nt\u0131dan akaryak\u0131t patlama tehlikesine, sel bask\u0131nlar\u0131na, orman yang\u0131nlar\u0131na kadar bir afet b\u00f6lgesi&#8221;&nbsp;<\/strong>dedi. Kentte ya\u015fanabilecek afetlere ili\u015fkin&nbsp;<strong><em>&#8216;Afet Kamp\u00fcs\u00fc&#8217;<\/em><\/strong>&nbsp;kurduklar\u0131n\u0131 vurgulayan Se\u00e7er,&nbsp;<strong>&#8220;Afet oldu\u011fu anda \u015fehrin tahliyesinden ilk m\u00fcdahalelere kadar, al\u0131nacak \u00f6nlemlerden malzemelere kadar ne yapaca\u011f\u0131n\u0131 kimse bilmiyor. Deprem oldu \u00e7ad\u0131r, su, ihtiya\u00e7 maddeleri s\u0131k\u0131nt\u0131s\u0131 oldu. Afet durumunda vatanda\u015f\u0131n nas\u0131l davranaca\u011f\u0131n\u0131 bilen sistematik e\u011fitimler yok. Ak\u0131ll\u0131 \u015fehir sistemi yok, teknolojik altyap\u0131 yat\u0131r\u0131mlar\u0131 yap\u0131lmam\u0131\u015f. \u0130\u015fte afet kamp\u00fcs\u00fcnde b\u00fct\u00fcn bunlar\u0131n oldu\u011fu, afet an\u0131nda oradan sevk ve idare edece\u011fimiz bir yap\u0131n\u0131n olmas\u0131 laz\u0131m&#8221;<\/strong>&nbsp;diyerek, konuya ili\u015fkin \u00e7al\u0131\u015fmalara h\u0131z verdiklerini s\u00f6yledi.<\/p>\n\n\n\n<p><strong>&#8220;Biz mali disiplini sa\u011flam\u0131\u015f iyi bir belediyeyiz&#8221;<\/strong><\/p>\n\n\n\n<p>G\u00f6reve geldiklerinde B\u00fcy\u00fck\u015fehir&#8217;in SGK ve vergi olmak \u00fczere yakla\u015f\u0131k 530 milyon dolar borcu bulundu\u011funu, kendi d\u00f6nemlerinde de bu bor\u00e7larda b\u00fcy\u00fck bir azalma ya\u015fand\u0131\u011f\u0131na dikkat \u00e7eken Se\u00e7er,&nbsp;<strong>&#8220;Benim belediyem geliri iyi olan bir belediyedir. G\u00f6reve geldi\u011fim g\u00fcnden bu yana emin olun paras\u0131zl\u0131k i\u00e7in bir g\u00fcn uykusuz kald\u0131\u011f\u0131m\u0131 hat\u0131rlam\u0131yorum. Biz mali dengemizi kurduk. Biz hayal satm\u0131yoruz. Bizim gelirimiz T\u00fcrkiye&#8217;de 5.-6. s\u0131radad\u0131r ve bunun de\u011ferini bilmek laz\u0131m. Hi\u00e7bir endi\u015feniz olmas\u0131n, programa ald\u0131\u011f\u0131m\u0131z her yol ve proje yap\u0131l\u0131r. Gelir b\u00fct\u00e7em y\u00fczde 99,5 ger\u00e7ekle\u015fmi\u015f, gider b\u00fct\u00e7em o kadar ger\u00e7ekle\u015fmi\u015f en d\u00fc\u015f\u00fck y\u00fczde 93 olmu\u015f. Gelirim belli, giderim belli. O y\u00fczden l\u00fctfen rahat olun biz yat\u0131r\u0131m program\u0131na alm\u0131\u015fsak bilin ki o yap\u0131lacakt\u0131r. \u00c7\u00fcnk\u00fc ona g\u00f6re kendimizi ayarlad\u0131k&#8221;&nbsp;<\/strong>ifadelerini kulland\u0131.<\/p>\n\n\n\n<p><strong>\u00c7ak\u0131r: &#8220;Kentimizi hak etti\u011fi de\u011fere ula\u015fmas\u0131 i\u00e7in el birli\u011fi ile \u00e7al\u0131\u015faca\u011f\u0131z&#8221;<\/strong><\/p>\n\n\n\n<p>MTSO Y\u00f6netim Kurulu Ba\u015fkan\u0131 Hakan Sefa \u00c7ak\u0131r, ekonomi ve i\u015f d\u00fcnyas\u0131n\u0131n yan\u0131 s\u0131ra s\u0131k s\u0131k sivil toplum \u00f6rg\u00fctleri ile de yak\u0131n bir ileti\u015fim kurma \u00e7abas\u0131 i\u00e7erisinde olduklar\u0131n\u0131 belirterek,&nbsp;<strong>&#8220;MTSO olarak kent dinamiklerini kent g\u00fcc\u00fcn\u00fcn bir par\u00e7as\u0131 olarak g\u00f6r\u00fcyoruz. Bu g\u00fcc\u00fcn \u00f6nemli bir par\u00e7as\u0131 da Mersin B\u00fcy\u00fck\u015fehir Belediye Ba\u015fkanl\u0131\u011f\u0131. Farkl\u0131 kesimlerin ortak sesi olarak da Ba\u015fkan\u0131m\u0131z Vahap Se\u00e7er&#8217;i konuk etmek istedik. Ba\u015fkan\u0131m\u0131z\u0131 ilk a\u011f\u0131zdan dinleyerek, projeleriyle ilgili bilgiler almak ve kentimiz i\u00e7in nas\u0131l bir katk\u0131 vermemiz gerekti\u011fini beraber isti\u015fare etmek istedik. Hepimiz kentimiz i\u00e7in var\u0131z. El birli\u011fiyle T\u00fcrkiye&#8217;nin incisi olan kentimizin hak etti\u011fi de\u011feri yerine getirmek u\u011fra\u015f\u0131 i\u00e7erisindeyiz&#8221;&nbsp;<\/strong>dedi.<\/p>\n\n\n\n<p><strong>\u0130zol: &#8220;Hepimiz, Mersin&#8217;in geli\u015fmesi i\u00e7in tek bir ama\u00e7 ta\u015f\u0131yoruz&#8221;<\/strong><\/p>\n\n\n\n<p>MTSO Meclis Ba\u015fkan\u0131 Hamit \u0130zol, Mersin&#8217;in gelece\u011fi i\u00e7in ortak paydada birle\u015fmenin \u00f6nemine vurgu yaparak,&nbsp;<strong>&#8220;Hepimizin d\u00fc\u015f\u00fcncesi ayn\u0131. Hepimiz ayn\u0131 duygular\u0131 ta\u015f\u0131yoruz. \u00d6nce Mersinimiz sonra \u00fclkemiz, bizler hep bir b\u00fct\u00fcn\u00fcz. Bu \u015fehirde ger\u00e7ekten \u00e7ok b\u00fcy\u00fck hizmetleri olan B\u00fcy\u00fck\u015fehir Belediye Ba\u015fkan\u0131m\u0131z Vahap Se\u00e7er ilk d\u00f6neminde \u00e7ok ba\u015far\u0131l\u0131yd\u0131. \u0130kinci d\u00f6neminde de bu ba\u015far\u0131y\u0131 yakalay\u0131p ge\u00e7mesi laz\u0131m. Bizler de bu s\u00fcre\u00e7te tabi ki Ba\u015fkan\u0131m\u0131z\u0131n ve il\u00e7e belediye ba\u015fkanlar\u0131m\u0131z\u0131n yan\u0131nda olaca\u011f\u0131z. Bizler hepimiz tek bir ama\u00e7 ta\u015f\u0131yoruz ve amac\u0131m\u0131z Mersin. Ne dili ne \u0131rk\u0131 ne de mezhebi ile kimse kimseyi \u00f6tekile\u015ftirmeden, hepimiz birlikte Mersin&#8217;iz&#8221;&nbsp;<\/strong>ifadelerini kulland\u0131.<\/p>\n\n\n\n<p><strong>STK temsilcilerinden Se\u00e7er&#8217;e tam not<\/strong><\/p>\n\n\n\n<p>Se\u00e7er&#8217;in konu\u015fmas\u0131n\u0131n ard\u0131ndan bulu\u015fmaya kat\u0131l\u0131m sa\u011flayan kurulu\u015flardan temsilciler tek tek s\u00f6z ald\u0131. Kat\u0131l\u0131mc\u0131lar, kent hakk\u0131ndaki sorular\u0131n\u0131 Ba\u015fkan Se\u00e7er&#8217;e y\u00f6nlendirirken; Mersin&#8217;e yapm\u0131\u015f oldu\u011fu hizmetler i\u00e7in de kendisine te\u015fekk\u00fcrlerini ilettiler. Temsilciler ayr\u0131ca, Se\u00e7er&#8217;den gelen STK&#8217;lar ile bir b\u00fct\u00fcn halinde hareket etme \u00e7a\u011fr\u0131s\u0131n\u0131n \u00e7ok anlaml\u0131 ve g\u00fczel oldu\u011fundan bahsederek, bu birlikteli\u011fin devam etmesi temennisinde bulundular. Temsilciler ayr\u0131ca Ba\u015fkan Se\u00e7er&#8217;e ba\u015far\u0131 dile\u011finde bulundular.<\/p>\n","protected":false},"excerpt":{"rendered":"<p>Mersin B\u00fcy\u00fck\u015fehir Belediye Ba\u015fkan\u0131 Vahap Se\u00e7er, Mersin Ticaret ve Sanayi Odas\u0131 (MTSO) ev sahipli\u011finde d\u00fczenlenen&nbsp;&#8216;\u0130\u015f D\u00fcnyas\u0131 Temsilcileri Bulu\u015fmas\u0131&#8217;nda odalar, dernek ve ilgili STK&#8217;lar\u0131n temsilcileri ile bir araya geldi. Se\u00e7er, \u00f6nemli de\u011ferlendirmelerde bulundu Ba\u015fkan Se\u00e7er, MTSO&#8217;nun davetlisi olarak, i\u015f d\u00fcnyas\u0131 ile ilgili Mersin&#8217;deki sivil toplum kurulu\u015flar\u0131n\u0131n, odalar\u0131n, derneklerin ve i\u015f d\u00fcnyas\u0131n\u0131n temsilcileriyle; Mersin B\u00fcy\u00fck\u015fehir&#8217;in icraatlar\u0131, devam [&hellip;]<\/p>\n","protected":false},"author":2,"featured_media":35138,"comment_status":"closed","ping_status":"closed","sticky":false,"template":"","format":"standard","meta":{"footnotes":""},"categories":[8,1,2,3],"tags":[],"class_list":["post-35137","post","type-post","status-publish","format-standard","has-post-thumbnail","hentry","category-ekonomi","category-genel","category-gundem","category-manset"],"views":11,"_links":{"self":[{"href":"https:\/\/mersinkadingazetesi.com\/index.php?rest_route=\/wp\/v2\/posts\/35137"}],"collection":[{"href":"https:\/\/mersinkadingazetesi.com\/index.php?rest_route=\/wp\/v2\/posts"}],"about":[{"href":"https:\/\/mersinkadingazetesi.com\/index.php?rest_route=\/wp\/v2\/types\/post"}],"author":[{"embeddable":true,"href":"https:\/\/mersinkadingazetesi.com\/index.php?rest_route=\/wp\/v2\/users\/2"}],"replies":[{"embeddable":true,"href":"https:\/\/mersinkadingazetesi.com\/index.php?rest_route=%2Fwp%2Fv2%2Fcomments&post=35137"}],"version-history":[{"count":1,"href":"https:\/\/mersinkadingazetesi.com\/index.php?rest_route=\/wp\/v2\/posts\/35137\/revisions"}],"predecessor-version":[{"id":35139,"href":"https:\/\/mersinkadingazetesi.com\/index.php?rest_route=\/wp\/v2\/posts\/35137\/revisions\/35139"}],"wp:featuredmedia":[{"embeddable":true,"href":"https:\/\/mersinkadingazetesi.com\/index.php?rest_route=\/wp\/v2\/media\/35138"}],"wp:attachment":[{"href":"https:\/\/mersinkadingazetesi.com\/index.php?rest_route=%2Fwp%2Fv2%2Fmedia&parent=35137"}],"wp:term":[{"taxonomy":"category","embeddable":true,"href":"https:\/\/mersinkadingazetesi.com\/index.php?rest_route=%2Fwp%2Fv2%2Fcategories&post=35137"},{"taxonomy":"post_tag","embeddable":true,"href":"https:\/\/mersinkadingazetesi.com\/index.php?rest_route=%2Fwp%2Fv2%2Ftags&post=35137"}],"curies":[{"name":"wp","href":"https:\/\/api.w.org\/{rel}","templated":true}]}}