{"id":35140,"date":"2024-09-12T12:17:13","date_gmt":"2024-09-12T09:17:13","guid":{"rendered":"https:\/\/mersinkadingazetesi.com\/?p=35140"},"modified":"2024-09-12T12:17:14","modified_gmt":"2024-09-12T09:17:14","slug":"buyuksehir-ozel-gereksinimli-cocuklarin-yuzlerini-guldurmeyi-surduruyor","status":"publish","type":"post","link":"https:\/\/mersinkadingazetesi.com\/?p=35140","title":{"rendered":"B\u00dcY\u00dcK\u015eEH\u0130R, \u00d6ZEL GEREKS\u0130N\u0130ML\u0130 \u00c7OCUKLARIN Y\u00dcZLER\u0130N\u0130 G\u00dcLD\u00dcRMEY\u0130 S\u00dcRD\u00dcR\u00dcYOR"},"content":{"rendered":"\n<p>Mersin B\u00fcy\u00fck\u015fehir Belediyesi&#8217;nin 7&#8217;den 70&#8217;e kentteki t\u00fcm yurtta\u015flar i\u00e7in hayata ge\u00e7irdi\u011fi projeler, y\u00fczleri g\u00fcld\u00fcrmeye devam ediyor. Mersin&#8217;deki her bireyin memnuniyeti i\u00e7in titizlikle \u00e7al\u0131\u015fan B\u00fcy\u00fck\u015fehir, \u00f6zel gereksinimli bireyler i\u00e7in hayata ge\u00e7irdi\u011fi hizmetleri s\u00fcrd\u00fcr\u00fcyor. B\u00fcy\u00fck\u015fehir&#8217;in \u00f6zel gereksinimli \u00e7ocuklar ve ailelerinin y\u00fcz\u00fcn\u00fc g\u00fcld\u00fcrd\u00fc\u011f\u00fc hizmetlerinden sadece bir tanesi olan&nbsp;<strong>&#8216;Sportif Beceri ve Koordinasyon E\u011fitimi&#8217;<\/strong>&nbsp;ile her hafta \u00e7ocuklar\u0131n sporla i\u00e7 i\u00e7e yeti\u015fmesi ama\u00e7lan\u0131yor.<\/p>\n\n\n\n<p>Sa\u011fl\u0131k \u0130\u015fleri Dairesi Ba\u015fkanl\u0131\u011f\u0131 Engelliler \u015eube M\u00fcd\u00fcrl\u00fc\u011f\u00fc b\u00fcnyesinde hizmet veren Engelsiz Ya\u015fam Merkezi&#8217;nde yer alan&nbsp;<strong>&#8216;Sportif Beceri ve Koordinasyon E\u011fitimi Salonu&#8217;<\/strong>nda, 6 ay boyunca 7-12 ya\u015f aras\u0131ndaki \u00f6zel gereksinimli \u00e7ocuklara uzman e\u011fitmen e\u015fli\u011finde e\u011fitim veriliyor. Sportif beceri ve koordinasyon e\u011fitimi alan \u00e7ocuklar hem sporla i\u00e7 i\u00e7e b\u00fcy\u00fcyor, hem de \u00f6zg\u00fcvenleri artarak sosyal hayata daha iyi uyum sa\u011fl\u0131yor. \u00c7ocuklar\u0131ndaki geli\u015fimi g\u00f6ren ailelerin de y\u00fczlerinden g\u00fcl\u00fcmseme eksilmiyor.<\/p>\n\n\n\n<p><strong>Y\u0131lmaz: &#8220;7-12 ya\u015f aras\u0131 \u00f6zel gereksinim isteyen bireylere hizmet veriyoruz&#8221;<\/strong><\/p>\n\n\n\n<p>Engelsiz Ya\u015fam Merkezi&#8217;nde Sportif Beceri ve Koordinasyon E\u011fitim Salonu&#8217;ndan Sorumlu Beden E\u011fitimi \u00d6\u011fretmeni Fatma Nur Y\u0131lmaz, e\u011fitim kapsam\u0131nda 7-12 ya\u015f aras\u0131 Otizmli veya Down Sendromlu \u00f6zel gereksinim isteyen bireylere hizmet verdiklerini aktard\u0131. E\u011fitimlerin ba\u015fvuru esas\u0131na dayal\u0131 oldu\u011funu belirten Y\u0131lmaz,&nbsp;<strong>&#8220;\u00c7ocuklar ve aileler beraber gelerek m\u00fcracaatta bulunuyorlar. Sa\u011fl\u0131k Kurulu raporu, kimlik fotokopisi, bir adet vesikal\u0131k foto\u011frafla beraber kurumumuza gelip talepte bulunduktan sonra, \u00e7ocuk de\u011ferlendirmeye al\u0131n\u0131yor. \u00c7ocuk, m\u00fcsait e\u011fitim program\u0131na uygun bir \u015fekilde yerle\u015ftiriliyor. Haftada bir g\u00fcn e\u011fitim veriyoruz ve 6 ay boyunca kurumumuzdan hizmet alabiliyorlar&#8221;<\/strong>&nbsp;dedi.<\/p>\n\n\n\n<p><strong>&#8220;Aileler memnun olurken, \u00e7ocuklardaki geli\u015fmeleri g\u00f6rd\u00fc\u011f\u00fcm\u00fcz i\u00e7in bizler de mutlu oluyoruz&#8221;<\/strong><\/p>\n\n\n\n<p>6 ayda bir \u00f6\u011frencilerin de\u011fi\u015fti\u011fini s\u00f6yleyen Y\u0131lmaz, hizmetin \u00fccretsiz olmas\u0131ndan dolay\u0131 ailelerin \u00e7ok fazla talepte bulundu\u011funu s\u00f6yledi. Ailelerin de, \u00e7ocuklar\u0131n da \u00e7ok mutlu oldu\u011funu vurgulayan Y\u0131lmaz,&nbsp;<strong>&#8220;Geli\u015fim g\u00f6steren \u00f6\u011frencilerimiz var. Davran\u0131\u015f problemi olan, dikkat ve odaklanma sorunu ya\u015fayan, temel spor becerisi yetersiz olan \u00e7ocuklar buraya ba\u015fvurdu\u011funda, 6 ay sonunda o geli\u015fimi g\u00f6zle g\u00f6r\u00fcl\u00fcr derecede fark edebiliyoruz&#8221;<\/strong>&nbsp;diye konu\u015ftu.<\/p>\n\n\n\n<p>E\u011fitimin i\u00e7eri\u011finden de s\u00f6z eden Y\u0131lmaz,&nbsp;<strong>&#8220;\u00d6ncelikle \u0131s\u0131nma al\u0131\u015ft\u0131rmalar\u0131 ve \u00e7ocu\u011fun ihtiyac\u0131 do\u011frultusunda egzersize ba\u015fl\u0131yoruz. Dikkat \u00e7al\u0131\u015fmalar\u0131, el-g\u00f6z koordinasyonu, hedef odakl\u0131 \u00e7al\u0131\u015fmalar, davran\u0131\u015f problemi varsa davran\u0131\u015f\u0131n\u0131 s\u00f6nd\u00fcrmeye y\u00f6nelik \u00e7al\u0131\u015fmalar yap\u0131l\u0131yor. Bu 6 ayl\u0131k s\u00fcre\u00e7te g\u00f6zle g\u00f6r\u00fcl\u00fcr derecede bir de\u011fi\u015fiklik oluyor. Aileler memnun olurken, \u00e7ocuklardaki geli\u015fmeleri g\u00f6rd\u00fc\u011f\u00fcm\u00fcz i\u00e7in bizler de mutlu oluyoruz&#8221;<\/strong>&nbsp;diyerek, hizmetten faydalanmak isteyen herkesin Engelsiz Ya\u015fam Merkezi&#8217;ne gelerek veya Teksin \u00fczerinden ba\u015fvuruda bulunabileceklerini aktard\u0131.<\/p>\n","protected":false},"excerpt":{"rendered":"<p>Mersin B\u00fcy\u00fck\u015fehir Belediyesi&#8217;nin 7&#8217;den 70&#8217;e kentteki t\u00fcm yurtta\u015flar i\u00e7in hayata ge\u00e7irdi\u011fi projeler, y\u00fczleri g\u00fcld\u00fcrmeye devam ediyor. Mersin&#8217;deki her bireyin memnuniyeti i\u00e7in titizlikle \u00e7al\u0131\u015fan B\u00fcy\u00fck\u015fehir, \u00f6zel gereksinimli bireyler i\u00e7in hayata ge\u00e7irdi\u011fi hizmetleri s\u00fcrd\u00fcr\u00fcyor. B\u00fcy\u00fck\u015fehir&#8217;in \u00f6zel gereksinimli \u00e7ocuklar ve ailelerinin y\u00fcz\u00fcn\u00fc g\u00fcld\u00fcrd\u00fc\u011f\u00fc hizmetlerinden sadece bir tanesi olan&nbsp;&#8216;Sportif Beceri ve Koordinasyon E\u011fitimi&#8217;&nbsp;ile her hafta \u00e7ocuklar\u0131n sporla i\u00e7 i\u00e7e [&hellip;]<\/p>\n","protected":false},"author":2,"featured_media":35141,"comment_status":"closed","ping_status":"closed","sticky":false,"template":"","format":"standard","meta":{"footnotes":""},"categories":[3,9,10],"tags":[],"class_list":["post-35140","post","type-post","status-publish","format-standard","has-post-thumbnail","hentry","category-manset","category-saglik","category-spor"],"views":5,"_links":{"self":[{"href":"https:\/\/mersinkadingazetesi.com\/index.php?rest_route=\/wp\/v2\/posts\/35140"}],"collection":[{"href":"https:\/\/mersinkadingazetesi.com\/index.php?rest_route=\/wp\/v2\/posts"}],"about":[{"href":"https:\/\/mersinkadingazetesi.com\/index.php?rest_route=\/wp\/v2\/types\/post"}],"author":[{"embeddable":true,"href":"https:\/\/mersinkadingazetesi.com\/index.php?rest_route=\/wp\/v2\/users\/2"}],"replies":[{"embeddable":true,"href":"https:\/\/mersinkadingazetesi.com\/index.php?rest_route=%2Fwp%2Fv2%2Fcomments&post=35140"}],"version-history":[{"count":1,"href":"https:\/\/mersinkadingazetesi.com\/index.php?rest_route=\/wp\/v2\/posts\/35140\/revisions"}],"predecessor-version":[{"id":35142,"href":"https:\/\/mersinkadingazetesi.com\/index.php?rest_route=\/wp\/v2\/posts\/35140\/revisions\/35142"}],"wp:featuredmedia":[{"embeddable":true,"href":"https:\/\/mersinkadingazetesi.com\/index.php?rest_route=\/wp\/v2\/media\/35141"}],"wp:attachment":[{"href":"https:\/\/mersinkadingazetesi.com\/index.php?rest_route=%2Fwp%2Fv2%2Fmedia&parent=35140"}],"wp:term":[{"taxonomy":"category","embeddable":true,"href":"https:\/\/mersinkadingazetesi.com\/index.php?rest_route=%2Fwp%2Fv2%2Fcategories&post=35140"},{"taxonomy":"post_tag","embeddable":true,"href":"https:\/\/mersinkadingazetesi.com\/index.php?rest_route=%2Fwp%2Fv2%2Ftags&post=35140"}],"curies":[{"name":"wp","href":"https:\/\/api.w.org\/{rel}","templated":true}]}}