{"id":35158,"date":"2024-09-12T12:27:19","date_gmt":"2024-09-12T09:27:19","guid":{"rendered":"https:\/\/mersinkadingazetesi.com\/?p=35158"},"modified":"2024-09-12T12:27:19","modified_gmt":"2024-09-12T09:27:19","slug":"deva-partili-ekmen-narin-cinayetinin-uzerindeki-karanligi-spekulasyonlarla-buyutmeyelim","status":"publish","type":"post","link":"https:\/\/mersinkadingazetesi.com\/?p=35158","title":{"rendered":"DEVA Partili Ekmen: Narin cinayetinin \u00fczerindeki karanl\u0131\u011f\u0131 spek\u00fclasyonlarla b\u00fcy\u00fctmeyelim!\u00a0"},"content":{"rendered":"\n<p><strong>DEVA Partisi Genel Ba\u015fkan Yard\u0131mc\u0131s\u0131 Mehmet Emin Ekmen, Narin cinayeti \u00fczerinden kutupla\u015fma ortam\u0131 \u00e7\u0131kar\u0131lmas\u0131na tepki g<\/strong><strong>\u00f6<\/strong><strong>sterdi. Ekmen, cinayet \u00fczerindeki karanl\u0131\u011f\u0131<\/strong><strong>n spek<\/strong><strong>\u00fclasyonlarla b\u00fcy\u00fct\u00fclmemesi gerekti\u011finin alt\u0131n\u0131 \u00e7izerek,&nbsp;<\/strong><strong>\u201c<\/strong><strong>Bu olay\u0131n bug\u00fcn itibariyle ne H\u00fc<\/strong><strong>da-Par<\/strong><strong>\u2019<\/strong><strong>la ne Dem Partisi<\/strong><strong>\u2019<\/strong><strong>yle sosyolojik bir ba\u011f\u0131n\u0131 ileri s\u00fcrmek do\u011fru. Olay\u0131 bu ba\u011flamda tart\u0131\u015fmay\u0131 karartman\u0131n bir ba\u015fka par\u00e7as\u0131 olarak g<\/strong><strong>\u00f6<\/strong><strong>r\u00fcyorum; \u00f6nce olay\u0131 ayd\u0131nlatal\u0131m.\u201d dedi.<\/strong><\/p>\n\n\n\n<p>DEVA Partisi Genel Ba\u015fkan Yard\u0131mc\u0131s\u0131 ve Mersin Milletvekili Mehmet Emin Ekmen, k\u00fc\u00e7\u00fck Narin\u2019in canice katledilmesini ve giderek artan toplumsal \u00e7\u00fcr\u00fcmeyi de\u011ferlendirdi. Flash TV\u2019de Fatih Ert\u00fcrk\u2019\u00fcn sundu\u011fu Ba\u015fkentte G\u00fcndem program\u0131nda konu\u015fan Ekmen, cinayetle ilgili spek\u00fclasyonlara kar\u015f\u0131 uyar\u0131larda bulundu. &nbsp;<\/p>\n\n\n\n<p>Narin dosyas\u0131yla ilgili gizlilik karar\u0131 olmas\u0131na ra\u011fmen iktidara yak\u0131n televizyon kanalar\u0131nda dosyan\u0131n \u00e7ar\u015faf&nbsp;\u00e7ar\u015faf servis edildi\u011fini ele\u015ftiren Ekmen,&nbsp;<strong>\u201c<\/strong>Avukatlar bile baz\u0131 bilgilere ula\u015fam\u0131yor, eri\u015femiyor ama X haber kanal\u0131nda bunu sat\u0131r sat\u0131r okuyoruz. Bu memlekete de Narin<strong>\u2019<\/strong>e de yarg\u0131ya da soru\u015fturmaya da iyilik yapmak de\u011fildir.\u201d dedi.<\/p>\n\n\n\n<p><strong>Bu cinayetin H\u00fcda-Par ve DEM Parti ile ba\u011f\u0131 yok&nbsp;<\/strong><\/p>\n\n\n\n<p>Narin cinayetinin do\u011fru zeminde konu\u015fulmad\u0131\u011f\u0131na dikkat \u00e7eken Ekmen,&nbsp;\u201c8-9 ya\u015flar\u0131nda bir k\u0131zca\u011f\u0131z\u0131m\u0131z\u0131n 19\u2019uncu g\u00fcn\u00fcnde \u00e7\u00fcr\u00fcm\u00fc\u015f bir bedeni bulundu. \u00d6ncelikle bunun katillerini, i\u015fbirlik\u00e7ilerini ve bu s\u00fcre\u00e7te adeta bir sessizlik kanunu, kural\u0131n\u0131 uygulayarak katili ve i\u015fbirlik\u00e7ilerini&nbsp;\u00f6rt\u00fcl\u00fc bir \u015fekilde gizleyen baz\u0131 k\u00f6yl\u00fcleri tart\u0131\u015fmam\u0131z ve ayd\u0131nlatmam\u0131z gerekiyor. &nbsp;Vatanda\u015flar\u0131m\u0131z\u0131n b\u00fcy\u00fck foto\u011fraf\u0131 \u00e7\u00f6zme merak\u0131 var. Tav\u015fantepeliler H\u00dcDA-Par\u2019a 17, Dem Partisi\u2019ne 20, AK Parti\u2019ye ise 60 oy vermi\u015fler. Bu olay\u0131n H\u00fcda-Par ve Hizbullah ba\u011flam\u0131nda tart\u0131\u015f\u0131l\u0131yor olmas\u0131n\u0131, olay\u0131 karartman\u0131n bir ba\u015fka par\u00e7as\u0131 olarak g\u00f6r\u00fcyorum. \u00d6nce olay\u0131 ayd\u0131nlatal\u0131m. Failleri ayd\u0131nlatal\u0131m, katilleri, i\u015fbirlik\u00e7ileri tespit edelim. B\u00f6lgede \u00fc\u00e7 g\u00fcn kald\u0131m. \u00c7ok net olarak ifade edebilirim. Bu olay\u0131n bug\u00fcn itibariyle ne H\u00fcda Par\u2019la ne Dem Partisi\u2019yle, sosyolojik bir ba\u011f\u0131n\u0131, sosyolojik bir ba\u011f\u0131n d\u0131\u015f\u0131nda bir karar mekanizmas\u0131 anlam\u0131nda bir ili\u015fkisini ileri s\u00fcrmek do\u011fru de\u011fil.\u201d ifadelerini kulland\u0131.<\/p>\n\n\n\n<p><strong>Toplumsal \u00e7\u00fcr\u00fcme var!<\/strong><\/p>\n\n\n\n<p>Ekmen, toplumsal bir \u00e7\u00fcr\u00fcmenin oldu\u011funun alt\u0131n\u0131 \u00e7izerek, \u015f\u00f6yle devam etti:<\/p>\n\n\n\n<p>\u201cBu toplumsal \u00e7\u00fcr\u00fcmenin sosyolojiye y\u00f6nelik bir boyutu var. Ekonomiyle ili\u015fkili boyutu var. Siyasi tabloyla ili\u015fkili boyutu var. &nbsp;Sosyolojiyle ili\u015fkili boyutuna bak\u0131nca; y\u0131lda onlarca b\u00f6yle cinayetle kar\u015f\u0131la\u015f\u0131yoruz. Demek ki; bu insan\u0131n \u00e7i\u011f y\u00f6n\u00fc, insan\u0131n zalim y\u00f6n\u00fc, insan\u0131n ac\u0131mas\u0131z y\u00f6n\u00fc, insan\u0131n b\u00fct\u00fcn k\u00f6t\u00fcl\u00fckleri i\u00e7inde bar\u0131nd\u0131ran y\u00f6n\u00fc her an kar\u015f\u0131m\u0131za&nbsp;\u00e7\u0131kabiliyor. Daha bir hafta&nbsp;\u00f6nce bir mahl\u00fbkat d\u00f6rt \u00e7ocu\u011funa kur\u015fun s\u0131kmad\u0131 m\u0131?&nbsp;\u00dc\u00e7 \u00e7ocu\u011fu vefat etti. Tekirda\u011f&#8217;da 2 ya\u015f\u0131nda bir bebe\u011fe babas\u0131n\u0131n istismar etti\u011fine y\u00f6nelik bir habere denk gelmedik mi? Dolay\u0131s\u0131yla burada insan\u0131n bu karanl\u0131k y\u00f6n\u00fc bir kere daha ortaya \u00e7\u0131kt\u0131.<\/p>\n\n\n\n<p><strong>\u00c7ar\u015faf \u00e7ar\u015faf dosya servis ediyorlar&nbsp;<\/strong><\/p>\n\n\n\n<p>Narin cinayetini ortaya \u00e7\u0131karacak bilgilerin televizyon kanalar\u0131nda ve sosyal medyaya servis edilmesine tepki g\u00f6steren Ekmen,&nbsp;\u201cDosya \u00fczerinde soru\u015fturman\u0131n gizlili\u011fi karar\u0131 var. Ama maalesef, dosyadaki ifadeleri \u00e7ar\u015faf&nbsp;\u00e7ar\u015faf belirli haber kanallar\u0131nda g\u00f6r\u00fcyoruz. \u00d6zellikle servis edilen iktidara yak\u0131n haber kanallar\u0131nda denk geliyoruz. Gizlilik karar\u0131 olmas\u0131na ra\u011fmen burada yarg\u0131n\u0131n i\u00e7ine d\u00fc\u015ft\u00fc\u011f\u00fc halin bir yans\u0131mas\u0131d\u0131r. Avukatlar bile baz\u0131 \u015feylere ula\u015fam\u0131yor, eri\u015femiyor ama X haber kanal\u0131nda bunu sat\u0131r sat\u0131r okuyoruz. Bu memlekete de Narin\u2019e de yarg\u0131ya da soru\u015fturmaya da iyilik yapmak de\u011fildir. \u00c7\u00fcnk\u00fc&nbsp;X&nbsp;\u015fahs\u0131n ifadesini bilen Y \u015fahs\u0131 kendi kurgusunu buna g\u00f6re yeniden dizayn edebilir. Birde bu katillerin al\u00e7ak arkada\u015flar\u0131n\u0131&nbsp;TV\u2019ye \u00e7\u0131karman\u0131n ne mant\u0131\u011f\u0131 var.\u201d de\u011ferlendirmesinde bulundu.<\/p>\n\n\n\n<p><strong>&#8220;Biraz sabredelim&#8221;<\/strong><\/p>\n\n\n\n<p>Ekmen, spek\u00fclasyonlara kar\u015f\u0131 uyar\u0131larda bulunarak,&nbsp;\u201cBiraz sabredelim. \u015eu dosya ortaya \u00e7\u0131ks\u0131n. Bu andan itibaren \u00e7ok ele\u015ftirdi\u011fimiz yarg\u0131 ve soru\u015fturma sistemi dahi hi\u00e7bir olay\u0131 \u00f6rtemez. Herkes cezas\u0131n\u0131 al\u0131r. Diyarbak\u0131r&#8217;\u0131n sivil toplumu, hukuk\u00e7ular\u0131 d\u00f6rt bir kanaldan bu olay\u0131n ayd\u0131nlat\u0131lmas\u0131 i\u00e7in m\u00fcsaade ediyor. Bu cinayeti canl\u0131 yay\u0131n ekranlar\u0131nda, sosyal medyada ve sa\u00e7ma sapan spek\u00fclasyonlara kurban etmeyelim. &nbsp; Sonu\u00e7ta bu olay\u0131 yine aile ve k\u00f6y ayd\u0131nlatacak. E\u011fer annenin bu olayda&nbsp;\u00f6rt\u00fcl\u00fc yara a\u00e7\u0131k bir d\u00e2hili varsa ne tarih ne toplum ne adalet onu affetmeyecek. Ama biraz sab\u0131r, k\u0131sa bir s\u00fcre\u2026\u201d diye konu\u015ftu.<\/p>\n","protected":false},"excerpt":{"rendered":"<p>DEVA Partisi Genel Ba\u015fkan Yard\u0131mc\u0131s\u0131 Mehmet Emin Ekmen, Narin cinayeti \u00fczerinden kutupla\u015fma ortam\u0131 \u00e7\u0131kar\u0131lmas\u0131na tepki g\u00f6sterdi. Ekmen, cinayet \u00fczerindeki karanl\u0131\u011f\u0131n spek\u00fclasyonlarla b\u00fcy\u00fct\u00fclmemesi gerekti\u011finin alt\u0131n\u0131 \u00e7izerek,&nbsp;\u201cBu olay\u0131n bug\u00fcn itibariyle ne H\u00fcda-Par\u2019la ne Dem Partisi\u2019yle sosyolojik bir ba\u011f\u0131n\u0131 ileri s\u00fcrmek do\u011fru. Olay\u0131 bu ba\u011flamda tart\u0131\u015fmay\u0131 karartman\u0131n bir ba\u015fka par\u00e7as\u0131 olarak g\u00f6r\u00fcyorum; \u00f6nce olay\u0131 ayd\u0131nlatal\u0131m.\u201d dedi. DEVA Partisi [&hellip;]<\/p>\n","protected":false},"author":2,"featured_media":30005,"comment_status":"closed","ping_status":"closed","sticky":false,"template":"","format":"standard","meta":{"footnotes":""},"categories":[3,6],"tags":[],"class_list":["post-35158","post","type-post","status-publish","format-standard","has-post-thumbnail","hentry","category-manset","category-siyaset-2"],"views":4,"_links":{"self":[{"href":"https:\/\/mersinkadingazetesi.com\/index.php?rest_route=\/wp\/v2\/posts\/35158"}],"collection":[{"href":"https:\/\/mersinkadingazetesi.com\/index.php?rest_route=\/wp\/v2\/posts"}],"about":[{"href":"https:\/\/mersinkadingazetesi.com\/index.php?rest_route=\/wp\/v2\/types\/post"}],"author":[{"embeddable":true,"href":"https:\/\/mersinkadingazetesi.com\/index.php?rest_route=\/wp\/v2\/users\/2"}],"replies":[{"embeddable":true,"href":"https:\/\/mersinkadingazetesi.com\/index.php?rest_route=%2Fwp%2Fv2%2Fcomments&post=35158"}],"version-history":[{"count":1,"href":"https:\/\/mersinkadingazetesi.com\/index.php?rest_route=\/wp\/v2\/posts\/35158\/revisions"}],"predecessor-version":[{"id":35159,"href":"https:\/\/mersinkadingazetesi.com\/index.php?rest_route=\/wp\/v2\/posts\/35158\/revisions\/35159"}],"wp:featuredmedia":[{"embeddable":true,"href":"https:\/\/mersinkadingazetesi.com\/index.php?rest_route=\/wp\/v2\/media\/30005"}],"wp:attachment":[{"href":"https:\/\/mersinkadingazetesi.com\/index.php?rest_route=%2Fwp%2Fv2%2Fmedia&parent=35158"}],"wp:term":[{"taxonomy":"category","embeddable":true,"href":"https:\/\/mersinkadingazetesi.com\/index.php?rest_route=%2Fwp%2Fv2%2Fcategories&post=35158"},{"taxonomy":"post_tag","embeddable":true,"href":"https:\/\/mersinkadingazetesi.com\/index.php?rest_route=%2Fwp%2Fv2%2Ftags&post=35158"}],"curies":[{"name":"wp","href":"https:\/\/api.w.org\/{rel}","templated":true}]}}