{"id":35160,"date":"2024-09-12T12:32:21","date_gmt":"2024-09-12T09:32:21","guid":{"rendered":"https:\/\/mersinkadingazetesi.com\/?p=35160"},"modified":"2024-09-12T12:32:21","modified_gmt":"2024-09-12T09:32:21","slug":"bakanligin-acikladigi-rakamlar-yoksullugun-itirafidir","status":"publish","type":"post","link":"https:\/\/mersinkadingazetesi.com\/?p=35160","title":{"rendered":"&#8220;BAKANLI\u011eIN A\u00c7IKLADI\u011eI RAKAMLAR YOKSULLU\u011eUN \u0130T\u0130RAFIDIR&#8221;"},"content":{"rendered":"\n<p>CHP Mersin Milletvekili G\u00fclcan K\u0131\u015f, T\u00fcrkiye&#8217;de derinle\u015fen ekonomik krizle birlikte yoksullu\u011fun artt\u0131\u011f\u0131n\u0131, iktidar\u0131n ekonomi politikalar\u0131n\u0131n yoksulluk sorununu \u00e7\u00f6zmekte yetersiz kald\u0131\u011f\u0131n\u0131 vurgulad\u0131. Aile ve Sosyal Hizmetler Bakanl\u0131\u011f\u0131&#8217;n\u0131n a\u00e7\u0131klad\u0131\u011f\u0131 temmuz ay\u0131 verilerinin adeta yoksullu\u011fun itiraf\u0131 oldu\u011funu kaydeden K\u0131\u015f, &#8220;Milyonlarca vatanda\u015f\u0131m\u0131z sosyal yard\u0131mlar olmadan ayakta duram\u0131yor&#8221; dedi.&nbsp;<\/p>\n\n\n\n<p>K\u0131\u015f, &#8220;Bakanl\u0131\u011f\u0131n verilerine bakt\u0131\u011f\u0131m\u0131zda temmuz ay\u0131nda 3 milyon 792 bin 340 haneye d\u00fczenli sosyal yard\u0131m\u0131n, 3 milyon 658 bin 880 haneye elektrik ve 598 bin 902 haneye do\u011falgaz t\u00fcketim deste\u011finin verildi\u011fini g\u00f6r\u00fcyoruz. Ayr\u0131ca, Bakanl\u0131k 8 milyon 346 bin 946 ki\u015finin GSS primlerini \u00fcstlenerek, sa\u011fl\u0131k sigortalar\u0131n\u0131 kar\u015f\u0131lad\u0131&#8221; ifadelerini kulland\u0131. Yard\u0131mlar\u0131n y\u0131l\u0131n ilk \u00fc\u00e7 ay\u0131ndan sonra azald\u0131\u011f\u0131na dikkat \u00e7eken K\u0131\u015f, yerel se\u00e7imlerin geride kalmas\u0131yla birlikte iktidar\u0131n sosyal yard\u0131mlar\u0131 k\u0131st\u0131\u011f\u0131n\u0131 kaydetti.<\/p>\n\n\n\n<p><strong>&#8220;Yoksulluk Derinle\u015fiyor, Yard\u0131ma \u0130htiya\u00e7 Art\u0131yor&#8221;<\/strong><\/p>\n\n\n\n<p>T\u00fcrkiye&#8217;deki yoksul say\u0131s\u0131n\u0131n h\u0131zla artt\u0131\u011f\u0131na dikkat \u00e7eken CHP Mersin Milletvekili K\u0131\u015f, T\u00dc\u0130K&#8217;in hane ba\u015f\u0131na d\u00fc\u015fen ki\u015fi say\u0131s\u0131 hesab\u0131na g\u00f6re 15 milyon 169 bin 360 ki\u015finin d\u00fczenli sosyal yard\u0131mlarla ge\u00e7inmeye \u00e7al\u0131\u015ft\u0131\u011f\u0131n\u0131 belirtti.&nbsp;&nbsp;Sosyal yard\u0131ma ba\u015fvuranlar\u0131n say\u0131s\u0131ndaki art\u0131\u015f\u0131n da alt\u0131n\u0131 \u00e7izen K\u0131\u015f, &#8220;2022 y\u0131l\u0131nda 18 milyon 30 bin olan yoksul say\u0131s\u0131, 2023&#8217;te 18 milyon 219 bin ki\u015fiye y\u00fckseldi. Bu y\u0131l\u0131n sadece ilk 7 ay\u0131nda bu rakam 15 milyon 169 bin 360&#8217;a \u00e7\u0131kt\u0131&#8221; dedi.<\/p>\n\n\n\n<p><strong>SED Yard\u0131mlar\u0131 ve Artan \u00c7ocuk Yoksullu\u011fu<\/strong><\/p>\n\n\n\n<p>Ailelerin ge\u00e7im s\u0131k\u0131nt\u0131s\u0131 nedeniyle \u00e7ocuklar\u0131n\u0131n bak\u0131m\u0131 i\u00e7in bakanl\u0131ktan destek ald\u0131\u011f\u0131n\u0131 belirten K\u0131\u015f, Sosyal ve Ekonomik Destek (SED) program\u0131ndan yararlanan \u00e7ocuk say\u0131s\u0131n\u0131n 2024 Temmuz ay\u0131nda 167 bin 873&#8217;e ula\u015ft\u0131\u011f\u0131n\u0131 s\u00f6yledi. Bu rakam\u0131n 2020&#8217;de 129 bin 422 oldu\u011funu kaydeden K\u0131\u015f, \u00e7ocuk yoksullu\u011funun giderek artt\u0131\u011f\u0131n\u0131 vurgulad\u0131.<\/p>\n\n\n\n<p><strong>&#8220;Aile Destek Yard\u0131mlar\u0131 3.2 Milyon Ki\u015fiye Ula\u015ft\u0131&#8221;<\/strong><\/p>\n\n\n\n<p>Aile Destek Program\u0131&#8217;ndan yararlanan hanelerin say\u0131s\u0131nda da patlama ya\u015fand\u0131\u011f\u0131n\u0131 kaydeden K\u0131\u015f, &#8220;2022 y\u0131l\u0131nda 2.5 milyon hanenin dahil oldu\u011fu T\u00fcrkiye Aile Destek Program\u0131&#8217;ndan 2024 Temmuz ay\u0131nda 3 milyon 233 bin 648 ki\u015fi faydaland\u0131&#8221; ifadelerini kulland\u0131. \u0130ktidar\u0131n yoksullukla m\u00fccadele politikalar\u0131n\u0131n yetersiz kald\u0131\u011f\u0131n\u0131 ve bu sorunun \u00e7\u00f6z\u00fcm\u00fc i\u00e7in daha etkili sosyal politikalar gerekti\u011fini belirten K\u0131\u015f, &#8220;Vatanda\u015flar\u0131m\u0131z, sosyal yard\u0131mlarla ge\u00e7inmeye \u00e7al\u0131\u015f\u0131rken h\u00fck\u00fcmetin vatanda\u015f\u0131n s\u0131rt\u0131na y\u00fckledi\u011fi ekonomi politikalar\u0131n\u0131n ger\u00e7ek y\u00fcz\u00fc ortaya \u00e7\u0131km\u0131\u015ft\u0131r&#8221; dedi.<\/p>\n","protected":false},"excerpt":{"rendered":"<p>CHP Mersin Milletvekili G\u00fclcan K\u0131\u015f, T\u00fcrkiye&#8217;de derinle\u015fen ekonomik krizle birlikte yoksullu\u011fun artt\u0131\u011f\u0131n\u0131, iktidar\u0131n ekonomi politikalar\u0131n\u0131n yoksulluk sorununu \u00e7\u00f6zmekte yetersiz kald\u0131\u011f\u0131n\u0131 vurgulad\u0131. Aile ve Sosyal Hizmetler Bakanl\u0131\u011f\u0131&#8217;n\u0131n a\u00e7\u0131klad\u0131\u011f\u0131 temmuz ay\u0131 verilerinin adeta yoksullu\u011fun itiraf\u0131 oldu\u011funu kaydeden K\u0131\u015f, &#8220;Milyonlarca vatanda\u015f\u0131m\u0131z sosyal yard\u0131mlar olmadan ayakta duram\u0131yor&#8221; dedi.&nbsp; K\u0131\u015f, &#8220;Bakanl\u0131\u011f\u0131n verilerine bakt\u0131\u011f\u0131m\u0131zda temmuz ay\u0131nda 3 milyon 792 bin 340 [&hellip;]<\/p>\n","protected":false},"author":2,"featured_media":35161,"comment_status":"closed","ping_status":"closed","sticky":false,"template":"","format":"standard","meta":{"footnotes":""},"categories":[8,34,2,3],"tags":[],"class_list":["post-35160","post","type-post","status-publish","format-standard","has-post-thumbnail","hentry","category-ekonomi","category-flas-haber","category-gundem","category-manset"],"views":4,"_links":{"self":[{"href":"https:\/\/mersinkadingazetesi.com\/index.php?rest_route=\/wp\/v2\/posts\/35160"}],"collection":[{"href":"https:\/\/mersinkadingazetesi.com\/index.php?rest_route=\/wp\/v2\/posts"}],"about":[{"href":"https:\/\/mersinkadingazetesi.com\/index.php?rest_route=\/wp\/v2\/types\/post"}],"author":[{"embeddable":true,"href":"https:\/\/mersinkadingazetesi.com\/index.php?rest_route=\/wp\/v2\/users\/2"}],"replies":[{"embeddable":true,"href":"https:\/\/mersinkadingazetesi.com\/index.php?rest_route=%2Fwp%2Fv2%2Fcomments&post=35160"}],"version-history":[{"count":1,"href":"https:\/\/mersinkadingazetesi.com\/index.php?rest_route=\/wp\/v2\/posts\/35160\/revisions"}],"predecessor-version":[{"id":35162,"href":"https:\/\/mersinkadingazetesi.com\/index.php?rest_route=\/wp\/v2\/posts\/35160\/revisions\/35162"}],"wp:featuredmedia":[{"embeddable":true,"href":"https:\/\/mersinkadingazetesi.com\/index.php?rest_route=\/wp\/v2\/media\/35161"}],"wp:attachment":[{"href":"https:\/\/mersinkadingazetesi.com\/index.php?rest_route=%2Fwp%2Fv2%2Fmedia&parent=35160"}],"wp:term":[{"taxonomy":"category","embeddable":true,"href":"https:\/\/mersinkadingazetesi.com\/index.php?rest_route=%2Fwp%2Fv2%2Fcategories&post=35160"},{"taxonomy":"post_tag","embeddable":true,"href":"https:\/\/mersinkadingazetesi.com\/index.php?rest_route=%2Fwp%2Fv2%2Ftags&post=35160"}],"curies":[{"name":"wp","href":"https:\/\/api.w.org\/{rel}","templated":true}]}}