{"id":35163,"date":"2024-09-12T17:23:04","date_gmt":"2024-09-12T14:23:04","guid":{"rendered":"https:\/\/mersinkadingazetesi.com\/?p=35163"},"modified":"2024-09-12T17:23:05","modified_gmt":"2024-09-12T14:23:05","slug":"ilkogretim-haftasinda-muhsin-yanpar-ilkokulu-ogrencilerinden-baskan-secere-ziyaret","status":"publish","type":"post","link":"https:\/\/mersinkadingazetesi.com\/?p=35163","title":{"rendered":"&#8216;\u0130LK\u00d6\u011eRET\u0130M HAFTASI&#8217;NDA MUHS\u0130N YANPAR \u0130LKOKULU \u00d6\u011eRENC\u0130LER\u0130NDEN BA\u015eKAN SE\u00c7ER&#8217;E Z\u0130YARET"},"content":{"rendered":"\n<p><strong>&#8216;\u0130lk\u00f6\u011fretim Haftas\u0131&#8217;<\/strong>&nbsp;nedeniyle; Toroslar Muhsin Yanpar \u0130lkokulu M\u00fcd\u00fcr\u00fc Halil K\u00fc\u00e7\u00fckusta, Toroslar Muhsin Yanpar \u0130lkokulu \u00d6\u011fretmeni Muhammet Abd\u00fcssemet Top\u00e7u ile 2. s\u0131n\u0131f \u00f6\u011frencileri Mersin B\u00fcy\u00fck\u015fehir Belediye Ba\u015fkan\u0131 Vahap Se\u00e7er&#8217;i ziyaret etti.<\/p>\n\n\n\n<p><strong>Se\u00e7er, \u00f6\u011frenciler ile keyifli bir sohbet ger\u00e7ekle\u015ftirdi<\/strong><\/p>\n\n\n\n<p>Ellerinde \u00e7i\u00e7ekler ile Ba\u015fkan Se\u00e7er&#8217;i ziyaret eden \u00f6\u011frenciler aras\u0131nda; R\u00fcmeysa Ediz, Melis Da\u011f, Mustafa Asaf Tombul, Kaan Arslanta\u015f ile Alperen K\u00fc\u00e7\u00fckusta yer ald\u0131.&nbsp;&nbsp;Ba\u015fkan Se\u00e7er ziyarette \u00e7ocuklarla yapt\u0131\u011f\u0131 sohbette; 2024-2025 E\u011fitim-\u00d6\u011fretim Y\u0131l\u0131&#8217;n\u0131n hay\u0131rl\u0131 olmas\u0131n\u0131 dilerken, \u00f6\u011frencilere tatillerini nas\u0131l ge\u00e7irdiklerini de sordu. Tatilde ders \u00e7al\u0131\u015f\u0131p, kitap okurken; yaylaya ve denize de gittiklerini anlatan \u00e7ocuklar, tatilde dinlendiklerini ve okul ba\u015flad\u0131\u011f\u0131 i\u00e7in de mutlu olduklar\u0131n\u0131 ifade etti. \u00c7ocuklar ile keyifli bir sohbet ge\u00e7iren Ba\u015fkan Se\u00e7er,&nbsp;<strong>&#8220;G\u00fczel bir tatil ge\u00e7irdiniz, umar\u0131m g\u00fczel de bir ders y\u0131l\u0131 ge\u00e7irirsiniz. Sizlere g\u00fcveniyoruz ve inan\u0131yoruz&#8221;&nbsp;<\/strong>diye duygular\u0131n\u0131 ifade etti.<\/p>\n\n\n\n<p><strong>Okul M\u00fcd\u00fcr\u00fc K\u00fc\u00e7\u00fckusta&#8217;dan e\u011fitime verilen destekler i\u00e7in te\u015fekk\u00fcr<\/strong><\/p>\n\n\n\n<p>Toroslar Muhsin Yanpar \u0130lkokulu M\u00fcd\u00fcr\u00fc Halil K\u00fc\u00e7\u00fckusta da, okullar\u0131 hakk\u0131nda bilgi verirken, 28 derslikleri ve 800 \u00f6\u011frencileri ile e\u011fitim-\u00f6\u011fretim hayat\u0131n\u0131n devam etti\u011fini ifade etti. Eski okul binalar\u0131n\u0131n depremden hasar g\u00f6rd\u00fc\u011f\u00fcn\u00fc anlatan ve \u015fu anda ge\u00e7ici olarak yeni bir binada e\u011fitim-\u00f6\u011fretimin devam etti\u011fini s\u00f6yleyen Okul M\u00fcd\u00fcr\u00fc K\u00fc\u00e7\u00fckusta, yeni okullar\u0131na Mersin B\u00fcy\u00fck\u015fehir Belediyesi taraf\u0131ndan yap\u0131lan okul \u00e7izgileri i\u00e7in te\u015fekk\u00fcrlerini iletti. Okul M\u00fcd\u00fcr\u00fc K\u00fc\u00e7\u00fckusta ayr\u0131ca, eski binalar\u0131nda da B\u00fcy\u00fck\u015fehir taraf\u0131ndan kald\u0131r\u0131mlar\u0131n yenilendi\u011fini hat\u0131rlatarak, Ba\u015fkan Se\u00e7er&#8217;in e\u011fitime verdi\u011fi destekler i\u00e7in te\u015fekk\u00fcr etti.<\/p>\n\n\n\n<p><strong>&#8220;\u00d6\u011fretmenlerimizi bir anne ve bir baba gibi kabul ediyoruz&#8221;<\/strong><\/p>\n\n\n\n<p>Toroslar Muhsin Yanpar \u0130lkokulu \u00d6\u011fretmeni Muhammet Abd\u00fcssemet Top\u00e7u ise, \u00f6\u011fretmen arkada\u015flar\u0131n\u0131n selam\u0131n\u0131 iletirken, Ba\u015fkan Se\u00e7er&#8217;i okullar\u0131na davet etti. Se\u00e7er de, okulda g\u00f6rev yapan di\u011fer \u00f6\u011fretmenlere selam\u0131n\u0131 iletirken;&nbsp;<strong>&#8220;\u00d6\u011fretmenlerimiz \u00e7ocuklar\u0131m\u0131z\u0131 gelece\u011fe haz\u0131rl\u0131yorlar. Hakikaten \u00e7ocuklar\u0131m\u0131z \u00fczerinde emekleri \u00e7ok fazla. Hepimizin \u00f6\u011fretmenleri vard\u0131, hepimizin \u00fczerinde \u00f6\u011fretmenlerimizin eme\u011fi ve bizim d\u00fcnyam\u0131zdaki de\u011feri \u00e7ok fazla. \u00d6\u011fretmenlerimizi bir anne ve bir baba gibi kabul ediyoruz&#8221;&nbsp;<\/strong>dedi.<\/p>\n\n\n\n<p>E\u011fitim konusuna bir b\u00fct\u00fcn olarak bakmak gerekti\u011fini ve \u00e7ocuklar\u0131n, velilerin, \u00f6\u011fretmenlerin ve idareciler olmak \u00fczere herkesin \u00fczerine d\u00fc\u015feni yapt\u0131\u011f\u0131ndan s\u00f6z eden Se\u00e7er, \u00e7ocuklar \u00fczerinde herkesin emek verdi\u011fini ifade etti. Mersin B\u00fcy\u00fck\u015fehir ve Mersin B\u00fcy\u00fck\u015fehir Belediye Ba\u015fkan\u0131 Vahap Se\u00e7er olarak da e\u011fitimi \u00f6nemseyip, \u00f6ncelediklerini kaydeden Se\u00e7er,&nbsp;<strong>&#8220;Bak\u0131\u015f a\u00e7\u0131m\u0131z b\u00f6yle. Belediye olarak da b\u00f6yle, belediye ba\u015fkan\u0131 olarak da b\u00f6yle. Biz Mustafa Kemal Atat\u00fcrk&#8217;\u00fcn o \u015fiar\u0131yla e\u011fitime bak\u0131yoruz;&nbsp;<em>&#8216;Hayatta En Hakiki M\u00fcr\u015fit \u0130limdir!&#8217;<\/em>&nbsp;\u0130limin pe\u015finde ko\u015farsak, d\u00fcnya ile rekabet edebiliriz&#8221;&nbsp;<\/strong>diye konu\u015ftu.<\/p>\n\n\n\n<p><strong>&#8220;\u00c7ocuklar\u0131m\u0131z bizim g\u00f6zbebe\u011fimiz ve her \u015feyimiz&#8221;<\/strong><\/p>\n\n\n\n<p>Pozitif bilimlerin, bir toplumun geli\u015fmesi konusunda onlar\u0131 gelece\u011fe haz\u0131rlayan \u00f6nemli bir e\u011fitim alan\u0131 olmas\u0131 gerekti\u011finin alt\u0131n\u0131 \u00e7izen Se\u00e7er,&nbsp;<strong>&#8220;\u00c7ocuklar\u0131m\u0131z\u0131n yar\u0131n kimi doktor, kimi m\u00fchendis, kimi sosyal bilimci olacak ve bu ilerleme pozitif bilimler sayesinde olacak. D\u00fcnyada \u00fclkemizin damgas\u0131n\u0131 vuraca\u011f\u0131z. \u00c7ocuklar\u0131m\u0131za g\u00fcveniyoruz ve inan\u0131yoruz. Onlar bizim g\u00f6zbebe\u011fimiz ve her \u015feyimiz. \u00c7ocuklar yolunuz a\u00e7\u0131k olsun&#8221;&nbsp;<\/strong>dedi.<\/p>\n","protected":false},"excerpt":{"rendered":"<p>&#8216;\u0130lk\u00f6\u011fretim Haftas\u0131&#8217;&nbsp;nedeniyle; Toroslar Muhsin Yanpar \u0130lkokulu M\u00fcd\u00fcr\u00fc Halil K\u00fc\u00e7\u00fckusta, Toroslar Muhsin Yanpar \u0130lkokulu \u00d6\u011fretmeni Muhammet Abd\u00fcssemet Top\u00e7u ile 2. s\u0131n\u0131f \u00f6\u011frencileri Mersin B\u00fcy\u00fck\u015fehir Belediye Ba\u015fkan\u0131 Vahap Se\u00e7er&#8217;i ziyaret etti. Se\u00e7er, \u00f6\u011frenciler ile keyifli bir sohbet ger\u00e7ekle\u015ftirdi Ellerinde \u00e7i\u00e7ekler ile Ba\u015fkan Se\u00e7er&#8217;i ziyaret eden \u00f6\u011frenciler aras\u0131nda; R\u00fcmeysa Ediz, Melis Da\u011f, Mustafa Asaf Tombul, Kaan Arslanta\u015f ile [&hellip;]<\/p>\n","protected":false},"author":2,"featured_media":35164,"comment_status":"closed","ping_status":"closed","sticky":false,"template":"","format":"standard","meta":{"footnotes":""},"categories":[3],"tags":[],"class_list":["post-35163","post","type-post","status-publish","format-standard","has-post-thumbnail","hentry","category-manset"],"views":3,"_links":{"self":[{"href":"https:\/\/mersinkadingazetesi.com\/index.php?rest_route=\/wp\/v2\/posts\/35163"}],"collection":[{"href":"https:\/\/mersinkadingazetesi.com\/index.php?rest_route=\/wp\/v2\/posts"}],"about":[{"href":"https:\/\/mersinkadingazetesi.com\/index.php?rest_route=\/wp\/v2\/types\/post"}],"author":[{"embeddable":true,"href":"https:\/\/mersinkadingazetesi.com\/index.php?rest_route=\/wp\/v2\/users\/2"}],"replies":[{"embeddable":true,"href":"https:\/\/mersinkadingazetesi.com\/index.php?rest_route=%2Fwp%2Fv2%2Fcomments&post=35163"}],"version-history":[{"count":1,"href":"https:\/\/mersinkadingazetesi.com\/index.php?rest_route=\/wp\/v2\/posts\/35163\/revisions"}],"predecessor-version":[{"id":35165,"href":"https:\/\/mersinkadingazetesi.com\/index.php?rest_route=\/wp\/v2\/posts\/35163\/revisions\/35165"}],"wp:featuredmedia":[{"embeddable":true,"href":"https:\/\/mersinkadingazetesi.com\/index.php?rest_route=\/wp\/v2\/media\/35164"}],"wp:attachment":[{"href":"https:\/\/mersinkadingazetesi.com\/index.php?rest_route=%2Fwp%2Fv2%2Fmedia&parent=35163"}],"wp:term":[{"taxonomy":"category","embeddable":true,"href":"https:\/\/mersinkadingazetesi.com\/index.php?rest_route=%2Fwp%2Fv2%2Fcategories&post=35163"},{"taxonomy":"post_tag","embeddable":true,"href":"https:\/\/mersinkadingazetesi.com\/index.php?rest_route=%2Fwp%2Fv2%2Ftags&post=35163"}],"curies":[{"name":"wp","href":"https:\/\/api.w.org\/{rel}","templated":true}]}}