{"id":35166,"date":"2024-09-12T17:24:24","date_gmt":"2024-09-12T14:24:24","guid":{"rendered":"https:\/\/mersinkadingazetesi.com\/?p=35166"},"modified":"2024-09-12T17:24:24","modified_gmt":"2024-09-12T14:24:24","slug":"baskan-tuncerden-mujde-mezitli-belediyesinden-calisanlarina-zam","status":"publish","type":"post","link":"https:\/\/mersinkadingazetesi.com\/?p=35166","title":{"rendered":"BA\u015eKAN TUNCER&#8217;DEN M\u00dcJDE: MEZ\u0130TL\u0130 BELED\u0130YES\u0130&#8217;NDEN \u00c7ALI\u015eANLARINA ZAM"},"content":{"rendered":"\n<p>Mezitli Belediyesi&#8217;nde \u00e7al\u0131\u015fan personellerin maa\u015flar\u0131nda \u00f6nemli bir art\u0131\u015f ger\u00e7ekle\u015fti. Belediye Ba\u015fkan\u0131 Ahmet Serkan Tuncer ile D\u0130SK&#8217;e ba\u011fl\u0131 Genel-\u0130\u015f Sendikas\u0131 aras\u0131nda y\u00fcr\u00fct\u00fclen Toplu \u0130\u015f S\u00f6zle\u015fmesi g\u00f6r\u00fc\u015fmelerinde, \u00e7al\u0131\u015fanlar\u0131n maa\u015flar\u0131na %35 oran\u0131nda zam yap\u0131lmas\u0131 konusunda anla\u015fma sa\u011fland\u0131. Bu d\u00fczenlemeyle birlikte, Mezitli Belediyesi&#8217;nde \u00e7al\u0131\u015fan personellerin en d\u00fc\u015f\u00fck maa\u015f\u0131 sosyal haklar hari\u00e7 30 bin TL, en y\u00fcksek maa\u015f\u0131 ise 41 bin TL olarak belirlendi. Ayr\u0131ca, meslek primlerinde e\u011fitim durumlar\u0131na g\u00f6re %50 ile %650 aras\u0131nda de\u011fi\u015fen oranlarda zam yap\u0131ld\u0131.<\/p>\n\n\n\n<p>Ba\u015fkan Tuncer, yap\u0131lan zamlar\u0131n emek\u00e7ilere olan desteklerini peki\u015ftirdi\u011fini vurgulad\u0131. S\u00f6z konusu zam oranlar\u0131 ve maa\u015f d\u00fczenlemeleri hakk\u0131nda bilgi veren Ba\u015fkan Tuncer, &#8220;Toplu i\u015f s\u00f6zle\u015fmesi ile i\u015f\u00e7ilerin maa\u015flar\u0131na yap\u0131lan bu art\u0131\u015f, hem \u00e7al\u0131\u015fanlar\u0131m\u0131z\u0131n ya\u015fam standartlar\u0131n\u0131 iyile\u015ftirmek hem de belediyemizin \u00e7al\u0131\u015fanlar\u0131na verdi\u011fi \u00f6nemi g\u00f6stermek amac\u0131yla ger\u00e7ekle\u015ftirilmi\u015ftir. 696 Say\u0131l\u0131 KHK kapsam\u0131nda \u00e7al\u0131\u015fan belediye personellerimizin maa\u015flar\u0131, y\u0131l i\u00e7erisinde verilen e\u015f yard\u0131m\u0131, \u00e7ocuk yard\u0131m\u0131, sorumluluk ve pozisyon fark\u0131 gibi ek \u00f6demelerle birlikte yeniden d\u00fczenlenmi\u015ftir, E\u011fitim durumu ve mesle\u011fin zam iyile\u015ftirmesinde \u00f6nemli bir yeri oldu. Y\u00fczde 50 ile y\u00fczde 650 aras\u0131 prim zamm\u0131 ger\u00e7ekle\u015ftirildi. Y\u0131l i\u00e7erisinde \u00e7e\u015fitli iyile\u015ftirmelerimiz de olacakt\u0131r&#8221; \u015feklinde a\u00e7\u0131klamada bulundu.<\/p>\n\n\n\n<p><strong>&#8220;EMEK\u00c7\u0130LER\u0130M\u0130Z\u0130N HER DA\u0130M YANINDAYIZ&#8221;<\/strong><\/p>\n\n\n\n<p>Sosyal medya hesaplar\u0131ndan yapt\u0131\u011f\u0131 a\u00e7\u0131klamada Ba\u015fkan Tuncer, Mezitli Belediyesi&#8217;nin \u00e7al\u0131\u015fanlar\u0131na sa\u011flad\u0131\u011f\u0131 bu zam ile T\u00fcrkiye genelinde il\u00e7e belediyeleri aras\u0131nda en y\u00fcksek maa\u015f art\u0131\u015f\u0131n\u0131 sa\u011flayan belediyelerden biri haline geldi\u011fini belirtti. Tuncer, &#8220;Belediyemizde \u00e7al\u0131\u015fan mesai arkada\u015flar\u0131m\u0131z\u0131n maa\u015flar\u0131na \u00f6nemli bir oranda zam yaparak, emek\u00e7ilerimizin her daim yan\u0131nda oldu\u011fumuzu bir kez daha g\u00f6sterdik. D\u0130SK&#8217;e ba\u011fl\u0131 Genel-\u0130\u015f Sendikas\u0131 ile imzalad\u0131\u011f\u0131m\u0131z bu toplu i\u015f s\u00f6zle\u015fmesi ile \u00e7al\u0131\u015fanlar\u0131m\u0131z\u0131n haklar\u0131n\u0131 daha da g\u00fc\u00e7lendirdik. Bu ad\u0131m, hem \u00e7al\u0131\u015fanlar\u0131m\u0131z\u0131n motivasyonunu art\u0131racak hem de daha verimli bir \u00e7al\u0131\u015fma ortam\u0131 sa\u011flayacakt\u0131r&#8221; dedi.<\/p>\n\n\n\n<p>Ba\u015fkan Tuncer, sendika temsilcilerine ve t\u00fcm \u00e7al\u0131\u015fanlara te\u015fekk\u00fcr ederek, yap\u0131lan zamm\u0131n hay\u0131rl\u0131 ve u\u011furlu olmas\u0131n\u0131 diledi.&nbsp;<\/p>\n","protected":false},"excerpt":{"rendered":"<p>Mezitli Belediyesi&#8217;nde \u00e7al\u0131\u015fan personellerin maa\u015flar\u0131nda \u00f6nemli bir art\u0131\u015f ger\u00e7ekle\u015fti. Belediye Ba\u015fkan\u0131 Ahmet Serkan Tuncer ile D\u0130SK&#8217;e ba\u011fl\u0131 Genel-\u0130\u015f Sendikas\u0131 aras\u0131nda y\u00fcr\u00fct\u00fclen Toplu \u0130\u015f S\u00f6zle\u015fmesi g\u00f6r\u00fc\u015fmelerinde, \u00e7al\u0131\u015fanlar\u0131n maa\u015flar\u0131na %35 oran\u0131nda zam yap\u0131lmas\u0131 konusunda anla\u015fma sa\u011fland\u0131. Bu d\u00fczenlemeyle birlikte, Mezitli Belediyesi&#8217;nde \u00e7al\u0131\u015fan personellerin en d\u00fc\u015f\u00fck maa\u015f\u0131 sosyal haklar hari\u00e7 30 bin TL, en y\u00fcksek maa\u015f\u0131 ise 41 [&hellip;]<\/p>\n","protected":false},"author":2,"featured_media":35167,"comment_status":"closed","ping_status":"closed","sticky":false,"template":"","format":"standard","meta":{"footnotes":""},"categories":[3],"tags":[],"class_list":["post-35166","post","type-post","status-publish","format-standard","has-post-thumbnail","hentry","category-manset"],"views":5,"_links":{"self":[{"href":"https:\/\/mersinkadingazetesi.com\/index.php?rest_route=\/wp\/v2\/posts\/35166"}],"collection":[{"href":"https:\/\/mersinkadingazetesi.com\/index.php?rest_route=\/wp\/v2\/posts"}],"about":[{"href":"https:\/\/mersinkadingazetesi.com\/index.php?rest_route=\/wp\/v2\/types\/post"}],"author":[{"embeddable":true,"href":"https:\/\/mersinkadingazetesi.com\/index.php?rest_route=\/wp\/v2\/users\/2"}],"replies":[{"embeddable":true,"href":"https:\/\/mersinkadingazetesi.com\/index.php?rest_route=%2Fwp%2Fv2%2Fcomments&post=35166"}],"version-history":[{"count":1,"href":"https:\/\/mersinkadingazetesi.com\/index.php?rest_route=\/wp\/v2\/posts\/35166\/revisions"}],"predecessor-version":[{"id":35168,"href":"https:\/\/mersinkadingazetesi.com\/index.php?rest_route=\/wp\/v2\/posts\/35166\/revisions\/35168"}],"wp:featuredmedia":[{"embeddable":true,"href":"https:\/\/mersinkadingazetesi.com\/index.php?rest_route=\/wp\/v2\/media\/35167"}],"wp:attachment":[{"href":"https:\/\/mersinkadingazetesi.com\/index.php?rest_route=%2Fwp%2Fv2%2Fmedia&parent=35166"}],"wp:term":[{"taxonomy":"category","embeddable":true,"href":"https:\/\/mersinkadingazetesi.com\/index.php?rest_route=%2Fwp%2Fv2%2Fcategories&post=35166"},{"taxonomy":"post_tag","embeddable":true,"href":"https:\/\/mersinkadingazetesi.com\/index.php?rest_route=%2Fwp%2Fv2%2Ftags&post=35166"}],"curies":[{"name":"wp","href":"https:\/\/api.w.org\/{rel}","templated":true}]}}