{"id":35169,"date":"2024-09-12T17:25:20","date_gmt":"2024-09-12T14:25:20","guid":{"rendered":"https:\/\/mersinkadingazetesi.com\/?p=35169"},"modified":"2024-09-12T17:25:21","modified_gmt":"2024-09-12T14:25:21","slug":"milletvekili-bozan-tutsak-avukat-unsala-yonelik-cezaevindeki-iskenceyi-sordu","status":"publish","type":"post","link":"https:\/\/mersinkadingazetesi.com\/?p=35169","title":{"rendered":"Milletvekili Bozan: Tutsak Avukat \u00dcnsal&#8217;a y\u00f6nelik cezaevindeki i\u015fkenceyi sordu"},"content":{"rendered":"\n<p>Milletvekili Bozan, Bakan&#8217;a i\u015fkenceci \u00fcste\u011fmeni sordu: Sizin gibilerin le\u015flerini \u00e7ok g\u00f6rd\u00fck diyen \u00fcste\u011fmen kimdir?<\/p>\n\n\n\n<p>DEM Parti Mersin Milletvekili Ali Bozan, \u00c7a\u011fda\u015f Hukuk\u00e7ular Derne\u011fi \u00fcyesi avukat Ayta\u00e7 \u00dcnsal&#8217;a y\u00f6nelik tutuklu bulundu\u011fu Edirne F Tipi Cezaevi&#8217;nde \u00fcste\u011fmen taraf\u0131ndan uygulanan i\u015fkenceyi Meclis g\u00fcndemine ta\u015f\u0131d\u0131. Milletvekili Bozan, mahpus avukat Ayta\u00e7 \u00dcnsal&#8217;\u0131 hastaneye g\u00f6t\u00fcr\u00fclmek \u00fczere ring arac\u0131nda \u00f6l\u00fcmle tehdit eden ve i\u015fkence uygulayan \u00fcste\u011fmenin kim oldu\u011funu Adalet Bakan\u0131 Y\u0131lmaz Tun\u00e7&#8217;a sordu.<\/p>\n\n\n\n<p>Halklar\u0131n E\u015fitlik ve Demokrasi Partisi (DEM Parti) Mersin Milletvekili Ali Bozan, \u00c7a\u011fda\u015f Hukuk\u00e7ular Derne\u011fi (\u00c7HD) \u0130stanbul \u015eubesi Hapishane Komisyonu&#8217;nun, Edirne F Tipi Cezaevi&#8217;nde tutuklu bulunan \u00fcyeleri avukat Ayta\u00e7 \u00dcnsal&#8217;\u0131n \u00fcste\u011fmen taraf\u0131ndan elleri kelep\u00e7eli halde darp ve \u00f6l\u00fcmle tehdit edildi\u011fini belirttikleri yaz\u0131l\u0131 a\u00e7\u0131klaman\u0131n ard\u0131ndan i\u015fkenceyi Meclis g\u00fcndemine ta\u015f\u0131d\u0131. S\u00f6z konusu olaya dair ba\u015flat\u0131lan bir soru\u015fturma olup olmad\u0131\u011f\u0131n\u0131n kamuoyu taraf\u0131ndan merak edildi\u011fini belirten Bozan, Adalet Bakan\u0131 Y\u0131lmaz Tun\u00e7&#8217;a yan\u0131tlamas\u0131 \u00fczerine soru \u00f6nergesi verdi.<\/p>\n\n\n\n<p>Milletvekili Bozan \u00f6nergesinin a\u00e7\u0131klamas\u0131nda \u015fu ifadelere yer verdi:<\/p>\n\n\n\n<p>&#8220;\u00dcnsal&#8217;\u0131n, 3 Eyl\u00fcl&#8217;de sabah saatlerinde tedavisi i\u00e7in Edirne Devlet Hastanesi&#8217;ne g\u00f6t\u00fcr\u00fcld\u00fc\u011f\u00fcn\u00fc, burada tedavi i\u00e7in beklerken, kendisini hastaneye g\u00f6t\u00fcren askerlerin \u00fcste\u011fmen r\u00fctbeli komutan\u0131 taraf\u0131ndan ring arac\u0131nda bulunan kameray\u0131 eliyle kapatt\u0131\u011f\u0131 gerek\u00e7esiyle sald\u0131r\u0131ya u\u011frad\u0131\u011f\u0131n\u0131 a\u00e7\u0131klam\u0131\u015flard\u0131r.<\/p>\n\n\n\n<p>\u00dcnsal&#8217;\u0131n elleri kelep\u00e7eli halde dakikalarca \u00fcste\u011fmen taraf\u0131ndan darp edildi\u011finin belirtildi\u011fi a\u00e7\u0131klaman\u0131n devam\u0131nda, &#8220;\u00dcste\u011fmen daha sonra meslekta\u015f\u0131m\u0131z\u0131 \u00f6l\u00fcmle tehdit etmi\u015ftir. \u00dcste\u011fmen meslekta\u015f\u0131m\u0131za, &#8216;Sizin gibilerin le\u015flerini \u00e7ok g\u00f6md\u00fck, sizin yeriniz mezar&#8217; gibi ifadelerle s\u00f6zl\u00fc sald\u0131r\u0131lar devam etmi\u015ftir.&#8221; denilmi\u015ftir. Avukat \u00dcnsal, g\u00f6rev yeri ve g\u00f6revlendirme yaz\u0131s\u0131 a\u00e7\u0131k olan s\u00f6z konusu kamu g\u00f6revlileri hakk\u0131nda su\u00e7 duyurusunda bulunmu\u015ftur.<\/p>\n\n\n\n<p>A\u00e7\u0131klamaya g\u00f6re daha \u00f6nce de ayn\u0131 \u00fcste\u011fmen, 9 May\u0131s 2024 tarihinde \u0130nfaz Hakimli\u011fi i\u00e7in duru\u015fmaya giden \u00dcnsal&#8217;a sald\u0131rm\u0131\u015f ve i\u015fkence yapm\u0131\u015ft\u0131r&#8221;.<\/p>\n\n\n\n<p>Milletvekili Bozan, Adalet Bakan\u0131 Y\u0131lmaz Tun\u00e7&#8217;a yan\u0131tlamas\u0131 \u00fczerine ise \u015fu sorular\u0131 sordu:<\/p>\n\n\n\n<p>&#8220;1. \u00c7HD&#8217;li avukat Ayta\u00e7 \u00dcnsal&#8217;a i\u015fkence eden \u00fcste\u011fmen kimdir?<\/p>\n\n\n\n<p>2. \u00dcste\u011fmen hakk\u0131nda i\u015fkence su\u00e7undan adli ve idari soru\u015fturma a\u00e7\u0131lm\u0131\u015f m\u0131d\u0131r?<\/p>\n\n\n\n<p>3. Soru\u015fturma a\u00e7\u0131ld\u0131ysa ak\u0131beti nedir?<\/p>\n\n\n\n<p>4. \u00dcste\u011fmen hakk\u0131nda tedbiren g\u00f6revden uzakla\u015ft\u0131rma karar\u0131 verilmi\u015f midir?<\/p>\n\n\n\n<p>5. \u00dcste\u011fmenin &#8220;Sizin gibilerin le\u015flerini \u00e7ok g\u00f6md\u00fck, sizin yeriniz mezar&#8221; demesi sebebiyle i\u015flemi\u015f oldu\u011fu ba\u015fkaca su\u00e7lar y\u00f6n\u00fcnden soru\u015fturma yap\u0131lacak m\u0131d\u0131r?<\/p>\n\n\n\n<p>6. Ring ara\u00e7lar\u0131ndaki kameralar\u0131n amac\u0131 mahpuslara i\u015fkence edilmesinin \u00f6nlenmesi ve olas\u0131 bir ihtimalde delil olu\u015fmas\u0131 iken mahpusun kameray\u0131 kapatmas\u0131 nedeniyle a\u00e7\u0131k\u00e7a i\u015fkence g\u00f6rmesi, kameralar\u0131n konulu\u015f amac\u0131na ayk\u0131r\u0131 de\u011fil midir?<\/p>\n\n\n\n<p>7. Bakanl\u0131\u011f\u0131n\u0131z\u0131n i\u015fkenceyle m\u00fccadele etmek i\u00e7in kurdu\u011fu bir mekanizma var m\u0131d\u0131r?&#8221;<\/p>\n","protected":false},"excerpt":{"rendered":"<p>Milletvekili Bozan, Bakan&#8217;a i\u015fkenceci \u00fcste\u011fmeni sordu: Sizin gibilerin le\u015flerini \u00e7ok g\u00f6rd\u00fck diyen \u00fcste\u011fmen kimdir? DEM Parti Mersin Milletvekili Ali Bozan, \u00c7a\u011fda\u015f Hukuk\u00e7ular Derne\u011fi \u00fcyesi avukat Ayta\u00e7 \u00dcnsal&#8217;a y\u00f6nelik tutuklu bulundu\u011fu Edirne F Tipi Cezaevi&#8217;nde \u00fcste\u011fmen taraf\u0131ndan uygulanan i\u015fkenceyi Meclis g\u00fcndemine ta\u015f\u0131d\u0131. Milletvekili Bozan, mahpus avukat Ayta\u00e7 \u00dcnsal&#8217;\u0131 hastaneye g\u00f6t\u00fcr\u00fclmek \u00fczere ring arac\u0131nda \u00f6l\u00fcmle tehdit eden [&hellip;]<\/p>\n","protected":false},"author":2,"featured_media":35170,"comment_status":"closed","ping_status":"closed","sticky":false,"template":"","format":"standard","meta":{"footnotes":""},"categories":[3],"tags":[],"class_list":["post-35169","post","type-post","status-publish","format-standard","has-post-thumbnail","hentry","category-manset"],"views":8,"_links":{"self":[{"href":"https:\/\/mersinkadingazetesi.com\/index.php?rest_route=\/wp\/v2\/posts\/35169"}],"collection":[{"href":"https:\/\/mersinkadingazetesi.com\/index.php?rest_route=\/wp\/v2\/posts"}],"about":[{"href":"https:\/\/mersinkadingazetesi.com\/index.php?rest_route=\/wp\/v2\/types\/post"}],"author":[{"embeddable":true,"href":"https:\/\/mersinkadingazetesi.com\/index.php?rest_route=\/wp\/v2\/users\/2"}],"replies":[{"embeddable":true,"href":"https:\/\/mersinkadingazetesi.com\/index.php?rest_route=%2Fwp%2Fv2%2Fcomments&post=35169"}],"version-history":[{"count":1,"href":"https:\/\/mersinkadingazetesi.com\/index.php?rest_route=\/wp\/v2\/posts\/35169\/revisions"}],"predecessor-version":[{"id":35171,"href":"https:\/\/mersinkadingazetesi.com\/index.php?rest_route=\/wp\/v2\/posts\/35169\/revisions\/35171"}],"wp:featuredmedia":[{"embeddable":true,"href":"https:\/\/mersinkadingazetesi.com\/index.php?rest_route=\/wp\/v2\/media\/35170"}],"wp:attachment":[{"href":"https:\/\/mersinkadingazetesi.com\/index.php?rest_route=%2Fwp%2Fv2%2Fmedia&parent=35169"}],"wp:term":[{"taxonomy":"category","embeddable":true,"href":"https:\/\/mersinkadingazetesi.com\/index.php?rest_route=%2Fwp%2Fv2%2Fcategories&post=35169"},{"taxonomy":"post_tag","embeddable":true,"href":"https:\/\/mersinkadingazetesi.com\/index.php?rest_route=%2Fwp%2Fv2%2Ftags&post=35169"}],"curies":[{"name":"wp","href":"https:\/\/api.w.org\/{rel}","templated":true}]}}