{"id":35176,"date":"2024-09-13T12:10:44","date_gmt":"2024-09-13T09:10:44","guid":{"rendered":"https:\/\/mersinkadingazetesi.com\/?p=35176"},"modified":"2024-09-13T12:10:45","modified_gmt":"2024-09-13T09:10:45","slug":"yenisehir-belediyesi-ve-mtso-uluslararasi-kultur-festivali-duzenleyecek","status":"publish","type":"post","link":"https:\/\/mersinkadingazetesi.com\/?p=35176","title":{"rendered":"Yeni\u015fehir Belediyesi ve MTSO uluslararas\u0131 k\u00fclt\u00fcr festivali d\u00fczenleyecek"},"content":{"rendered":"\n<p>Mersin Yeni\u015fehir Belediyesi ile Mersin Ticaret ve Sanayi Odas\u0131(MTSO) aras\u0131nda i\u015f birli\u011fi protokol\u00fc yap\u0131ld\u0131. Protokol kapsam\u0131nda 12-20 Ekim tarihleri aras\u0131nda Mersin\u2019de Uluslararas\u0131 Yeni\u015fehir K\u00fclt\u00fcr Festivali d\u00fczenlenecek. Ayr\u0131ca 9. Mersin CNR Kitap Fuar\u0131 da bu y\u0131l Uluslararas\u0131 Yeni\u015fehir K\u00fclt\u00fcr Festivali kapsam\u0131nda CNR Holding i\u015f birli\u011fiyle ayn\u0131 tarihlerde ger\u00e7ekle\u015ftirilecek.<\/p>\n\n\n\n<p>Mersin ve Yeni\u015fehir\u2019de sosyal, k\u00fclt\u00fcrel ve ekonomik hayat\u0131n canland\u0131r\u0131lmas\u0131, uluslararas\u0131 k\u00fclt\u00fcrel i\u015f birliklerinin te\u015fvik edilmesi, sanat ve k\u00fclt\u00fcrel etkinliklerin yayg\u0131nla\u015ft\u0131r\u0131lmas\u0131 amac\u0131yla Uluslararas\u0131 Yeni\u015fehir K\u00fclt\u00fcr Festivali d\u00fczenlenecek. Yeni\u015fehir Belediyesi ve MTSO i\u015f birli\u011fiyle ger\u00e7ekle\u015ftirilecek festival kapsam\u0131nda ulusal ve uluslararas\u0131 sanat\u00e7\u0131lar\u0131n kat\u0131l\u0131m\u0131yla sanat bulu\u015fmalar\u0131, imza g\u00fcnleri ve s\u00f6yle\u015filer gibi etkinlikler yap\u0131lacak. Mersin Yeni\u015fehir Belediye Ba\u015fkan\u0131 Abdullah \u00d6zyi\u011fit ve MTSO Y\u00f6netim Kurulu Ba\u015fkan\u0131 Hakan Sefa \u00c7ak\u0131r i\u015f birli\u011fi protokol\u00fcn\u00fc imzalad\u0131.<\/p>\n\n\n\n<p>Festivalin k\u00fclt\u00fcr ve sanat alan\u0131nda Mersin\u2019de \u00f6nemli bir etki yarataca\u011f\u0131n\u0131 ifade eden Ba\u015fkan Abdullah \u00d6zyi\u011fit, Mersinli \u015fair ve yazar \u00d6zdemir \u0130nce\u2019nin festivalin onur konu\u011fu olaca\u011f\u0131n\u0131 s\u00f6yledi.<\/p>\n\n\n\n<p>Ba\u015fkan \u00d6zyi\u011fit, Mersin Ticaret ve Sanayi Odas\u0131 ve CNR Holding\u2019e desteklerinden dolay\u0131 te\u015fekk\u00fcr etti.<\/p>\n","protected":false},"excerpt":{"rendered":"<p>Mersin Yeni\u015fehir Belediyesi ile Mersin Ticaret ve Sanayi Odas\u0131(MTSO) aras\u0131nda i\u015f birli\u011fi protokol\u00fc yap\u0131ld\u0131. Protokol kapsam\u0131nda 12-20 Ekim tarihleri aras\u0131nda Mersin\u2019de Uluslararas\u0131 Yeni\u015fehir K\u00fclt\u00fcr Festivali d\u00fczenlenecek. Ayr\u0131ca 9. Mersin CNR Kitap Fuar\u0131 da bu y\u0131l Uluslararas\u0131 Yeni\u015fehir K\u00fclt\u00fcr Festivali kapsam\u0131nda CNR Holding i\u015f birli\u011fiyle ayn\u0131 tarihlerde ger\u00e7ekle\u015ftirilecek. Mersin ve Yeni\u015fehir\u2019de sosyal, k\u00fclt\u00fcrel ve ekonomik hayat\u0131n [&hellip;]<\/p>\n","protected":false},"author":2,"featured_media":35177,"comment_status":"closed","ping_status":"closed","sticky":false,"template":"","format":"standard","meta":{"footnotes":""},"categories":[3],"tags":[],"class_list":["post-35176","post","type-post","status-publish","format-standard","has-post-thumbnail","hentry","category-manset"],"views":10,"_links":{"self":[{"href":"https:\/\/mersinkadingazetesi.com\/index.php?rest_route=\/wp\/v2\/posts\/35176"}],"collection":[{"href":"https:\/\/mersinkadingazetesi.com\/index.php?rest_route=\/wp\/v2\/posts"}],"about":[{"href":"https:\/\/mersinkadingazetesi.com\/index.php?rest_route=\/wp\/v2\/types\/post"}],"author":[{"embeddable":true,"href":"https:\/\/mersinkadingazetesi.com\/index.php?rest_route=\/wp\/v2\/users\/2"}],"replies":[{"embeddable":true,"href":"https:\/\/mersinkadingazetesi.com\/index.php?rest_route=%2Fwp%2Fv2%2Fcomments&post=35176"}],"version-history":[{"count":1,"href":"https:\/\/mersinkadingazetesi.com\/index.php?rest_route=\/wp\/v2\/posts\/35176\/revisions"}],"predecessor-version":[{"id":35178,"href":"https:\/\/mersinkadingazetesi.com\/index.php?rest_route=\/wp\/v2\/posts\/35176\/revisions\/35178"}],"wp:featuredmedia":[{"embeddable":true,"href":"https:\/\/mersinkadingazetesi.com\/index.php?rest_route=\/wp\/v2\/media\/35177"}],"wp:attachment":[{"href":"https:\/\/mersinkadingazetesi.com\/index.php?rest_route=%2Fwp%2Fv2%2Fmedia&parent=35176"}],"wp:term":[{"taxonomy":"category","embeddable":true,"href":"https:\/\/mersinkadingazetesi.com\/index.php?rest_route=%2Fwp%2Fv2%2Fcategories&post=35176"},{"taxonomy":"post_tag","embeddable":true,"href":"https:\/\/mersinkadingazetesi.com\/index.php?rest_route=%2Fwp%2Fv2%2Ftags&post=35176"}],"curies":[{"name":"wp","href":"https:\/\/api.w.org\/{rel}","templated":true}]}}