{"id":35185,"date":"2024-09-13T12:17:19","date_gmt":"2024-09-13T09:17:19","guid":{"rendered":"https:\/\/mersinkadingazetesi.com\/?p=35185"},"modified":"2024-09-13T12:17:20","modified_gmt":"2024-09-13T09:17:20","slug":"gelecege-nefes-olmak-icin-yanan-alanlara-ilk-fidanlar-ogrenciler-tarafindan-dikildi","status":"publish","type":"post","link":"https:\/\/mersinkadingazetesi.com\/?p=35185","title":{"rendered":"Gelece\u011fe Nefes Olmak \u0130\u00e7in Yanan Alanlara \u0130lk Fidanlar \u00d6\u011frenciler Taraf\u0131ndan Dikildi"},"content":{"rendered":"\n<p>Mersin Orman B\u00f6lge M\u00fcd\u00fcrl\u00fc\u011f\u00fcm\u00fcze ba\u011fl\u0131 Silifke Orman \u0130\u015fletme M\u00fcd\u00fcrl\u00fc\u011f\u00fcnce \u0130lk\u00f6\u011fretim haftas\u0131 kapsam\u0131nda, 11 A\u011fustos 2024 tarihinde Silifke \u0130l\u00e7esi Ye\u015filovac\u0131k mahallesinde meydana gelen orman yang\u0131n\u0131 sonras\u0131nda, toprak i\u015flemesi yap\u0131lan sahada fidan dikim etkinli\u011fi ger\u00e7ekle\u015ftirildi.<\/p>\n\n\n\n<p>Etkinlikte, Silifke Orman \u0130\u015fletme M\u00fcd\u00fcrl\u00fc\u011f\u00fc personeli, \u0130l\u00e7e Milli E\u011fitim M\u00fcd\u00fcrl\u00fc\u011f\u00fcne ba\u011fl\u0131 8 okuldan 200 \u00f6\u011frenci ve \u00f6\u011fretmen ile \u0130l\u00e7e Jandarma Komutanl\u0131\u011f\u0131 Personelinin de kat\u0131l\u0131m\u0131yla, 2 bin adet incir ve ke\u00e7i boynuzu fidan\u0131 toprakla bulu\u015fturuldu.<\/p>\n\n\n\n<p>Mersin Orman\u200b B\u00f6lge M\u00fcd\u00fcrl\u00fc\u011f\u00fc olarak yeni e\u011fitim-\u00f6\u011fretim y\u0131l\u0131nda t\u00fcm \u00f6\u011frencilerimize ba\u015far\u0131lar dileriz.\u200b<\/p>\n","protected":false},"excerpt":{"rendered":"<p>Mersin Orman B\u00f6lge M\u00fcd\u00fcrl\u00fc\u011f\u00fcm\u00fcze ba\u011fl\u0131 Silifke Orman \u0130\u015fletme M\u00fcd\u00fcrl\u00fc\u011f\u00fcnce \u0130lk\u00f6\u011fretim haftas\u0131 kapsam\u0131nda, 11 A\u011fustos 2024 tarihinde Silifke \u0130l\u00e7esi Ye\u015filovac\u0131k mahallesinde meydana gelen orman yang\u0131n\u0131 sonras\u0131nda, toprak i\u015flemesi yap\u0131lan sahada fidan dikim etkinli\u011fi ger\u00e7ekle\u015ftirildi. Etkinlikte, Silifke Orman \u0130\u015fletme M\u00fcd\u00fcrl\u00fc\u011f\u00fc personeli, \u0130l\u00e7e Milli E\u011fitim M\u00fcd\u00fcrl\u00fc\u011f\u00fcne ba\u011fl\u0131 8 okuldan 200 \u00f6\u011frenci ve \u00f6\u011fretmen ile \u0130l\u00e7e Jandarma Komutanl\u0131\u011f\u0131 Personelinin [&hellip;]<\/p>\n","protected":false},"author":2,"featured_media":35186,"comment_status":"closed","ping_status":"closed","sticky":false,"template":"","format":"standard","meta":{"footnotes":""},"categories":[2,3],"tags":[],"class_list":["post-35185","post","type-post","status-publish","format-standard","has-post-thumbnail","hentry","category-gundem","category-manset"],"views":10,"_links":{"self":[{"href":"https:\/\/mersinkadingazetesi.com\/index.php?rest_route=\/wp\/v2\/posts\/35185"}],"collection":[{"href":"https:\/\/mersinkadingazetesi.com\/index.php?rest_route=\/wp\/v2\/posts"}],"about":[{"href":"https:\/\/mersinkadingazetesi.com\/index.php?rest_route=\/wp\/v2\/types\/post"}],"author":[{"embeddable":true,"href":"https:\/\/mersinkadingazetesi.com\/index.php?rest_route=\/wp\/v2\/users\/2"}],"replies":[{"embeddable":true,"href":"https:\/\/mersinkadingazetesi.com\/index.php?rest_route=%2Fwp%2Fv2%2Fcomments&post=35185"}],"version-history":[{"count":1,"href":"https:\/\/mersinkadingazetesi.com\/index.php?rest_route=\/wp\/v2\/posts\/35185\/revisions"}],"predecessor-version":[{"id":35187,"href":"https:\/\/mersinkadingazetesi.com\/index.php?rest_route=\/wp\/v2\/posts\/35185\/revisions\/35187"}],"wp:featuredmedia":[{"embeddable":true,"href":"https:\/\/mersinkadingazetesi.com\/index.php?rest_route=\/wp\/v2\/media\/35186"}],"wp:attachment":[{"href":"https:\/\/mersinkadingazetesi.com\/index.php?rest_route=%2Fwp%2Fv2%2Fmedia&parent=35185"}],"wp:term":[{"taxonomy":"category","embeddable":true,"href":"https:\/\/mersinkadingazetesi.com\/index.php?rest_route=%2Fwp%2Fv2%2Fcategories&post=35185"},{"taxonomy":"post_tag","embeddable":true,"href":"https:\/\/mersinkadingazetesi.com\/index.php?rest_route=%2Fwp%2Fv2%2Ftags&post=35185"}],"curies":[{"name":"wp","href":"https:\/\/api.w.org\/{rel}","templated":true}]}}