{"id":35191,"date":"2024-09-13T12:27:07","date_gmt":"2024-09-13T09:27:07","guid":{"rendered":"https:\/\/mersinkadingazetesi.com\/?p=35191"},"modified":"2024-09-13T12:27:07","modified_gmt":"2024-09-13T09:27:07","slug":"4-uluslararasi-egitimde-ve-kulturde-akademik-calismalar-sempozyumu-basliyor","status":"publish","type":"post","link":"https:\/\/mersinkadingazetesi.com\/?p=35191","title":{"rendered":"4. Uluslararas\u0131 E\u011fitimde ve K\u00fclt\u00fcrde Akademik \u00c7al\u0131\u015fmalar Sempozyumu ba\u015fl\u0131yor"},"content":{"rendered":"\n<p>\u201c4. Uluslararas\u0131 E\u011fitimde ve K\u00fclt\u00fcrde Akademik \u00c7al\u0131\u015fmalar Sempozyumu\u201d (International Symposium of Academic Studies On Education And Cultural-ISASEC 2024) bu y\u0131l Anamur\u2019da d\u00fczenlenlenecek. Sempozyum, T\u00fcrkiye ve d\u00fcnya \u00e7ap\u0131nda e\u011fitim ve k\u00fclt\u00fcr \u00fczerine yap\u0131lan akademik \u00e7al\u0131\u015fmalar\u0131n bilimsel bir ortamda payla\u015f\u0131lmas\u0131n\u0131 ve de\u011ferlendirilmesini sa\u011flayacak.<\/p>\n\n\n\n<p>19-21 Eyl\u00fcl 2024 tarihleri aras\u0131nda Mersin \u00dcniversitesi (ME\u00dc) Anamur Meslek Y\u00fcksekokulu\u2019nda \u201cT\u00fcrkiye Cumhuriyeti\u2019nin 100. Y\u0131l\u0131 ve T\u00fcrkiye Y\u00fczy\u0131l\u0131\u201d ana temas\u0131 ile disiplinler aras\u0131 bir yakla\u015f\u0131mla ger\u00e7ekle\u015ftirilecek sempozyumda, e\u011fitim ve k\u00fclt\u00fcr temalar\u0131 akademik ba\u011flamda tart\u0131\u015f\u0131lacak. \u00c7ok say\u0131da bilim insan\u0131n\u0131n kat\u0131laca\u011f\u0131 sempozyumda iki g\u00fcn boyunca E\u011fitim Bilimleri, Sosyal Bilimler, Sa\u011fl\u0131k Bilimleri, Matematik ve Fen Bilimleri, Spor Bilimleri, G\u00fczel Sanatlar vb. alanlara ait bildiriler sunulacak.<\/p>\n\n\n\n<p>Milli E\u011fitim Bakan\u0131 Prof. Dr. Yusuf Tekin, K\u00fclt\u00fcr ve Turizm Bakan\u0131 Mehmet Nuri Ersoy, Y\u00fcksek\u00f6\u011fretim Kurulu (Y\u00d6K) Ba\u015fkan\u0131 Prof. Dr. Erol \u00d6zvar, Cumhurba\u015fkanl\u0131\u011f\u0131 Devlet Ar\u015fivleri Ba\u015fkan\u0131 Prof. Dr. U\u011fur \u00dcnal, T\u00fcrk Dil Kurumu Ba\u015fkan\u0131 Prof. Dr. Osman Mert, Mersin \u00dcniversitesi Rekt\u00f6r\u00fc Prof. Dr. Erol Ya\u015far, Gazi \u00dcniversitesi Rekt\u00f6r\u00fc Prof. Dr. Musa Y\u0131ld\u0131z, Tarsus \u00dcniversitesi Rekt\u00f6r\u00fc Orhan Ayd\u0131n, \u00c7a\u011f \u00dcniversitesi Rekt\u00f6r\u00fc Prof. Dr. \u00dcnal Ay, Toros \u00dcniversitesi Rekt\u00f6r\u00fc Prof. Dr. \u00d6mer Ar\u0131\u00f6z, Kosova Prizren Ukshin Hoti \u00dcniversitesi Rekt\u00f6r\u00fc Do\u00e7. Dr. Mentor Al\u0131shan\u0131, Anamur Kaymakam\u0131 Bilal Bozdemir, Silifke Kaymakam\u0131 Abdullah Aslaner, Anamur Belediye Ba\u015fkan\u0131 Durmu\u015f Deniz, Silifke Belediye Ba\u015fkan\u0131 Mustafa Turgut, Anamur Cumhuriyet Ba\u015fsavc\u0131s\u0131 Tanju \u00c7atl\u0131, Anamur Ticaret ve Sanayi Odas\u0131 Ba\u015fkan\u0131 Mehmet Tuna, Silifke Ticaret ve Sanayi Odas\u0131 Ba\u015fkan\u0131 Nurettin Kaynar, Anamur \u0130l\u00e7e Milli E\u011fitim M\u00fcd\u00fcr\u00fc \u0130lyas Mercan ve Silifke \u0130l\u00e7e Milli E\u011fitim M\u00fcd\u00fcr\u00fc Mustafa Sezgin\u2019in Onur Kurulu\u2019nda yer ald\u0131\u011f\u0131 sempozyumun ba\u015fkanl\u0131\u011f\u0131n\u0131 Mersin \u00dcniversitesi Rekt\u00f6r\u00fc Prof. Dr. Erol Ya\u015far yapacak.<\/p>\n\n\n\n<p>Sempozyumda, Macaristan Pazmany Peter Katolik \u00dcniversitesi\u2019nden Prof. Dr. Eva Csaki, Bosna Hersek E\u011fitim \u00dcniversitesi\u2019nden Prof.Dr. Alena \u00c7atovi\u00e7, Litvanya Vilnius \u00dcniversitesi\u2019nden Do\u00e7. Dr. Galina Miskiniene, Tiran \u00dcniversitesi\/Tarih Filoloji Fak\u00fcltesi UNYT\/Balkan Ara\u015ft\u0131rmalar\u0131 Merkezi\u2019nden Prof. Asoc. Lindita Xhanari ve H\u00e2rezmi \u00dcniversitesi\/Tahran \u2013 \u0130ran\u2019dan Do\u00e7. Dr. Nas\u0131r Kuli Sarl\u0131, T.C. \u0130leti\u015fim Ba\u015fkanl\u0131\u011f\u0131 Yay\u0131n Koordinat\u00f6r\u00fc Dr. Serkan \u00d6kten, Bas\u0131n \u0130lan Kurumu Adana \u015eube M\u00fcd\u00fcr\u00fc Dr. \u00c7etin Oranl\u0131, Anadolu Ajans\u0131 T\u00fcrkiye Haberleri Direkt\u00f6r\u00fc H\u00fcseyin Y\u0131lmaz ve Anadolu Ajans\u0131 Adana B\u00f6lge M\u00fcd\u00fcr\u00fc \u0130brahim Erikan konu\u015fmac\u0131 olarak yer al\u0131yor.<\/p>\n","protected":false},"excerpt":{"rendered":"<p>\u201c4. Uluslararas\u0131 E\u011fitimde ve K\u00fclt\u00fcrde Akademik \u00c7al\u0131\u015fmalar Sempozyumu\u201d (International Symposium of Academic Studies On Education And Cultural-ISASEC 2024) bu y\u0131l Anamur\u2019da d\u00fczenlenlenecek. Sempozyum, T\u00fcrkiye ve d\u00fcnya \u00e7ap\u0131nda e\u011fitim ve k\u00fclt\u00fcr \u00fczerine yap\u0131lan akademik \u00e7al\u0131\u015fmalar\u0131n bilimsel bir ortamda payla\u015f\u0131lmas\u0131n\u0131 ve de\u011ferlendirilmesini sa\u011flayacak. 19-21 Eyl\u00fcl 2024 tarihleri aras\u0131nda Mersin \u00dcniversitesi (ME\u00dc) Anamur Meslek Y\u00fcksekokulu\u2019nda \u201cT\u00fcrkiye Cumhuriyeti\u2019nin 100. [&hellip;]<\/p>\n","protected":false},"author":2,"featured_media":35192,"comment_status":"closed","ping_status":"closed","sticky":false,"template":"","format":"standard","meta":{"footnotes":""},"categories":[3],"tags":[],"class_list":["post-35191","post","type-post","status-publish","format-standard","has-post-thumbnail","hentry","category-manset"],"views":8,"_links":{"self":[{"href":"https:\/\/mersinkadingazetesi.com\/index.php?rest_route=\/wp\/v2\/posts\/35191"}],"collection":[{"href":"https:\/\/mersinkadingazetesi.com\/index.php?rest_route=\/wp\/v2\/posts"}],"about":[{"href":"https:\/\/mersinkadingazetesi.com\/index.php?rest_route=\/wp\/v2\/types\/post"}],"author":[{"embeddable":true,"href":"https:\/\/mersinkadingazetesi.com\/index.php?rest_route=\/wp\/v2\/users\/2"}],"replies":[{"embeddable":true,"href":"https:\/\/mersinkadingazetesi.com\/index.php?rest_route=%2Fwp%2Fv2%2Fcomments&post=35191"}],"version-history":[{"count":1,"href":"https:\/\/mersinkadingazetesi.com\/index.php?rest_route=\/wp\/v2\/posts\/35191\/revisions"}],"predecessor-version":[{"id":35193,"href":"https:\/\/mersinkadingazetesi.com\/index.php?rest_route=\/wp\/v2\/posts\/35191\/revisions\/35193"}],"wp:featuredmedia":[{"embeddable":true,"href":"https:\/\/mersinkadingazetesi.com\/index.php?rest_route=\/wp\/v2\/media\/35192"}],"wp:attachment":[{"href":"https:\/\/mersinkadingazetesi.com\/index.php?rest_route=%2Fwp%2Fv2%2Fmedia&parent=35191"}],"wp:term":[{"taxonomy":"category","embeddable":true,"href":"https:\/\/mersinkadingazetesi.com\/index.php?rest_route=%2Fwp%2Fv2%2Fcategories&post=35191"},{"taxonomy":"post_tag","embeddable":true,"href":"https:\/\/mersinkadingazetesi.com\/index.php?rest_route=%2Fwp%2Fv2%2Ftags&post=35191"}],"curies":[{"name":"wp","href":"https:\/\/api.w.org\/{rel}","templated":true}]}}