{"id":35194,"date":"2024-09-13T12:28:40","date_gmt":"2024-09-13T09:28:40","guid":{"rendered":"https:\/\/mersinkadingazetesi.com\/?p=35194"},"modified":"2024-09-13T12:28:41","modified_gmt":"2024-09-13T09:28:41","slug":"tatlisu-kadin-kooperatifi-ilk-genel-kurulunu-yapti","status":"publish","type":"post","link":"https:\/\/mersinkadingazetesi.com\/?p=35194","title":{"rendered":"TATLISU KADIN KOOPERAT\u0130F\u0130 \u0130LK GENEL KURULUNU YAPTI"},"content":{"rendered":"\n<p>Tatl\u0131su Kad\u0131n Kooperatifi ile b\u00f6lgedeki kad\u0131nlar\u0131n \u00fcr\u00fcnleri halkla bulu\u015fturulacak, ekonomik olarak g\u00fc\u00e7lenmelerine katk\u0131 sa\u011flanacak\u2026<\/p>\n\n\n\n<p>KKTC Tatl\u0131su\u2019da kad\u0131nlar\u0131n \u00fcretkenli\u011fini ve ekonomiye katk\u0131lar\u0131n\u0131 art\u0131rmak amac\u0131yla kurulan Tatl\u0131su Kad\u0131n Kooperatifi (TAT-KA-KOOP), ilk genel kurulunu ger\u00e7ekle\u015ftirdi. Belediye Ba\u015fkan\u0131 Hayri Or\u00e7an, sosyal medya hesab\u0131ndan yapt\u0131\u011f\u0131 a\u00e7\u0131klamayla bu \u00f6nemli geli\u015fmeyi duyurdu.<\/p>\n\n\n\n<p>Or\u00e7an, payla\u015f\u0131m\u0131nda \u201cUzun zamand\u0131r \u00fczerinde \u00e7al\u0131\u015ft\u0131\u011f\u0131m\u0131z \u2018\u00fcreterek var olabiliriz\u2019 anlay\u0131\u015f\u0131 ile Tatl\u0131sulu \u00fcreten kad\u0131nlar\u0131m\u0131z\u0131 bir \u00e7at\u0131 alt\u0131nda toplayarak, \u00fcr\u00fcnlerini sa\u011fl\u0131k ko\u015fullar\u0131na uygun \u015fekilde halka ula\u015ft\u0131rmak ve aile b\u00fct\u00e7elerine katk\u0131 sa\u011flamak amac\u0131yla kooperatif \u00e7at\u0131s\u0131 alt\u0131nda toplad\u0131k\u201d diyerek, kad\u0131nlar\u0131n bu giri\u015fiminin b\u00f6lgeye \u00f6nemli faydalar sa\u011flayaca\u011f\u0131na inand\u0131\u011f\u0131n\u0131 belirtti.<\/p>\n\n\n\n<p>Ba\u015fkan Or\u00e7an, kooperatifin kurulu\u015f s\u00fcrecinde destek verenlere te\u015fekk\u00fcr ederek, \u201cBu s\u00fcre\u00e7te cesaretle yola \u00e7\u0131kan, bize inanan kad\u0131nlar\u0131m\u0131za ve bize destek veren herkese te\u015fekk\u00fcr ederim\u201d ifadelerini kulland\u0131.<\/p>\n\n\n\n<p>Ayr\u0131ca se\u00e7ilen y\u00f6netim kurulunu tebrik eden Or\u00e7an, \u201c\u00c7\u0131km\u0131\u015f olduklar\u0131 bu yolda onlar\u0131 yaln\u0131z b\u0131rakmayaca\u011f\u0131z, deste\u011fimiz devam edecektir. B\u00f6lgemize ve \u00fcreten kad\u0131nlar\u0131m\u0131za hay\u0131rl\u0131 olsun\u201d diyerek, Tatl\u0131su Kad\u0131n Kooperatifi\u2019nin ba\u015far\u0131l\u0131 bir \u015fekilde faaliyetlerini s\u00fcrd\u00fcrece\u011fine inand\u0131\u011f\u0131n\u0131 vurgulad\u0131.<\/p>\n","protected":false},"excerpt":{"rendered":"<p>Tatl\u0131su Kad\u0131n Kooperatifi ile b\u00f6lgedeki kad\u0131nlar\u0131n \u00fcr\u00fcnleri halkla bulu\u015fturulacak, ekonomik olarak g\u00fc\u00e7lenmelerine katk\u0131 sa\u011flanacak\u2026 KKTC Tatl\u0131su\u2019da kad\u0131nlar\u0131n \u00fcretkenli\u011fini ve ekonomiye katk\u0131lar\u0131n\u0131 art\u0131rmak amac\u0131yla kurulan Tatl\u0131su Kad\u0131n Kooperatifi (TAT-KA-KOOP), ilk genel kurulunu ger\u00e7ekle\u015ftirdi. Belediye Ba\u015fkan\u0131 Hayri Or\u00e7an, sosyal medya hesab\u0131ndan yapt\u0131\u011f\u0131 a\u00e7\u0131klamayla bu \u00f6nemli geli\u015fmeyi duyurdu. Or\u00e7an, payla\u015f\u0131m\u0131nda \u201cUzun zamand\u0131r \u00fczerinde \u00e7al\u0131\u015ft\u0131\u011f\u0131m\u0131z \u2018\u00fcreterek var olabiliriz\u2019 anlay\u0131\u015f\u0131 [&hellip;]<\/p>\n","protected":false},"author":2,"featured_media":35195,"comment_status":"closed","ping_status":"closed","sticky":false,"template":"","format":"standard","meta":{"footnotes":""},"categories":[34,3],"tags":[],"class_list":["post-35194","post","type-post","status-publish","format-standard","has-post-thumbnail","hentry","category-flas-haber","category-manset"],"views":12,"_links":{"self":[{"href":"https:\/\/mersinkadingazetesi.com\/index.php?rest_route=\/wp\/v2\/posts\/35194"}],"collection":[{"href":"https:\/\/mersinkadingazetesi.com\/index.php?rest_route=\/wp\/v2\/posts"}],"about":[{"href":"https:\/\/mersinkadingazetesi.com\/index.php?rest_route=\/wp\/v2\/types\/post"}],"author":[{"embeddable":true,"href":"https:\/\/mersinkadingazetesi.com\/index.php?rest_route=\/wp\/v2\/users\/2"}],"replies":[{"embeddable":true,"href":"https:\/\/mersinkadingazetesi.com\/index.php?rest_route=%2Fwp%2Fv2%2Fcomments&post=35194"}],"version-history":[{"count":1,"href":"https:\/\/mersinkadingazetesi.com\/index.php?rest_route=\/wp\/v2\/posts\/35194\/revisions"}],"predecessor-version":[{"id":35196,"href":"https:\/\/mersinkadingazetesi.com\/index.php?rest_route=\/wp\/v2\/posts\/35194\/revisions\/35196"}],"wp:featuredmedia":[{"embeddable":true,"href":"https:\/\/mersinkadingazetesi.com\/index.php?rest_route=\/wp\/v2\/media\/35195"}],"wp:attachment":[{"href":"https:\/\/mersinkadingazetesi.com\/index.php?rest_route=%2Fwp%2Fv2%2Fmedia&parent=35194"}],"wp:term":[{"taxonomy":"category","embeddable":true,"href":"https:\/\/mersinkadingazetesi.com\/index.php?rest_route=%2Fwp%2Fv2%2Fcategories&post=35194"},{"taxonomy":"post_tag","embeddable":true,"href":"https:\/\/mersinkadingazetesi.com\/index.php?rest_route=%2Fwp%2Fv2%2Ftags&post=35194"}],"curies":[{"name":"wp","href":"https:\/\/api.w.org\/{rel}","templated":true}]}}