{"id":35197,"date":"2024-09-13T14:09:08","date_gmt":"2024-09-13T11:09:08","guid":{"rendered":"https:\/\/mersinkadingazetesi.com\/?p=35197"},"modified":"2024-09-13T14:09:08","modified_gmt":"2024-09-13T11:09:08","slug":"diskten-mersindeki-buyuk-bir-miting-oncesinde-baskan-secere-ziyaret","status":"publish","type":"post","link":"https:\/\/mersinkadingazetesi.com\/?p=35197","title":{"rendered":"D\u0130SK&#8217;TEN MERS\u0130N&#8217;DEK\u0130 B\u00dcY\u00dcK B\u0130R M\u0130T\u0130NG \u00d6NCES\u0130NDE BA\u015eKAN SE\u00c7ER&#8217;E Z\u0130YARET"},"content":{"rendered":"\n<p>Devrimci \u0130\u015f\u00e7i Sendikalar\u0131 Konfederasyonu (D\u0130SK) Genel Ba\u015fkan\u0131 Arzu \u00c7erkezo\u011flu, D\u0130SK \u00c7ukurova B\u00f6lge Temsilcisi ve Genel \u0130\u015f Mersin \u015eube Ba\u015fkan\u0131 Kemal G\u00f6ksoy ve Y\u00f6netim Kurulu \u00dcyeleri Mersin B\u00fcy\u00fck\u015fehir Belediye Ba\u015fkan\u0131 Vahap Se\u00e7er&#8217;i ziyaret etti.<\/p>\n\n\n\n<p>D\u0130SK Genel Ba\u015fkan\u0131 Arzu \u00c7erkezo\u011flu ve beraberindeki temsilciler,&nbsp;<strong><em>&#8220;Art\u0131k Yeter! Ge\u00e7inemiyoruz&#8221;<\/em><\/strong>&nbsp;slogan\u0131yla ger\u00e7ekle\u015ftirecekleri&nbsp;<strong><em>&#8220;Gelirde, Vergide, \u00dclkede Adalet \u0130stiyoruz&#8221;<\/em><\/strong>&nbsp;ba\u015fl\u0131kl\u0131&nbsp;<strong><em>&#8220;D\u0130SK \u00c7ukurova B\u00f6lgesi B\u00fcy\u00fck \u0130\u015f\u00e7i Bulu\u015fmas\u0131&#8221;<\/em><\/strong>&nbsp;\u00f6ncesinde Ba\u015fkan Se\u00e7er&#8217;i ziyaret etti.<\/p>\n\n\n\n<p>Ziyarette; Mersin B\u00fcy\u00fck\u015fehir Belediye Ba\u015fkan\u0131 Vahap Se\u00e7er, D\u0130SK Genel Ba\u015fkan\u0131 Arzu \u00c7erkezo\u011flu, D\u0130SK Genel Ba\u015fkan Yard\u0131mc\u0131s\u0131 ve Genel-\u0130\u015f Sendikas\u0131 Ba\u015fkan\u0131 Remzi \u00c7al\u0131\u015fkan, D\u0130SK Genel Sekreteri ve Dev Maden-Sen Genel Ba\u015fkan\u0131 Tayfun G\u00f6rg\u00fcn, D\u0130SK \u00c7ukurova B\u00f6lge Temsilcisi ve Genel \u0130\u015f Mersin \u015eube Ba\u015fkan\u0131 Kemal G\u00f6ksoy ve D\u0130SK Y\u00f6netim Kurulu \u00dcyeleri ile MESK\u0130 Personel A.\u015e. Y\u00f6netim Kurulu Ba\u015fkan\u0131 Ozan Varal ve Adana Barosu Ba\u015fkan\u0131 Semih G\u00f6kayaz yer ald\u0131.<\/p>\n\n\n\n<p>\u00c7ukurova b\u00f6lgesinde ger\u00e7ekle\u015ftirilecek bir b\u00f6lge mitingi olma \u00f6zelli\u011fi ta\u015f\u0131yan B\u00fcy\u00fck \u0130\u015f\u00e7i Bulu\u015fmas\u0131, ayn\u0131 zamanda D\u0130SK&#8217;in&nbsp;<strong><em>&#8216;Gelirde, Vergide, \u00dclkede Adalet \u0130stiyoruz&#8217;<\/em><\/strong>&nbsp;talebiyle d\u00fczenledi\u011fi ilk b\u00f6lge mitingi olma \u00f6zelli\u011fi ta\u015f\u0131yor.<\/p>\n\n\n\n<p><strong>&#8220;Mersin; \u00fcreten, \u00e7al\u0131\u015fan bir emek\u00e7i kenti&#8221;<\/strong><\/p>\n\n\n\n<p>Mersin&#8217;de yap\u0131lacak olan mitingden dolay\u0131 \u00e7ok mutlu oldu\u011funu kaydeden Ba\u015fkan Se\u00e7er,&nbsp;<strong>&#8220;Mersin; \u00fcreten, \u00e7al\u0131\u015fan bir emek\u00e7i kenti, \u00e7ok dinamik bir kent. Umut ediyorum burada sesinizi duymayanlara duyurursunuz&#8221;<\/strong>&nbsp;s\u00f6zlerine yer verdi. B\u00fcy\u00fck\u015fehir Belediyesi&#8217;nin kentin en b\u00fcy\u00fck i\u015fvereni konumunda oldu\u011funu belirten Se\u00e7er, mesai arkada\u015flar\u0131n\u0131n D\u0130SK&#8217;e ba\u011fl\u0131 sendikaya da \u00fcye oldu\u011funu s\u00f6yleyerek&nbsp;<strong>&#8220;Genel-\u0130\u015f ile s\u00fcrekli g\u00f6r\u00fc\u015f\u00fcyoruz.&nbsp;<em>&#8216;Belediyemizdeki d\u00fczeni, ba\u015fta i\u015f bar\u0131\u015f\u0131n\u0131, mesai arkada\u015flar\u0131m\u0131z\u0131n haklar\u0131n\u0131, hukuklar\u0131n\u0131, adaleti nas\u0131l sa\u011flayabiliriz?&#8217;<\/em>&nbsp;diye, s\u00fcrekli iyi ili\u015fkiler i\u00e7erisindeyiz&#8221;<\/strong>&nbsp;diye konu\u015ftu.<\/p>\n\n\n\n<p>Hayat\u0131n pahal\u0131 ve \u00fccretlerin ise d\u00fc\u015f\u00fck oldu\u011funun alt\u0131n\u0131 \u00e7izen Se\u00e7er,&nbsp;<strong>&#8220;T\u00fcrkiye vergi topluyor, T\u00fcrkiye cari harcamalar\u0131n y\u00fczde 85&#8217;ini vergi gelirlerinden sa\u011fl\u0131yor ama bunun \u00f6nemli bir k\u0131sm\u0131n\u0131 da \u00fccretlilerden topluyor. Burada da bir adaletsizlik s\u00f6z konusu. Do\u011fal olarak da sabit \u00fccretle \u00e7al\u0131\u015fan emek\u00e7i insanlar ger\u00e7ekten ya\u015famlar\u0131n\u0131 idame ettirmekte zorlan\u0131yor. Bunu g\u00f6rmemek i\u00e7in herhalde kalbinizin m\u00fch\u00fcrl\u00fc olmas\u0131 gerekiyor&#8221;<\/strong>&nbsp;diyerek, adaletin sa\u011flanmas\u0131 i\u00e7in \u00e7\u0131kt\u0131klar\u0131 bu yolda D\u0130SK&#8217;i desteklediklerini s\u00f6yledi.<\/p>\n\n\n\n<p><strong>&#8220;Demokrasinin kenti Mersin&#8217;de sesinizi duyurun, hakk\u0131n\u0131z\u0131 aray\u0131n&#8221;<\/strong><\/p>\n\n\n\n<p>D\u0130SK&#8217;in g\u00fczel bir miting yapaca\u011f\u0131n\u0131 s\u00f6yleyen Se\u00e7er,&nbsp;<strong>&#8220;Burada demokrasinin kenti Mersin&#8217;de sesinizi duyurun, hakk\u0131n\u0131z\u0131 aray\u0131n. Bundan do\u011fal hi\u00e7bir \u015fey olamaz. Bizim buradaki kazanc\u0131m\u0131z insanlar\u0131n memnuniyeti, eme\u011fimizden dolay\u0131 bize sevgi ve sayg\u0131 duymas\u0131. Buras\u0131 bir ticari i\u015fletme de\u011fil, ben t\u00fcccar de\u011filim. Ben burada adaleti sa\u011flamal\u0131y\u0131m, sizin de s\u00f6yledi\u011finiz gibi toplumun yarar\u0131n\u0131 d\u00fc\u015f\u00fcnece\u011fim ama bir taraftan da emek edenin hakk\u0131n\u0131 vermek zorunday\u0131m&#8221;<\/strong>&nbsp;ifadelerine yer verdi.<\/p>\n\n\n\n<p>Memnuniyeti en y\u00fcksek belediyeler aras\u0131nda olduklar\u0131n\u0131 ve yurtta\u015f\u0131n da son se\u00e7imlerde bunu g\u00f6sterdi\u011fini hat\u0131rlatan Se\u00e7er,&nbsp;<strong>&#8220;\u00d6ncelikle Mersin halk\u0131na te\u015fekk\u00fcr ediyorum ama i\u015fte o memnuniyeti yaratan as\u0131l \u00e7al\u0131\u015fma arkada\u015flar\u0131m\u0131za \u00e7ok te\u015fekk\u00fcr ediyorum. Nihayetinde bu memnuniyet; yap\u0131lan hizmetlerin kalitesinde, onlara dokunmas\u0131nda, insanlar\u0131n belediye \u00e7al\u0131\u015fanlar\u0131yla y\u00fcz y\u00fcze geldi\u011fi zaman onlar\u0131n vatanda\u015fa ilgisinden, sevgisinden kaynakl\u0131 bir memnuniyet. O da bizi ziyadesiyle memnun ediyor&#8221;&nbsp;<\/strong>\u015feklinde konu\u015ftu.<\/p>\n\n\n\n<p>B\u00fcy\u00fck\u015fehir&#8217;in yak\u0131n zamanda mesai arkada\u015flar\u0131 i\u00e7in toplu i\u015f s\u00f6zle\u015fmesi yapaca\u011f\u0131n\u0131 belirten Se\u00e7er,&nbsp;<strong>&#8220;Mevcut ko\u015fullar alt\u0131nda her iki taraf i\u00e7inde en uygununu yapmaya gayret ediyoruz. Biz baz\u0131 ilkleri de yapt\u0131k toplu s\u00f6zle\u015fmelerimizde. 45 saatlik haftal\u0131k \u00e7al\u0131\u015fma s\u00fcresini 40&#8217;a indirdik. Di\u011fer taraftan da biz kad\u0131nlara pozitif ayr\u0131mc\u0131l\u0131k yap\u0131yoruz. G\u00f6reve geldi\u011fimiz 2019&#8217;dan bug\u00fcne kadar yakla\u015f\u0131k olarak kad\u0131n \u00e7al\u0131\u015fan oran\u0131m\u0131z y\u00fczde 18&#8217;di, \u015fimdi bu rakam y\u00fczde 25&#8217;lere \u00e7\u0131kt\u0131. Bu oran daha da arts\u0131n. En sade \u00e7al\u0131\u015fan\u0131m\u0131zdan en yetkili \u00e7al\u0131\u015fan\u0131m\u0131za kadar kad\u0131nlarda adaleti sa\u011flamaya gayret ediyoruz. Umut ediyorum daha \u00e7ok kad\u0131n\u0131n \u00e7al\u0131\u015ft\u0131\u011f\u0131 bir belediye haline gelebiliriz&#8221;<\/strong>&nbsp;dedi.<\/p>\n\n\n\n<p><strong>&#8220;Daha demokratik, daha \u00e7a\u011fda\u015f bir T\u00fcrkiye diliyorum&#8221;<\/strong><\/p>\n\n\n\n<p>Ya\u015fam ko\u015fullar\u0131n\u0131n zorlu\u011fundan dolay\u0131 toplumun t\u00fcm kesimlerinden seslerin y\u00fckselmeye ba\u015flad\u0131\u011f\u0131na dikkat \u00e7eken Se\u00e7er,&nbsp;<strong>&#8220;Umut ediyorum \u00f6n\u00fcm\u00fczdeki g\u00fcnler b\u00fct\u00fcn s\u0131n\u0131flar i\u00e7in; i\u015f\u00e7i, \u00e7ift\u00e7i, emekli; \u00e7\u00fcnk\u00fc toplumun her yerinden \u00e7ok y\u00fcksek ses \u00e7\u0131kmaya ba\u015flad\u0131; daha iyi bir T\u00fcrkiye yarat\u0131r\u0131z. Bu da bizim hep beraber \u00e7al\u0131\u015fmam\u0131zla olacak. Umut ediyorum daha demokratik, daha \u00e7a\u011fda\u015f, refah d\u00fczeyi daha y\u00fcksek, \u00e7ocuklar\u0131m\u0131z\u0131n yar\u0131nlara daha g\u00fcvenle bakaca\u011f\u0131 bir T\u00fcrkiye diliyorum&#8221;<\/strong>&nbsp;dedi.<\/p>\n\n\n\n<p><strong>&#8220;Yerel y\u00f6netimlerde ortaya koydu\u011fumuz anlay\u0131\u015f\u0131 t\u00fcm T\u00fcrkiye&#8217;ye \u015famil k\u0131laca\u011f\u0131z&#8221;<\/strong><\/p>\n\n\n\n<p>Gazetecilerin, \u00fclkedeki en b\u00fcy\u00fck sorunlar\u0131n ba\u015f\u0131nda ekonomi, adalet ve g\u00fcven problemi oldu\u011fu ve CHP&#8217;nin bu konuda halka ve i\u015f\u00e7ilere somut olarak ne gibi vaatleri oldu\u011fu y\u00f6n\u00fcndeki sorusu \u00fczerine Ba\u015fkan Se\u00e7er,&nbsp;<strong>&#8220;Son be\u015f y\u0131ld\u0131r Mersin&#8217;de her anlamda sa\u011flanan ve halk\u0131n yarar\u0131na d\u00f6n\u00fck uygulanan politikalar T\u00fcrkiye y\u00f6netimine de hakim olacak. Ben \u015fahsen T\u00fcrkiye&#8217;nin en b\u00fcy\u00fck ya\u015fad\u0131\u011f\u0131 sorun olarak adaleti g\u00f6r\u00fcyorum. Adaletin olmad\u0131\u011f\u0131 yerde ba\u015fka bir \u015fey konu\u015fman\u0131n bir anlam\u0131 olmad\u0131\u011f\u0131n\u0131 d\u00fc\u015f\u00fcn\u00fcyorum ve hak\u00e7a payla\u015f\u0131m, \u00e7al\u0131\u015fana ve emek edene hakk\u0131n\u0131 vermek, toplumun t\u00fcm kesimlerini kucaklamak ve ayaklar\u0131 yere basan, hayal satmayan, s\u00fcrd\u00fcr\u00fclebilir bir ekonomik modelle bunu ger\u00e7ekle\u015ftirmek gerekiyor. T\u00fcrkiye&#8217;de sadece adalet ya da yarg\u0131 sistemi tart\u0131\u015f\u0131lm\u0131yor. Bakt\u0131\u011f\u0131n\u0131z zaman tar\u0131m sekt\u00f6r\u00fcnde, \u00fccretli \u00e7al\u0131\u015fanlarda, emeklilerde, sa\u011fl\u0131k sisteminde de sorunlar var.&nbsp;&nbsp;T\u00fcrkiye&#8217;de akl\u0131n\u0131za gelecek her alanda sorun var. \u00c7\u00fcnk\u00fc hi\u00e7bir alanda adalet olmay\u0131nca i\u015fte b\u00f6yle bir tablo ortaya \u00e7\u0131k\u0131yor. Umut ediyorum ilk se\u00e7imde iktidar oluruz. 2019&#8217;dan bu yana s\u00f6yledi\u011fim gibi yerel y\u00f6netimlerin ortaya koydu\u011fu y\u00f6netim anlay\u0131\u015f\u0131n\u0131 t\u00fcm T\u00fcrkiye&#8217;ye \u015famil k\u0131lar\u0131z diye d\u00fc\u015f\u00fcn\u00fcyorum&#8221;<\/strong>&nbsp;diye konu\u015ftu.<\/p>\n\n\n\n<p><strong>\u00c7erkezo\u011flu: &#8220;\u00c7ok daha g\u00fczel i\u015flere imza ataca\u011f\u0131n\u0131zdan eminiz&#8221;<\/strong><\/p>\n\n\n\n<p>D\u0130SK Genel Ba\u015fkan\u0131 Arzu \u00c7erkezo\u011flu ise demokrasinin bir m\u00fccadele oldu\u011funu ve bu m\u00fccadelede Mersin&#8217;in her y\u00f6nden \u00f6nemli bir kent oldu\u011funu belirterek,&nbsp;<strong>&#8220;Belediyelerdeki \u00f6rg\u00fctlenmeyi biz bu demokrasi m\u00fccadelesinde bir yol arkada\u015fl\u0131\u011f\u0131, yolda\u015fl\u0131k olarak g\u00f6r\u00fcyoruz. Sizin de Mersin&#8217;de ikinci d\u00f6neminizde ayr\u0131ca ba\u015far\u0131lar diliyoruz. \u00c7ok daha g\u00fczel i\u015flere imza ataca\u011f\u0131n\u0131zdan eminiz. Zaten se\u00e7imdeki tabloda bunu bir kez daha g\u00f6stermi\u015f oldu&#8221;<\/strong>&nbsp;dedi.<\/p>\n\n\n\n<p><strong>&#8220;Mersin&#8217;den b\u00fct\u00fcn T\u00fcrkiye&#8217;ye g\u00fczel bir mesaj verece\u011fiz&#8221;<\/strong><\/p>\n\n\n\n<p>Mersin&#8217;i \u00e7ok \u00f6nemsediklerini ve b\u00fcy\u00fck mitingin ba\u015flang\u0131\u00e7 noktas\u0131 olarak se\u00e7tiklerini s\u00f6zlerine ekleyen \u00c7erkezo\u011flu,&nbsp;<strong>&#8220;Biz ilk b\u00fcy\u00fck bulu\u015fmay\u0131, b\u00fcy\u00fck mitingi yaparken b\u00fct\u00fcn bunlar\u0131 de\u011ferlendirerek Mersin&#8217;i se\u00e7tik. Arkada\u015flar\u0131m\u0131z\u0131n \u00f6nerisiyle ilk b\u00fcy\u00fck ad\u0131m\u0131 burada atal\u0131m dedik. Ben inan\u0131yorum ki Mersin&#8217;den b\u00fct\u00fcn T\u00fcrkiye&#8217;ye g\u00fczel bir mesaj verece\u011fiz ve bu sesi birlikte b\u00fcy\u00fctece\u011fiz. \u00c7\u00fcnk\u00fc ger\u00e7ekten T\u00fcrkiye zor bir s\u00fcre\u00e7ten ge\u00e7iyor. \u00c7al\u0131\u015fanlar a\u00e7\u0131s\u0131ndan ya\u015fam ko\u015fullar\u0131 giderek a\u011f\u0131rla\u015f\u0131yor. \u00d6rne\u011fin vergi meselesi. B\u00fct\u00fcn vergi y\u00fck\u00fc, i\u015f\u00e7inin, emek\u00e7inin, halk\u0131n \u00fczerinde&#8221;<\/strong>&nbsp;diye konu\u015ftu.<\/p>\n\n\n\n<p><strong>&#8220;AKP iktidar\u0131 herkesi yoksullukta e\u015fitleyen bir politika izliyor&#8221;<\/strong><\/p>\n\n\n\n<p>H\u00fck\u00fcmet&#8217;in enflasyonla m\u00fccadele konusunda te\u015fhisi yanl\u0131\u015f koydu\u011fu i\u00e7in tedavisini de yanl\u0131\u015f yapt\u0131\u011f\u0131 ele\u015ftirinde bulunan \u00c7erkezo\u011flu,&nbsp;<strong>&#8220;\u00dccretlerin art\u0131\u015f\u0131n\u0131n enflasyonun nedeni oldu\u011funu iddia ediyorlar. Oysa \u00fccret art\u0131\u015flar\u0131 enflasyonun art\u0131\u015f\u0131nda \u00e7ok k\u00fc\u00e7\u00fck bir etkendir. T\u00fcrkiye&#8217;de as\u0131l olarak enflasyonu art\u0131ran \u015fey en ba\u015fta \u00fcretimin olmamas\u0131d\u0131r ve ayn\u0131 zamanda y\u00fcksek dolar kurlar\u0131 ve a\u015f\u0131r\u0131 karlard\u0131r. Dolay\u0131s\u0131yla te\u015fhisiniz yanl\u0131\u015f olursa, tedaviniz de yanl\u0131\u015f olur. \u00d6rne\u011fin asgari \u00fccreti y\u0131l ortas\u0131nda revize etmediler, \u00fccretleri art\u0131rmad\u0131lar ama enflasyon yine d\u00fc\u015fmedi. Dolay\u0131s\u0131yla yap\u0131lmas\u0131 gereken enflasyonla ger\u00e7ek bir m\u00fccadele, ger\u00e7ek politikalar; ba\u015fta \u00fcretime dayal\u0131, kal\u0131c\u0131, g\u00fcvenceli istihdam yaratacak bir ekonomik model ve bu a\u015f\u0131r\u0131 karlara dur diyecek bir ekonomik politikaya ihtiya\u00e7 var. AKP iktidar\u0131 herkesi yoksullukta e\u015fitleyen bir politika izliyor. \u0130stiyorlar ki b\u00fct\u00fcn i\u015f\u00e7iler asgari \u00fccrette \u00e7al\u0131\u015fs\u0131n, b\u00fct\u00fcn emekliler asgari emekli ayl\u0131\u011f\u0131 ile ya\u015fas\u0131n, b\u00fct\u00fcn memurlar asgari \u015fekilde ya\u015fas\u0131n istiyorlar. Bu politikalardan vazge\u00e7ilmesi laz\u0131m. Oysa biz hepimiz \u00e7al\u0131\u015f\u0131yoruz, hepimiz \u00fcretiyoruz, \u00fcretti\u011fimizde de\u011feri de hak\u00e7a payla\u015fmak istiyoruz. Bunun m\u00fccadelesini veriyoruz&#8221;<\/strong>&nbsp;dedi.<\/p>\n\n\n\n<p>Emek ve demokrasi m\u00fccadelesini bir b\u00fct\u00fcn olarak g\u00f6rd\u00fcklerini ifade eden \u00c7erkezo\u011flu, bulu\u015fmaya desteklerinden dolay\u0131 Ba\u015fkan Se\u00e7er&#8217;e te\u015fekk\u00fcr ederek konu\u015fmas\u0131n\u0131 sonland\u0131rd\u0131.<\/p>\n","protected":false},"excerpt":{"rendered":"<p>Devrimci \u0130\u015f\u00e7i Sendikalar\u0131 Konfederasyonu (D\u0130SK) Genel Ba\u015fkan\u0131 Arzu \u00c7erkezo\u011flu, D\u0130SK \u00c7ukurova B\u00f6lge Temsilcisi ve Genel \u0130\u015f Mersin \u015eube Ba\u015fkan\u0131 Kemal G\u00f6ksoy ve Y\u00f6netim Kurulu \u00dcyeleri Mersin B\u00fcy\u00fck\u015fehir Belediye Ba\u015fkan\u0131 Vahap Se\u00e7er&#8217;i ziyaret etti. D\u0130SK Genel Ba\u015fkan\u0131 Arzu \u00c7erkezo\u011flu ve beraberindeki temsilciler,&nbsp;&#8220;Art\u0131k Yeter! Ge\u00e7inemiyoruz&#8221;&nbsp;slogan\u0131yla ger\u00e7ekle\u015ftirecekleri&nbsp;&#8220;Gelirde, Vergide, \u00dclkede Adalet \u0130stiyoruz&#8221;&nbsp;ba\u015fl\u0131kl\u0131&nbsp;&#8220;D\u0130SK \u00c7ukurova B\u00f6lgesi B\u00fcy\u00fck \u0130\u015f\u00e7i Bulu\u015fmas\u0131&#8221;&nbsp;\u00f6ncesinde Ba\u015fkan Se\u00e7er&#8217;i [&hellip;]<\/p>\n","protected":false},"author":2,"featured_media":35198,"comment_status":"closed","ping_status":"closed","sticky":false,"template":"","format":"standard","meta":{"footnotes":""},"categories":[2,3],"tags":[],"class_list":["post-35197","post","type-post","status-publish","format-standard","has-post-thumbnail","hentry","category-gundem","category-manset"],"views":3,"_links":{"self":[{"href":"https:\/\/mersinkadingazetesi.com\/index.php?rest_route=\/wp\/v2\/posts\/35197"}],"collection":[{"href":"https:\/\/mersinkadingazetesi.com\/index.php?rest_route=\/wp\/v2\/posts"}],"about":[{"href":"https:\/\/mersinkadingazetesi.com\/index.php?rest_route=\/wp\/v2\/types\/post"}],"author":[{"embeddable":true,"href":"https:\/\/mersinkadingazetesi.com\/index.php?rest_route=\/wp\/v2\/users\/2"}],"replies":[{"embeddable":true,"href":"https:\/\/mersinkadingazetesi.com\/index.php?rest_route=%2Fwp%2Fv2%2Fcomments&post=35197"}],"version-history":[{"count":1,"href":"https:\/\/mersinkadingazetesi.com\/index.php?rest_route=\/wp\/v2\/posts\/35197\/revisions"}],"predecessor-version":[{"id":35199,"href":"https:\/\/mersinkadingazetesi.com\/index.php?rest_route=\/wp\/v2\/posts\/35197\/revisions\/35199"}],"wp:featuredmedia":[{"embeddable":true,"href":"https:\/\/mersinkadingazetesi.com\/index.php?rest_route=\/wp\/v2\/media\/35198"}],"wp:attachment":[{"href":"https:\/\/mersinkadingazetesi.com\/index.php?rest_route=%2Fwp%2Fv2%2Fmedia&parent=35197"}],"wp:term":[{"taxonomy":"category","embeddable":true,"href":"https:\/\/mersinkadingazetesi.com\/index.php?rest_route=%2Fwp%2Fv2%2Fcategories&post=35197"},{"taxonomy":"post_tag","embeddable":true,"href":"https:\/\/mersinkadingazetesi.com\/index.php?rest_route=%2Fwp%2Fv2%2Ftags&post=35197"}],"curies":[{"name":"wp","href":"https:\/\/api.w.org\/{rel}","templated":true}]}}