{"id":35200,"date":"2024-09-13T16:03:26","date_gmt":"2024-09-13T13:03:26","guid":{"rendered":"https:\/\/mersinkadingazetesi.com\/?p=35200"},"modified":"2024-09-13T16:03:27","modified_gmt":"2024-09-13T13:03:27","slug":"mersin-buyuksehirin-kurs-merkezlerinden-mezun-olan-ogrencilerden-baskan-secere-ziyaret","status":"publish","type":"post","link":"https:\/\/mersinkadingazetesi.com\/?p=35200","title":{"rendered":"MERS\u0130N B\u00dcY\u00dcK\u015eEH\u0130R&#8217;\u0130N KURS MERKEZLER\u0130&#8217;NDEN MEZUN OLAN \u00d6\u011eRENC\u0130LERDEN BA\u015eKAN SE\u00c7ER&#8217;E Z\u0130YARET"},"content":{"rendered":"\n<p>Mersin B\u00fcy\u00fck\u015fehir Belediyesi Sosyal Hizmetler Dairesi Ba\u015fkanl\u0131\u011f\u0131 b\u00fcnyesinde hizmet veren E\u011fitim ve \u00d6\u011fretimi Destekleme Kurs Merkezleri&#8217;nden mezun olarak ba\u015far\u0131l\u0131 okullara yerle\u015fen \u00f6\u011frenciler Ba\u015fkan Vahap Se\u00e7er&#8217;i ziyaret etti. Liselere Ge\u00e7i\u015f Sistemi (LGS) ile Y\u00fcksek\u00f6\u011fretim Kurumlar\u0131 S\u0131nav\u0131&#8217;nda (YKS) ba\u015far\u0131 g\u00f6stererek, g\u00fczel liselere ve \u00fcniversite b\u00f6l\u00fcmlerine yerle\u015fen \u00f6\u011frencileri a\u011f\u0131rlayan Ba\u015fkan Se\u00e7er, onlarla keyifli birer sohbet ger\u00e7ekle\u015ftirdi.<\/p>\n\n\n\n<p><strong>Ba\u015fkan Se\u00e7er: &#8220;Toplum iyi e\u011fitimli jenerasyonlar yeti\u015ftirebilirse gelece\u011fe g\u00fcvenle bakar&#8221;<\/strong><\/p>\n\n\n\n<p>B\u00fcy\u00fck\u015fehir&#8217;in E\u011fitim ve \u00d6\u011fretimi Destekleme Kurs Merkezleri&#8217;nden ba\u015far\u0131 ile mezun olarak,&nbsp;&nbsp;\u00fcniversite ve liseyi kazanan gen\u00e7lere ba\u015far\u0131lar dileyen Ba\u015fkan Vahap Se\u00e7er<strong>,&nbsp;&nbsp;&#8220;Zihniniz a\u00e7\u0131k olsun. Hayatta \u00f6nemli olan mutlu olabilmek. Mutlu olabilmenin yollar\u0131ndan bir tanesi de iyi e\u011fitim almak, sosyal olmak ve hayat\u0131n tad\u0131na varabilmek. Bu; i\u015fin bir y\u00f6n\u00fc. \u0130kinci y\u00f6n\u00fc ise; toplum iyi jenerasyonlar, nesiller yeti\u015ftirebilirse gelece\u011fine daha g\u00fcvenle bakar. \u0130yi e\u011fitimli jenerasyon toplumu daha da zenginle\u015ftirir, mutlu k\u0131lar ve d\u00fcnyada temsil etti\u011fi \u00fclkenin di\u011fer \u00fclkelerle rekabetini ve bu rekabetteki ba\u015far\u0131s\u0131n\u0131 art\u0131r\u0131r&#8221;<\/strong>&nbsp;dedi.<\/p>\n\n\n\n<p><strong>&#8220;Bu ba\u015far\u0131n\u0131n alt\u0131nda yo\u011fun emek var&#8221;<\/strong><\/p>\n\n\n\n<p>Adaletli, e\u015fit, refah ve mutlu bir toplum i\u00e7in devletin yurtta\u015flar\u0131na iyi bir e\u011fitim imk\u00e2n\u0131 sa\u011flamak zorunda oldu\u011funu kaydeden Ba\u015fkan Se\u00e7er,&nbsp;<strong>&#8220;Yar\u0131nlarda \u00fclkeyi y\u00f6netecek olan sizlersiniz. Hukuk devletini tahkim edecek, demokrasiyi ve adaleti sa\u011flayacak, topluma bir de\u011fer katacak olan sizlersiniz. Bu bir bayrak yar\u0131\u015f\u0131. Ben bug\u00fcn Mersin&#8217;i y\u00f6netiyorum ama yar\u0131n Mersin&#8217;i y\u00f6neten i\u00e7inizden biri \u00e7\u0131kacak. Benden daha iyi, birikimli ve \u00e7a\u011fda\u015f d\u00fcnyaya uygun bir y\u00f6netici olmak i\u00e7in iyi e\u011fitim almak ve deneyimlenmek gerekiyor. Bunlar hep emekle oluyor. Eme\u011fin olmad\u0131\u011f\u0131 yerde olumlu hi\u00e7bir \u015fey olmuyor. Bu ba\u015far\u0131n\u0131n alt\u0131nda yatan yo\u011fun bir emek ve \u00e7ok b\u00fcy\u00fck bir gayret. Onun i\u00e7in sizi kutluyorum&#8221;&nbsp;<\/strong>diye konu\u015farak, bundan sonraki ya\u015fant\u0131lar\u0131nda \u00f6\u011frencilere ba\u015far\u0131lar diledi.<\/p>\n\n\n\n<p><strong>&#8220;Daha \u00e7a\u011fda\u015f ve medeni bir toplum olmak i\u00e7in m\u00fccadelemizi devam ettirece\u011fiz&#8221;<\/strong><\/p>\n\n\n\n<p>\u00d6\u011frencilere emek veren ailelere ve \u00f6\u011fretmenlere de m\u00fcte\u015fekkir olduklar\u0131n\u0131 kaydeden Se\u00e7er,&nbsp;<strong>&#8220;Umut ediyorum \u00fclkemizin gelece\u011fi bug\u00fcnlerden \u00e7ok daha g\u00fczel olsun. Bizim gayretimiz bu, \u015fiar\u0131m\u0131z belli;&nbsp;<em>&#8216;Hayatta en hakiki m\u00fcr\u015fit ilimdir&#8217;<\/em>&nbsp;Atat\u00fcrk&#8217;\u00fcn izinden y\u00fcr\u00fcy\u00fcp, daha \u00e7a\u011fda\u015f ve medeni bir toplum olmak i\u00e7in m\u00fccadelemizi devam ettirece\u011fiz. Mustafa Kemal Atat\u00fcrk de \u00fclkeyi sizin gibi gen\u00e7lere emanet etti. Sizler, O&#8217;nun bizlere emanetisiniz ama \u00fclke de size emanet. Umut ediyorum \u00e7ok daha g\u00fczel g\u00fcnleri hep beraber yakalayaca\u011f\u0131z&#8221;<\/strong>&nbsp;ifadelerini kulland\u0131.<\/p>\n\n\n\n<p><strong>Y\u0131ld\u0131r\u0131m: &#8220;Emekleriniz ve bize sa\u011flad\u0131\u011f\u0131n\u0131z imkanlar i\u00e7in te\u015fekk\u00fcr ediyoruz&#8221;<\/strong><\/p>\n\n\n\n<p>Mersin B\u00fcy\u00fck\u015fehir Belediyesi Sosyal Hizmetler Dairesi Ba\u015fkan\u0131 Engin Y\u0131ld\u0131r\u0131m da, Ba\u015fkan Se\u00e7er&#8217;e;&nbsp;<strong>&#8220;\u00d6\u011frencilerimiz sizlerin e\u011fitimde f\u0131rsat e\u015fitli\u011fi sa\u011flamak ad\u0131na a\u00e7t\u0131\u011f\u0131n\u0131z kurs merkezlerimizde ba\u015far\u0131l\u0131 oldular ve hem kent i\u00e7inde hem de il d\u0131\u015f\u0131nda \u00e7ok iyi okullar kazand\u0131lar. Bizler de bu ba\u015far\u0131lar\u0131m\u0131z\u0131 payla\u015farak, emekleriniz ve bize sa\u011flad\u0131\u011f\u0131n\u0131z imkanlar i\u00e7in te\u015fekk\u00fcr ediyoruz&#8221;&nbsp;<\/strong>dedi.<\/p>\n\n\n\n<p><strong>B\u00fcy\u00fck\u015fehir&#8217;in&nbsp;<em>&#8216;E\u011fitimde F\u0131rsat E\u015fitli\u011fi&#8217;<\/em>&nbsp;sunan hizmetlerine \u00f6\u011frencilerden tam not!<\/strong><\/p>\n\n\n\n<p>\u00d6nceki y\u0131llarda kazand\u0131\u011f\u0131 Di\u015f Hekimli\u011fi Fak\u00fcltesi&#8217;ni b\u0131rakarak hayali olan T\u0131p Fak\u00fcltesi&#8217;ni kazanmak i\u00e7in B\u00fcy\u00fck\u015fehir&#8217;in Kurs Merkezlerini tercih eden ve bu y\u0131l Necmettin Erbakan \u00dcniversitesi T\u0131p Fak\u00fcltesi&#8217;ni kazanan Esra Dal, y\u00fcksek dershane fiyatlar\u0131na dikkat \u00e7ekti. Dal,&nbsp;<strong>&#8220;Bu sene de dershane fiyatlar\u0131 a\u015f\u0131r\u0131 atm\u0131\u015f durumda. O sebeple a\u00e7\u0131lan kurs merkezleri bize \u00e7ok iyi geldi, ger\u00e7ekten can suyu oldu. Hatta Tarsus&#8217;ta \u00d6\u011fretmenler Mahallesi \u015eubesi&#8217;nde yedek kontenjanlar bile durdu&#8221;&nbsp;<\/strong>dedi ve kontenjanlar\u0131n art\u0131r\u0131lmas\u0131 talebinde bulundu. Dal,&nbsp;<strong>&#8220;Hem e\u011fitimi iyi hem \u00f6\u011fretmenler \u00e7ok ilgili. M\u00fcd\u00fcr\u00fcm\u00fcz bile bizimle \u00e7ok ilgileniyor. Normal dershanelerde m\u00fcd\u00fcr i\u015fin paras\u0131na bakar \u00e7\u0131kar ama bizim m\u00fcd\u00fcr\u00fcm\u00fcz bile \u00e7ok alakadar oluyor. O y\u00fczden ger\u00e7ekten \u00e7ok memnunuz&#8221;&nbsp;<\/strong>diye belirtti.<\/p>\n\n\n\n<p>\u00d6nceki y\u0131llarda kazand\u0131\u011f\u0131 Di\u015f Hekimli\u011fi Fak\u00fcltesi&#8217;ni b\u0131rakma ser\u00fcveninden de bahseden Dal,&nbsp;<strong>&#8220;Kazand\u0131\u011f\u0131m b\u00f6l\u00fcm\u00fc b\u0131rakmak konusunda endi\u015felerim vard\u0131. \u00c7\u00fcnk\u00fc \u00e7ok k\u00fc\u00e7\u00fck ya\u015flardan beri iste\u011fim; beyin cerrah olmakt\u0131. Dershaneye ba\u015fvurdu\u011fumda biraz fikir almak istiyordum. Oradaki rehberlik \u00f6\u011fretmenleri \u00e7ok yard\u0131mc\u0131 oldular ve&nbsp;<em>&#8216;B\u0131rakabilirsin, sonuna kadar arkanday\u0131z, her t\u00fcrl\u00fc yard\u0131m\u0131 sa\u011flar\u0131z&#8217;<\/em>&nbsp;dediler. \u00c7ok mutlu olmu\u015ftum&#8221;<\/strong>&nbsp;diyerek, \u00f6\u011fretmenlerinin deste\u011fi sayesinde istedi\u011fi okulu kazand\u0131\u011f\u0131n\u0131 belirtti.<\/p>\n\n\n\n<p><strong>G\u00fcng\u00f6rd\u00fc: &#8220;E\u011fitimde f\u0131rsat e\u015fitli\u011fi sa\u011flaman\u0131z bizim i\u00e7in \u00e7ok de\u011ferliydi&#8221;<\/strong><\/p>\n\n\n\n<p>\u00d6\u011frencilerden Zonguldak B\u00fclent Ecevit \u00dcniversitesi T\u0131p Fak\u00fcltesi&#8217;ni kazanan Azra G\u00fcng\u00f6rd\u00fc de, Mersin B\u00fcy\u00fck\u015fehir&#8217;in e\u011fitim alan\u0131nda vermi\u015f oldu\u011fu t\u00fcm hizmetler ad\u0131na te\u015fekk\u00fcr ederek,&nbsp;<strong>&#8220;\u00d6zellikle bu zorlu YKS s\u00fcrecinde ger\u00e7ekten Mersinimiz i\u00e7in e\u011fitimde f\u0131rsat e\u015fitli\u011fi sa\u011flaman\u0131z bizim i\u00e7in \u00e7ok de\u011ferliydi&#8221;&nbsp;<\/strong>dedi. Sel\u00e7uk \u00dcniversitesi T\u0131p Fak\u00fcltesi&#8217;nin kazanan Hasan Arda Turan ise, MERC\u0130 \u00d6\u011frenci Dan\u0131\u015fmanl\u0131k Merkezi&#8217;nden ald\u0131\u011f\u0131 destekler ad\u0131na da te\u015fekk\u00fcrlerini iletti. Mehmet Akif Ersoy \u00dcniversitesi Di\u015f Hekimli\u011fi B\u00f6l\u00fcm\u00fc&#8217;n\u00fc kazanan \u00f6\u011frencilerden \u0130lknur Akku\u015f, E\u011fitim ve \u00d6\u011fretimi Destekleme Kurs Merkezi Ayd\u0131nc\u0131k \u015eubesi&#8217;nin il\u00e7ede a\u00e7\u0131lmadan \u00f6nce orada ba\u015fka hi\u00e7bir kurs merkezi alternatifi bulunmad\u0131\u011f\u0131n\u0131 ifade ederek,&nbsp;<strong>&#8220;Ayd\u0131nc\u0131k&#8217;ta a\u00e7\u0131lan \u015fubenin Ayd\u0131nc\u0131kl\u0131l\u0131lar i\u00e7in \u00f6nemi; bence di\u011fer il\u00e7elerden \u00e7ok daha fazla. Bunun i\u00e7in tekrar te\u015fekk\u00fcr etmek istiyorum size&#8221;&nbsp;<\/strong>dedi.<\/p>\n\n\n\n<p><strong>Yazar: &#8220;Merkezin \u00fccretsiz olmas\u0131 dolay\u0131s\u0131yla \u00e7ok te\u015fekk\u00fcr ediyorum&#8221;<\/strong><\/p>\n\n\n\n<p>Bah\u00e7e\u015fehir \u00dcniversitesi&nbsp;G\u00f6rsel \u0130leti\u015fim Tasar\u0131m\u0131 B\u00f6l\u00fcm\u00fc&#8217;n\u00fc kazanan \u00f6\u011frencilerden H\u00fcmeyra Yazar da maddi anlamda Kurs Merkezleri&#8217;nin kendilerine b\u00fcy\u00fck katk\u0131 sundu\u011fundan s\u00f6z ederek,&nbsp;<strong>&#8220;Merkezde \u00f6zellikle s\u0131nav \u00fccretinin \u00f6denmesi, \u00fccretsiz kitap verilmesi ve merkezin de \u00fccretsiz olmas\u0131 \u00e7ok \u00f6nemliydi. Ben YKS&#8217;ye \u00e7al\u0131\u015f\u0131rken de burs almak i\u00e7in iyi bir s\u0131ralama yapmak istiyordum. Bu y\u00f6nden de hem verilen yard\u0131mlara hem de merkezin \u00fccretsiz olmas\u0131na \u00e7ok te\u015fekk\u00fcr ediyorum&#8221;&nbsp;<\/strong>diye konu\u015ftu. Eski\u015fehir Anadolu \u00dcniversitesi Hukuk Fak\u00fcltesi&#8217;ni kazanan \u00f6\u011frencilerden Hasan Gillik de karde\u015finin de B\u00fcy\u00fck\u015fehir&#8217;in Kurs Merkezi&#8217;nin imk\u00e2nlar\u0131 ile say\u0131salda T\u00fcrkiye 66.&#8217;s\u0131 oldu\u011funu ifade ederek, Ba\u015fkan Se\u00e7er&#8217;e te\u015fekk\u00fcr etti.<\/p>\n\n\n\n<p>75. Y\u0131l Fen Lisesi&#8217;ne yerle\u015fen \u00f6\u011frencilerden Kuzey \u00dc\u00e7kan ise, LGS Merkezleri i\u00e7in te\u015fekk\u00fcr ederken,&nbsp;<strong>&#8220;A\u00e7t\u0131\u011f\u0131n\u0131z Kad\u0131n ve \u00c7ocuk Bilim At\u00f6lyeleri var. Onun i\u00e7in de \u00e7ok te\u015fekk\u00fcr etmek istiyorum. \u00c7\u00fck\u00fc ben teknolojiye \u00e7ok ilgiliyim. Baz\u0131 yerlerde sistem laboratuvarlar\u0131 paral\u0131 oluyordu ama sizin a\u00e7t\u0131\u011f\u0131n\u0131z yerlere giderek kendimi geli\u015ftirdim&#8221;&nbsp;<\/strong>diyerek te\u015fekk\u00fcr etti.<\/p>\n\n\n\n<p><strong>Se\u00e7er, sahile kazand\u0131racaklar\u0131 2. Okuma Salonu i\u00e7in Bakanl\u0131k&#8217;tan bekledikleri imzay\u0131 hat\u0131rlatt\u0131<\/strong><\/p>\n\n\n\n<p>Ba\u015fkan Se\u00e7er de son olarak, \u00f6\u011frencilerden gelen okuma salonu hakk\u0131ndaki yo\u011fun taleplere cevap vererek,&nbsp;<strong>&#8220;Sahildeki okuma salonunu biliyorsunuzdur. Say\u0131s\u0131n\u0131 da her ge\u00e7en g\u00fcn art\u0131r\u0131yoruz. Sahile bir tane daha yapt\u0131raca\u011f\u0131z. 3 senedir at\u0131lmayan imzay\u0131 bekliyoruz Bakanl\u0131k&#8217;tan. Yorulmu\u015f h\u00fck\u00fcmet, art\u0131k b\u00f6yle bir imza atmaya mecali yok, 3 senedir bir imzay\u0131 atamad\u0131&#8221;&nbsp;<\/strong>dedi. Se\u00e7er \u00f6\u011frencilerden gelen sorular\u0131 dinleyip, yan\u0131tlad\u0131ktan sonra,&nbsp;<strong>&#8220;Her \u015fey sizin i\u00e7in. Ba\u015far\u0131lar\u0131n\u0131z\u0131n devam\u0131n\u0131 diliyorum, yolunuz a\u00e7\u0131k olsun&#8221;&nbsp;<\/strong>dedi.&nbsp;<\/p>\n","protected":false},"excerpt":{"rendered":"<p>Mersin B\u00fcy\u00fck\u015fehir Belediyesi Sosyal Hizmetler Dairesi Ba\u015fkanl\u0131\u011f\u0131 b\u00fcnyesinde hizmet veren E\u011fitim ve \u00d6\u011fretimi Destekleme Kurs Merkezleri&#8217;nden mezun olarak ba\u015far\u0131l\u0131 okullara yerle\u015fen \u00f6\u011frenciler Ba\u015fkan Vahap Se\u00e7er&#8217;i ziyaret etti. Liselere Ge\u00e7i\u015f Sistemi (LGS) ile Y\u00fcksek\u00f6\u011fretim Kurumlar\u0131 S\u0131nav\u0131&#8217;nda (YKS) ba\u015far\u0131 g\u00f6stererek, g\u00fczel liselere ve \u00fcniversite b\u00f6l\u00fcmlerine yerle\u015fen \u00f6\u011frencileri a\u011f\u0131rlayan Ba\u015fkan Se\u00e7er, onlarla keyifli birer sohbet ger\u00e7ekle\u015ftirdi. Ba\u015fkan Se\u00e7er: [&hellip;]<\/p>\n","protected":false},"author":2,"featured_media":35201,"comment_status":"closed","ping_status":"closed","sticky":false,"template":"","format":"standard","meta":{"footnotes":""},"categories":[3],"tags":[],"class_list":["post-35200","post","type-post","status-publish","format-standard","has-post-thumbnail","hentry","category-manset"],"views":5,"_links":{"self":[{"href":"https:\/\/mersinkadingazetesi.com\/index.php?rest_route=\/wp\/v2\/posts\/35200"}],"collection":[{"href":"https:\/\/mersinkadingazetesi.com\/index.php?rest_route=\/wp\/v2\/posts"}],"about":[{"href":"https:\/\/mersinkadingazetesi.com\/index.php?rest_route=\/wp\/v2\/types\/post"}],"author":[{"embeddable":true,"href":"https:\/\/mersinkadingazetesi.com\/index.php?rest_route=\/wp\/v2\/users\/2"}],"replies":[{"embeddable":true,"href":"https:\/\/mersinkadingazetesi.com\/index.php?rest_route=%2Fwp%2Fv2%2Fcomments&post=35200"}],"version-history":[{"count":1,"href":"https:\/\/mersinkadingazetesi.com\/index.php?rest_route=\/wp\/v2\/posts\/35200\/revisions"}],"predecessor-version":[{"id":35202,"href":"https:\/\/mersinkadingazetesi.com\/index.php?rest_route=\/wp\/v2\/posts\/35200\/revisions\/35202"}],"wp:featuredmedia":[{"embeddable":true,"href":"https:\/\/mersinkadingazetesi.com\/index.php?rest_route=\/wp\/v2\/media\/35201"}],"wp:attachment":[{"href":"https:\/\/mersinkadingazetesi.com\/index.php?rest_route=%2Fwp%2Fv2%2Fmedia&parent=35200"}],"wp:term":[{"taxonomy":"category","embeddable":true,"href":"https:\/\/mersinkadingazetesi.com\/index.php?rest_route=%2Fwp%2Fv2%2Fcategories&post=35200"},{"taxonomy":"post_tag","embeddable":true,"href":"https:\/\/mersinkadingazetesi.com\/index.php?rest_route=%2Fwp%2Fv2%2Ftags&post=35200"}],"curies":[{"name":"wp","href":"https:\/\/api.w.org\/{rel}","templated":true}]}}