{"id":35205,"date":"2024-09-13T16:15:24","date_gmt":"2024-09-13T13:15:24","guid":{"rendered":"https:\/\/mersinkadingazetesi.com\/?p=35205"},"modified":"2024-09-13T16:15:25","modified_gmt":"2024-09-13T13:15:25","slug":"mersin-buyuksehir-belediye-meclisinin-eylul-ayi-olagan-toplantisinin-2-birlesimi-gerceklesti","status":"publish","type":"post","link":"https:\/\/mersinkadingazetesi.com\/?p=35205","title":{"rendered":"MERS\u0130N B\u00dcY\u00dcK\u015eEH\u0130R BELED\u0130YE MECL\u0130S\u0130&#8217;N\u0130N EYL\u00dcL AYI OLA\u011eAN TOPLANTISI&#8217;NIN 2. B\u0130RLE\u015e\u0130M\u0130 GER\u00c7EKLE\u015eT\u0130"},"content":{"rendered":"\n<p>Mersin B\u00fcy\u00fck\u015fehir Belediye Meclisi&#8217;nin 2024 Y\u0131l\u0131 Eyl\u00fcl Ay\u0131 Ola\u011fan Toplant\u0131s\u0131&#8217;n\u0131n 2. Birle\u015fimi Mersin B\u00fcy\u00fck\u015fehir Belediyesi Meclisi 1. Ba\u015fkan Vekili Ali Uyan ba\u015fkanl\u0131\u011f\u0131nda topland\u0131.<\/p>\n\n\n\n<p>Kongre ve Sergi Saray\u0131 \u00c7ok Ama\u00e7l\u0131 Salon&#8217;da ger\u00e7ekle\u015ftirilen toplant\u0131da; Komisyonlara Havale Edilen 11, Birimlerden Gelen 3 ve G\u00fcndem D\u0131\u015f\u0131 1 madde olmak \u00fczere toplam 15 madde g\u00f6r\u00fc\u015f\u00fcld\u00fc.<\/p>\n\n\n\n<p><strong>Uyan: &#8220;12 Eyl\u00fcl \u00fclkemiz i\u00e7in kara bir g\u00fcn kara bir leke&#8221;<\/strong><\/p>\n\n\n\n<p>Meclisi 1. Ba\u015fkan Vekili Ali Uyan, G\u00fcndem D\u0131\u015f\u0131 Konu\u015fmalar B\u00f6l\u00fcm\u00fc&#8217;nde bir tak\u0131m a\u00e7\u0131klamalarda bulunarak, g\u00fcndeme ili\u015fkin de de\u011ferlendirmeler yapt\u0131. 14 Eyl\u00fcl&#8217;\u00fcn Mevlid Kandili oldu\u011funu hat\u0131rlatan Uyan,&nbsp;<strong>&#8220;T\u00fcm \u00fclkemizde ve \u0130slam co\u011frafyas\u0131nda kutlanacak. \u00dclkemizde, b\u00f6lgemizde ve t\u00fcm d\u00fcnyada bar\u0131\u015f\u0131n egemen olmas\u0131, gecede yap\u0131lacak olan hay\u0131rlar\u0131n, edilecek olan dualar\u0131n kabul olmas\u0131 dileklerimle Mevlid Kandili&#8217;miz kutlu olsun&#8221;<\/strong>&nbsp;s\u00f6zlerine yer verdi.<\/p>\n\n\n\n<p>Ayr\u0131ca 19 Eyl\u00fcl Gaziler G\u00fcn\u00fc&#8217;n\u00fc de unutmayan Uyan,&nbsp;<strong>&#8220;Ba\u015fta Cumhuriyetimizin kurucusu Gazi Mustafa Kemal Atat\u00fcrk ve m\u00fccadele arkada\u015flar\u0131 olmak \u00fczere, hayatta olan gazilerimize sa\u011fl\u0131kl\u0131 g\u00fcnler diliyorum. Gaziler G\u00fcn\u00fc&#8217;n\u00fc kutluyorum&#8221;&nbsp;<\/strong>\u015feklinde konu\u015ftu. Uyan son olarak 25 Eyl\u00fcl D\u00fcnya Eczac\u0131lar G\u00fcn\u00fc&#8217;n\u00fc de hat\u0131rlatarak, hekimler kadar \u00f6nemli bir g\u00f6revi \u00fcstlenen t\u00fcm eczac\u0131lar\u0131n g\u00fcn\u00fcn\u00fc kutlad\u0131.<\/p>\n\n\n\n<p>Bir Meclis \u00fcyesinin 12 Eyl\u00fcl&#8217;e de\u011finmedi\u011fi y\u00f6n\u00fcndeki ele\u015ftirisi \u00fczerine Uyan,&nbsp;<strong>&#8220;12 Eyl\u00fcl \u00fclkemiz i\u00e7in kara bir g\u00fcn kara bir leke. Ben 12 Eyl\u00fcl&#8217;de kutlanacak bir y\u00f6n bulmad\u0131\u011f\u0131m ve kutlanacak g\u00fcnler aras\u0131nda olmad\u0131\u011f\u0131 i\u00e7in 12 Eyl\u00fcl&#8217;den bahsetmedim. Ben de 12 Eyl\u00fcl&#8217;\u00fcn ma\u011fdurlar\u0131ndan biriyim. 12 Eyl\u00fcl&#8217;\u00fcn ne kutlanacak bir taraf\u0131 ne de hat\u0131rlanacak bir taraf\u0131 var. Yine de te\u015fekk\u00fcr ediyorum size; o ac\u0131lar\u0131 ger\u00e7ekten t\u00fcm halk\u0131m\u0131z, buradaki Meclis \u00fcyelerimiz, bizlerle beraber bu \u00e7at\u0131 alt\u0131nda olan t\u00fcm arkada\u015flar\u0131m\u0131z hem de bizleri televizyonlar\u0131 ve radyolar\u0131 ba\u015f\u0131nda dinleyen vatanda\u015flar\u0131m\u0131z hat\u0131rlad\u0131. O g\u00fcnleri hat\u0131rlamaya ya\u015f\u0131 yetenler o ac\u0131y\u0131 hissetti, ya\u015f\u0131 yetmeyenler de mutlaka b\u00fcy\u00fcklerinden dinlemi\u015flerdir. 12 Eyl\u00fcl&#8217;\u00fcn ac\u0131 tarihini hat\u0131rlatt\u0131\u011f\u0131n\u0131z i\u00e7in te\u015fekk\u00fcr ediyorum&#8221;<\/strong>&nbsp;dedi.<\/p>\n\n\n\n<p>Uyan, Meclis \u00fcyelerinin baz\u0131 konularda Meclis g\u00fcn\u00fcn\u00fc beklemeden ilgili dairelere ula\u015farak, sorunlar\u0131n\u0131 h\u0131zl\u0131 bir \u015fekilde \u00e7\u00f6z\u00fcme kavu\u015fturabileceklerinden bahsederek,&nbsp;<strong>&#8220;Elbette ki burada b\u00fct\u00fcn Meclis \u00fcyelerimizin kendilerini, vatanda\u015flar\u0131m\u0131z\u0131n sorunlar\u0131n\u0131, mahallelerin, t\u00fcm il\u00e7elerin s\u0131k\u0131nt\u0131lar\u0131n\u0131 buradan anlatmas\u0131 kadar do\u011fal hi\u00e7bir \u015fey yok. Ama \u00e7\u00f6z\u00fcm odakl\u0131 olmas\u0131 anlam\u0131nda e\u011fer ilgili birim m\u00fcd\u00fcrlerini, daire ba\u015fkanl\u0131klar\u0131n\u0131 arasan\u0131z ve onlara bunlar\u0131 ifade etseniz hem sizleri bilgilendirirler hem de Meclis g\u00fcnlerini beklemeden o konular\u0131n buraya kadar gelmesine gerek kalmayacak ve o sorunlar \u00e7\u00f6z\u00fclm\u00fc\u015f olacak&#8221;<\/strong>&nbsp;diye konu\u015farak, ilgili konular\u0131n daha h\u0131zl\u0131 \u00e7\u00f6z\u00fcme kavu\u015fturulabilece\u011finden bahsetti.<\/p>\n\n\n\n<p>Meclis toplant\u0131s\u0131 komisyonlara havale edilen 11, birimlerden gelen 3 ve g\u00fcndem d\u0131\u015f\u0131 1 madde olmak \u00fczere toplam 15 maddenin karara ba\u011flanmas\u0131n\u0131n ard\u0131ndan sona erdi.<br><\/p>\n","protected":false},"excerpt":{"rendered":"<p>Mersin B\u00fcy\u00fck\u015fehir Belediye Meclisi&#8217;nin 2024 Y\u0131l\u0131 Eyl\u00fcl Ay\u0131 Ola\u011fan Toplant\u0131s\u0131&#8217;n\u0131n 2. Birle\u015fimi Mersin B\u00fcy\u00fck\u015fehir Belediyesi Meclisi 1. Ba\u015fkan Vekili Ali Uyan ba\u015fkanl\u0131\u011f\u0131nda topland\u0131. Kongre ve Sergi Saray\u0131 \u00c7ok Ama\u00e7l\u0131 Salon&#8217;da ger\u00e7ekle\u015ftirilen toplant\u0131da; Komisyonlara Havale Edilen 11, Birimlerden Gelen 3 ve G\u00fcndem D\u0131\u015f\u0131 1 madde olmak \u00fczere toplam 15 madde g\u00f6r\u00fc\u015f\u00fcld\u00fc. Uyan: &#8220;12 Eyl\u00fcl \u00fclkemiz i\u00e7in [&hellip;]<\/p>\n","protected":false},"author":2,"featured_media":35208,"comment_status":"closed","ping_status":"closed","sticky":false,"template":"","format":"standard","meta":{"footnotes":""},"categories":[1,2,3,5],"tags":[],"class_list":["post-35205","post","type-post","status-publish","format-standard","has-post-thumbnail","hentry","category-genel","category-gundem","category-manset","category-mersin"],"views":8,"_links":{"self":[{"href":"https:\/\/mersinkadingazetesi.com\/index.php?rest_route=\/wp\/v2\/posts\/35205"}],"collection":[{"href":"https:\/\/mersinkadingazetesi.com\/index.php?rest_route=\/wp\/v2\/posts"}],"about":[{"href":"https:\/\/mersinkadingazetesi.com\/index.php?rest_route=\/wp\/v2\/types\/post"}],"author":[{"embeddable":true,"href":"https:\/\/mersinkadingazetesi.com\/index.php?rest_route=\/wp\/v2\/users\/2"}],"replies":[{"embeddable":true,"href":"https:\/\/mersinkadingazetesi.com\/index.php?rest_route=%2Fwp%2Fv2%2Fcomments&post=35205"}],"version-history":[{"count":1,"href":"https:\/\/mersinkadingazetesi.com\/index.php?rest_route=\/wp\/v2\/posts\/35205\/revisions"}],"predecessor-version":[{"id":35209,"href":"https:\/\/mersinkadingazetesi.com\/index.php?rest_route=\/wp\/v2\/posts\/35205\/revisions\/35209"}],"wp:featuredmedia":[{"embeddable":true,"href":"https:\/\/mersinkadingazetesi.com\/index.php?rest_route=\/wp\/v2\/media\/35208"}],"wp:attachment":[{"href":"https:\/\/mersinkadingazetesi.com\/index.php?rest_route=%2Fwp%2Fv2%2Fmedia&parent=35205"}],"wp:term":[{"taxonomy":"category","embeddable":true,"href":"https:\/\/mersinkadingazetesi.com\/index.php?rest_route=%2Fwp%2Fv2%2Fcategories&post=35205"},{"taxonomy":"post_tag","embeddable":true,"href":"https:\/\/mersinkadingazetesi.com\/index.php?rest_route=%2Fwp%2Fv2%2Ftags&post=35205"}],"curies":[{"name":"wp","href":"https:\/\/api.w.org\/{rel}","templated":true}]}}