{"id":35219,"date":"2024-09-15T10:11:09","date_gmt":"2024-09-15T07:11:09","guid":{"rendered":"https:\/\/mersinkadingazetesi.com\/?p=35219"},"modified":"2024-09-15T10:11:09","modified_gmt":"2024-09-15T07:11:09","slug":"toroslarda-temizlik-dayanismasi-suruyor","status":"publish","type":"post","link":"https:\/\/mersinkadingazetesi.com\/?p=35219","title":{"rendered":"TOROSLAR&#8217;DA TEM\u0130ZL\u0130K DAYANI\u015eMASI S\u00dcR\u00dcYOR"},"content":{"rendered":"\n<p>Toroslar Belediye Ba\u015fkan\u0131 Abdurrahman Y\u0131ld\u0131z, &#8220;Mahallede Temizlik Var&#8221; kampanyas\u0131 kapsam\u0131nda yine yurtta\u015flarla beraber sokaklardayd\u0131. G\u00f6revde olduklar\u0131 5 ayl\u0131k s\u00fcrede Toroslar&#8217;da temizlik sorununu k\u00f6kten \u00e7\u00f6zecek ad\u0131mlar atmaya ba\u015flad\u0131klar\u0131n\u0131, temizlik konusunda bir sistem kurmaya \u00e7al\u0131\u015ft\u0131klar\u0131n\u0131 ifade eden Ba\u015fkan Y\u0131ld\u0131z, &#8220;Bir yandan da kom\u015fular\u0131m\u0131zla bir dayan\u0131\u015fma ili\u015fkisi geli\u015ftiriyoruz. Mahallelerimizde kom\u015fular\u0131m\u0131zla birlikte temizlik duyarl\u0131l\u0131\u011f\u0131 olu\u015fturmaya \u00e7al\u0131\u015f\u0131yoruz&#8221; dedi.<\/p>\n\n\n\n<p>31 Mart 2024 Se\u00e7imlerinde g\u00f6reve gelir gelmez &#8220;Toroslar art\u0131k daha temiz, daha ya\u015fan\u0131labilir bir kent olacak&#8221; diyerek \u00f6nceli\u011fi temizlik \u00e7al\u0131\u015fmalar\u0131na veren Toroslar Belediye Ba\u015fkan\u0131 Abdurrahman Y\u0131ld\u0131z, &#8220;Mahallede Temizlik Var&#8221; kampanyas\u0131 kapsam\u0131nda Sel\u00e7uklar Mahallesindeydi.<\/p>\n\n\n\n<p>Belediye meclis \u00fcyeleri, ba\u015fkan yard\u0131mc\u0131lar\u0131 ve mahalle sakinleriyle birlikte Sel\u00e7uklar Mahallesinin sokaklar\u0131n\u0131 gezen Ba\u015fkan Y\u0131ld\u0131z, temizlik konusunda duyarl\u0131k yaratmak amac\u0131yla \u00e7evre temizli\u011fine kat\u0131ld\u0131.<\/p>\n\n\n\n<p>Toroslar Belediyesinin \u00e7ok say\u0131da temizlik personeli de ara\u00e7 ve ekipman deste\u011fiyle mahalleyi temizledi. \u00c7al\u0131\u015fmalar kapsam\u0131nda hem cadde ve sokak temizli\u011fi yap\u0131ld\u0131 hem \u00e7\u00f6p koyteynerleri, bo\u015f arsalar, r\u00f6garlar ila\u00e7land\u0131.<\/p>\n\n\n\n<p><strong>&#8220;SORUNLARI DAYANI\u015eMA \u0130LE A\u015eACA\u011eIZ&#8221;<\/strong><\/p>\n\n\n\n<p>Toroslar Belediye Ba\u015fkan\u0131 Abdurrahman Y\u0131ld\u0131z,&nbsp; &#8220;Kampanyam\u0131z\u0131n temel hedeflerinden biri, her zaman s\u00f6yledi\u011fimiz gibi, Toroslar halk\u0131nda bir temizlik duyarl\u0131l\u0131\u011f\u0131 yaratmak. \u00c7\u00fcnk\u00fc her zaman s\u00f6yl\u00fcyoruz, kirlenmemenin birinci ko\u015fulu, temiz tutmaktan ge\u00e7er. Yani ya\u015fad\u0131\u011f\u0131m\u0131z alanlar\u0131 kendi evimizin i\u00e7i kadar korumal\u0131 ve temiz tutmal\u0131y\u0131z. Asl\u0131nda kampanyam\u0131z\u0131n hassasiyetini biraz buraya dayand\u0131rmaya \u00e7al\u0131\u015f\u0131yoruz. Belediyemiz bir k\u0131s\u0131m sorunlar ya\u015fayabilir, finansal sorunlar ya\u015fayabilir, kadro sorunlar\u0131 ya\u015fayabilir, ama biz bu ya\u015fad\u0131\u011f\u0131m\u0131z sorunlar\u0131n tamam\u0131n\u0131, burada oldu\u011fu gibi, t\u00fcm alanlarda da halk\u0131m\u0131zla beraber a\u015faca\u011f\u0131z. Yani dayan\u0131\u015fma duygular\u0131m\u0131z\u0131 g\u00fc\u00e7lendirece\u011fiz, mahalleler ve kom\u015fular\u0131m\u0131z aras\u0131ndaki dayan\u0131\u015fma duygular\u0131m\u0131z\u0131 g\u00fc\u00e7lendirece\u011fiz ve Toroslar&#8217;\u0131 daha ya\u015fan\u0131l\u0131r, daha konforlu bir hale getirece\u011fiz. Buna s\u00f6z verdik ve yapaca\u011f\u0131z&#8221; dedi.<\/p>\n\n\n\n<p><strong>&#8220;TEM\u0130ZL\u0130K D\u0130YE B\u0130R SORUN KALMAYACAK&#8221;<\/strong><\/p>\n\n\n\n<p>Toroslar halk\u0131na temizlik alan\u0131nda verdikleri s\u00f6zlerin b\u00fcy\u00fck k\u0131sm\u0131n\u0131 5 ayl\u0131k s\u00fcre\u00e7te hayata ge\u00e7irmeye ba\u015flad\u0131klar\u0131na i\u015faret eden Ba\u015fkan Y\u0131ld\u0131z, &#8220;Bir y\u0131l i\u00e7erisinde Toroslar&#8217;da temizlik diye bir sorun kalmayaca\u011f\u0131n\u0131 ifade etmi\u015ftik. Bu konuda ciddi \u00e7al\u0131\u015fmalar\u0131m\u0131z var. Alet ve edevatlar\u0131m\u0131z\u0131, makinelerimizi, demirba\u015flar\u0131m\u0131z\u0131 g\u00fc\u00e7lendirmek \u015feklinde \u00e7al\u0131\u015fmalar yap\u0131yoruz. Kom\u015fular\u0131m\u0131zla bir dayan\u0131\u015fma ili\u015fkisi geli\u015ftiriyoruz. Mahallelerimizde kom\u015fular\u0131m\u0131zla birlikte temizlik duyarl\u0131l\u0131\u011f\u0131 olu\u015fturmaya \u00e7al\u0131\u015f\u0131yoruz. Her hafta mahallemizi hep beraber, kom\u015fular\u0131m\u0131zla birlikte, \u00e7ocuklar\u0131m\u0131zla birlikte, belediye \u00e7al\u0131\u015fanlar\u0131m\u0131zla ve meclis \u00fcyelerimizle birlikte temizliyoruz, temizlemeye devam ediyoruz. Toroslar&#8217;\u0131n 67 mahallesinde bu kampanyay\u0131 bir bi\u00e7imde devam ettirece\u011fiz, s\u00fcrd\u00fcrece\u011fiz. Bir yandan da konteyner tahkimat\u0131m\u0131z\u0131 yap\u0131yoruz, ara\u00e7 tahkimat\u0131m\u0131z\u0131 yap\u0131yoruz, i\u015f\u00e7i tahkimat\u0131m\u0131z\u0131 yap\u0131yoruz.&nbsp; Yani en nihayetinde bu s\u00fcrecin sonunda hem\u015fehrimiz bilecek ki, kendi mahallesinde \u00e7\u00f6p kamyonu hangi saatte geliyor, sokak s\u00fcp\u00fcren arkada\u015f\u0131m\u0131z hangi saatte orada, sokak s\u00fcp\u00fcrge ara\u00e7lar\u0131m\u0131z hangi saatte hangi sokakta bulunuyor. Bunlara ili\u015fkin ciddi bir \u00e7al\u0131\u015fma yap\u0131yoruz ve bir disiplin, bir sistem olu\u015fturmaya \u00e7al\u0131\u015f\u0131yoruz. Bir m\u00fcddet sonra siz de evinizin \u00f6n\u00fcndeki konteynerin hangi g\u00fcn ve hangi saatte bo\u015falt\u0131laca\u011f\u0131n\u0131 bileceksiniz. E\u011fer o saatte bo\u015falt\u0131lmam\u0131\u015fsa, ekiplerimiz bir \u015fekilde bunu g\u00f6recekler m\u00fcdahale edecekler&#8221; ifadelerini kulland\u0131.<\/p>\n\n\n\n<p><strong>&#8220;TOROSLAR HALKINA DESTEK \u00c7A\u011eRISI&#8221;<\/strong><\/p>\n\n\n\n<p>Ba\u015fkan Y\u0131ld\u0131z, Toroslar halk\u0131na temizlik kampanyas\u0131na destek olma \u00e7a\u011fr\u0131s\u0131nda bulundu ve &#8220;Ya\u015fanan t\u00fcm imkans\u0131zl\u0131klara ra\u011fmen, ba\u015fta temizlik meselesi olmak \u00fczere t\u00fcm sorunlar\u0131m\u0131z\u0131 s\u0131rayla \u00e7\u00f6zece\u011fimize bir kez daha s\u00f6z veriyorum&#8221; dedi.<\/p>\n\n\n\n<p><strong>&#8220;HER ZAMAN BELED\u0130YE BA\u015eKANIMIZIN ARKASINDAYIZ&#8221;<\/strong><\/p>\n\n\n\n<p>Sel\u00e7uklar Mahallesi Muhtar\u0131 Song\u00fcl \u00d6zdemirta\u015f da&nbsp; &#8220;Mahallemizdeki temizlik kampanyas\u0131na halk\u0131m\u0131zla beraber, meclis \u00fcyelerimizle, belediye ba\u015fkan\u0131m\u0131zla birlikte kat\u0131l\u0131yoruz. Belediyemizin baz\u0131 imkans\u0131zl\u0131klar\u0131 var, belediye ba\u015fkan\u0131m\u0131z zaten bunun a\u00e7\u0131klamas\u0131n\u0131 yapt\u0131. Ama biz halk olarak, vatanda\u015f olarak elimizden geleni yapaca\u011f\u0131z. Her zaman belediyemizin ve belediye ba\u015fkan\u0131m\u0131z\u0131n arkas\u0131nda oldu\u011fumuzu belirtiyoruz. Kat\u0131l\u0131m sa\u011flayan herkese \u00e7ok te\u015fekk\u00fcr ediyorum, iyi ki vars\u0131n\u0131z&#8221; dedi.<\/p>\n\n\n\n<p><strong>&#8220;HEP B\u0130RL\u0130KTE BA\u015eARACA\u011eIZ&#8221;<\/strong><\/p>\n\n\n\n<p>Toroslar Belediye Meclisi \u00fcyesi Abd\u00fclkerim El\u00e7i de &#8220;Siyasal iktidar bize her t\u00fcrl\u00fc zorlu\u011fu \u00e7\u0131karabilir, param\u0131z\u0131 kesebilir, personel s\u0131k\u0131nt\u0131s\u0131 \u00e7\u0131karabilir ama irademizi alamazlar. Biz de bu irade oldu\u011fu s\u00fcrece, sayg\u0131de\u011fer ba\u015fkan\u0131m\u0131z, ekibi ve belediye \u00e7al\u0131\u015fanlar\u0131yla birlikte bu i\u015fi ba\u015faraca\u011f\u0131m\u0131zdan kimsenin ku\u015fkusu olmas\u0131n. Bunu ba\u015faraca\u011f\u0131z&#8221; ifadelerini kulland\u0131.<\/p>\n","protected":false},"excerpt":{"rendered":"<p>Toroslar Belediye Ba\u015fkan\u0131 Abdurrahman Y\u0131ld\u0131z, &#8220;Mahallede Temizlik Var&#8221; kampanyas\u0131 kapsam\u0131nda yine yurtta\u015flarla beraber sokaklardayd\u0131. G\u00f6revde olduklar\u0131 5 ayl\u0131k s\u00fcrede Toroslar&#8217;da temizlik sorununu k\u00f6kten \u00e7\u00f6zecek ad\u0131mlar atmaya ba\u015flad\u0131klar\u0131n\u0131, temizlik konusunda bir sistem kurmaya \u00e7al\u0131\u015ft\u0131klar\u0131n\u0131 ifade eden Ba\u015fkan Y\u0131ld\u0131z, &#8220;Bir yandan da kom\u015fular\u0131m\u0131zla bir dayan\u0131\u015fma ili\u015fkisi geli\u015ftiriyoruz. Mahallelerimizde kom\u015fular\u0131m\u0131zla birlikte temizlik duyarl\u0131l\u0131\u011f\u0131 olu\u015fturmaya \u00e7al\u0131\u015f\u0131yoruz&#8221; dedi. 31 Mart [&hellip;]<\/p>\n","protected":false},"author":2,"featured_media":35220,"comment_status":"closed","ping_status":"closed","sticky":false,"template":"","format":"standard","meta":{"footnotes":""},"categories":[2,3,5],"tags":[],"class_list":["post-35219","post","type-post","status-publish","format-standard","has-post-thumbnail","hentry","category-gundem","category-manset","category-mersin"],"views":9,"_links":{"self":[{"href":"https:\/\/mersinkadingazetesi.com\/index.php?rest_route=\/wp\/v2\/posts\/35219"}],"collection":[{"href":"https:\/\/mersinkadingazetesi.com\/index.php?rest_route=\/wp\/v2\/posts"}],"about":[{"href":"https:\/\/mersinkadingazetesi.com\/index.php?rest_route=\/wp\/v2\/types\/post"}],"author":[{"embeddable":true,"href":"https:\/\/mersinkadingazetesi.com\/index.php?rest_route=\/wp\/v2\/users\/2"}],"replies":[{"embeddable":true,"href":"https:\/\/mersinkadingazetesi.com\/index.php?rest_route=%2Fwp%2Fv2%2Fcomments&post=35219"}],"version-history":[{"count":1,"href":"https:\/\/mersinkadingazetesi.com\/index.php?rest_route=\/wp\/v2\/posts\/35219\/revisions"}],"predecessor-version":[{"id":35221,"href":"https:\/\/mersinkadingazetesi.com\/index.php?rest_route=\/wp\/v2\/posts\/35219\/revisions\/35221"}],"wp:featuredmedia":[{"embeddable":true,"href":"https:\/\/mersinkadingazetesi.com\/index.php?rest_route=\/wp\/v2\/media\/35220"}],"wp:attachment":[{"href":"https:\/\/mersinkadingazetesi.com\/index.php?rest_route=%2Fwp%2Fv2%2Fmedia&parent=35219"}],"wp:term":[{"taxonomy":"category","embeddable":true,"href":"https:\/\/mersinkadingazetesi.com\/index.php?rest_route=%2Fwp%2Fv2%2Fcategories&post=35219"},{"taxonomy":"post_tag","embeddable":true,"href":"https:\/\/mersinkadingazetesi.com\/index.php?rest_route=%2Fwp%2Fv2%2Ftags&post=35219"}],"curies":[{"name":"wp","href":"https:\/\/api.w.org\/{rel}","templated":true}]}}