{"id":35225,"date":"2024-09-15T10:14:42","date_gmt":"2024-09-15T07:14:42","guid":{"rendered":"https:\/\/mersinkadingazetesi.com\/?p=35225"},"modified":"2024-09-15T10:14:43","modified_gmt":"2024-09-15T07:14:43","slug":"buyuksehir-ekipleri-kandil-simidini-ilcelerde-es-zamanli-vatandasla-bulusturdu","status":"publish","type":"post","link":"https:\/\/mersinkadingazetesi.com\/?p=35225","title":{"rendered":"B\u00dcY\u00dcK\u015eEH\u0130R EK\u0130PLER\u0130, KAND\u0130L S\u0130M\u0130D\u0130N\u0130 \u0130L\u00c7ELERDE E\u015e ZAMANLI VATANDA\u015eLA BULU\u015eTURDU"},"content":{"rendered":"\n<p>Mersin B\u00fcy\u00fck\u015fehir Belediyesi, her y\u0131l oldu\u011fu gibi bu sene de Mevlid Kandili dolay\u0131s\u0131yla vatanda\u015flara kandil simidi da\u011f\u0131tt\u0131. B\u00fcy\u00fck\u015fehir Belediyesi b\u00fcnyesinde \u00fcretilen, \u00f6zenle tek tek paketlenip kutulara konan kandil simitleri kentin farkl\u0131 noktalar\u0131nda kurulan stantlarda vatanda\u015flarla bulu\u015fturuldu.<\/p>\n\n\n\n<p>Sosyal Hizmetler Dairesi Ba\u015fkanl\u0131\u011f\u0131 koordinesinde e\u015f zamanl\u0131 da\u011f\u0131t\u0131m yapan ekipler, 4 merkez il\u00e7e ba\u015fta olmak \u00fczere; Tarsus, Erdemli, Silifke, G\u00fclnar, Mut, Ayd\u0131nc\u0131k, Bozyaz\u0131 ve Anamur&#8217;da 32 cami \u00f6n\u00fcnde kandil simidi ikram etti. B\u00fcy\u00fck\u015fehir Belediye Ba\u015fkan\u0131 Vahap Se\u00e7er&#8217;in sevgi ve selamlar\u0131n\u0131 ileterek da\u011f\u0131t\u0131m yapan ekipler, vatanda\u015flar\u0131n kandilini kutlad\u0131. Vatanda\u015flar da, dayan\u0131\u015fman\u0131n, birlik ve beraberli\u011fin sembol\u00fc olan kandillerde de kendilerini d\u00fc\u015f\u00fcnen ve yan\u0131nda olan B\u00fcy\u00fck\u015fehir Belediyesi&#8217;ne te\u015fekk\u00fcrlerini ilettiler.<\/p>\n\n\n\n<p><strong>Yazg\u0131: &#8220;Bu kandilde de B\u00fcy\u00fck\u015fehir olarak, 13 il\u00e7ede e\u015f zamanl\u0131 kandil simidi da\u011f\u0131t\u0131yoruz&#8221;<\/strong><\/p>\n\n\n\n<p>B\u00fcy\u00fck\u015fehir Belediyesi Sosyal Hizmetler Dairesi Ba\u015fkanl\u0131\u011f\u0131&#8217;nda Sosyal Hizmetler Uzman\u0131 Yusuf Yazg\u0131, Mevlid Kandili dolay\u0131s\u0131yla kent genelinde vatanda\u015flara kandil simidi ikram ettiklerini s\u00f6yleyerek,&nbsp;<strong>&#8220;Bu y\u0131l, B\u00fcy\u00fck\u015fehir Belediyesi olarak kentin 4 merkezi noktas\u0131nda ve 13 il\u00e7ede bulunan 32 cami \u00f6n\u00fcnde da\u011f\u0131t\u0131m ger\u00e7ekle\u015ftiriyoruz. B\u00fcy\u00fck\u015fehir Belediyesi olarak amac\u0131m\u0131z; bu manevi gecede halk\u0131m\u0131zla bir araya gelmek, dayan\u0131\u015fma ve birlik duygusunu g\u00fc\u00e7lendirmek. Bu vesileyle t\u00fcm Mersin halk\u0131n\u0131n Mevlid Kandil&#8217;ini en i\u00e7ten dileklerimizle kutluyor, bu \u00f6zel gecenin huzur ve mutluluk getirmesini diliyoruz&#8221;<\/strong>&nbsp;dedi.<\/p>\n\n\n\n<p><strong>Vatanda\u015flar, bu kandilde de kendilerini unutmayan B\u00fcy\u00fck\u015fehir Belediyesi&#8217;ne te\u015fekk\u00fcr etti<\/strong><\/p>\n\n\n\n<p>Vatanda\u015flardan B\u00fclent Pekpak, da\u011f\u0131t\u0131lan ikramla ilgili;&nbsp;<strong>&#8220;\u00d6rf ve adetlerimiz unutturulmas\u0131n. B\u00f6yle \u015feyler \u00e7ok b\u00fcy\u00fck g\u00f6n\u00fcl kazand\u0131r\u0131r. Ben \u00f6mr\u00fcmde daha \u00f6nce hi\u00e7 b\u00f6yle bir \u015fey yemedim. \u0130lk defa yiyorum ama b\u00f6yle \u015feyleri g\u00f6rd\u00fc\u011f\u00fcm zaman gurur duyuyorum. Ba\u015fkan\u0131m\u0131z Vahap Se\u00e7er&#8217;e ve eme\u011fi ge\u00e7en herkese bizi d\u00fc\u015f\u00fcnd\u00fckleri i\u00e7in te\u015fekk\u00fcr ediyorum&#8221;<\/strong>&nbsp;diye konu\u015ftu.<\/p>\n\n\n\n<p>Bir ba\u015fka vatanda\u015f Fidan Ate\u015f de,&nbsp;<strong>&#8220;\u00c7ok g\u00fczel oldu. Bizim oyumuz her zaman Ba\u015fkan Vahap Se\u00e7er&#8217;e. \u0130yi g\u00fcn\u00fcm\u00fczde de k\u00f6t\u00fc g\u00fcn\u00fcm\u00fczde de hep yan\u0131m\u0131zda&#8221;<\/strong>&nbsp;dedi.<\/p>\n","protected":false},"excerpt":{"rendered":"<p>Mersin B\u00fcy\u00fck\u015fehir Belediyesi, her y\u0131l oldu\u011fu gibi bu sene de Mevlid Kandili dolay\u0131s\u0131yla vatanda\u015flara kandil simidi da\u011f\u0131tt\u0131. B\u00fcy\u00fck\u015fehir Belediyesi b\u00fcnyesinde \u00fcretilen, \u00f6zenle tek tek paketlenip kutulara konan kandil simitleri kentin farkl\u0131 noktalar\u0131nda kurulan stantlarda vatanda\u015flarla bulu\u015fturuldu. Sosyal Hizmetler Dairesi Ba\u015fkanl\u0131\u011f\u0131 koordinesinde e\u015f zamanl\u0131 da\u011f\u0131t\u0131m yapan ekipler, 4 merkez il\u00e7e ba\u015fta olmak \u00fczere; Tarsus, Erdemli, Silifke, [&hellip;]<\/p>\n","protected":false},"author":2,"featured_media":35226,"comment_status":"closed","ping_status":"closed","sticky":false,"template":"","format":"standard","meta":{"footnotes":""},"categories":[3],"tags":[],"class_list":["post-35225","post","type-post","status-publish","format-standard","has-post-thumbnail","hentry","category-manset"],"views":4,"_links":{"self":[{"href":"https:\/\/mersinkadingazetesi.com\/index.php?rest_route=\/wp\/v2\/posts\/35225"}],"collection":[{"href":"https:\/\/mersinkadingazetesi.com\/index.php?rest_route=\/wp\/v2\/posts"}],"about":[{"href":"https:\/\/mersinkadingazetesi.com\/index.php?rest_route=\/wp\/v2\/types\/post"}],"author":[{"embeddable":true,"href":"https:\/\/mersinkadingazetesi.com\/index.php?rest_route=\/wp\/v2\/users\/2"}],"replies":[{"embeddable":true,"href":"https:\/\/mersinkadingazetesi.com\/index.php?rest_route=%2Fwp%2Fv2%2Fcomments&post=35225"}],"version-history":[{"count":1,"href":"https:\/\/mersinkadingazetesi.com\/index.php?rest_route=\/wp\/v2\/posts\/35225\/revisions"}],"predecessor-version":[{"id":35227,"href":"https:\/\/mersinkadingazetesi.com\/index.php?rest_route=\/wp\/v2\/posts\/35225\/revisions\/35227"}],"wp:featuredmedia":[{"embeddable":true,"href":"https:\/\/mersinkadingazetesi.com\/index.php?rest_route=\/wp\/v2\/media\/35226"}],"wp:attachment":[{"href":"https:\/\/mersinkadingazetesi.com\/index.php?rest_route=%2Fwp%2Fv2%2Fmedia&parent=35225"}],"wp:term":[{"taxonomy":"category","embeddable":true,"href":"https:\/\/mersinkadingazetesi.com\/index.php?rest_route=%2Fwp%2Fv2%2Fcategories&post=35225"},{"taxonomy":"post_tag","embeddable":true,"href":"https:\/\/mersinkadingazetesi.com\/index.php?rest_route=%2Fwp%2Fv2%2Ftags&post=35225"}],"curies":[{"name":"wp","href":"https:\/\/api.w.org\/{rel}","templated":true}]}}