{"id":35231,"date":"2024-09-15T10:18:54","date_gmt":"2024-09-15T07:18:54","guid":{"rendered":"https:\/\/mersinkadingazetesi.com\/?p=35231"},"modified":"2024-09-15T10:18:54","modified_gmt":"2024-09-15T07:18:54","slug":"buyuksehirin-mobil-kuafor-araci-bu-kez-erdemlililere-hizmet-verdi","status":"publish","type":"post","link":"https:\/\/mersinkadingazetesi.com\/?p=35231","title":{"rendered":"B\u00dcY\u00dcK\u015eEH\u0130R&#8217;\u0130N MOB\u0130L KUAF\u00d6R ARACI BU KEZ ERDEML\u0130L\u0130LERE H\u0130ZMET VERD\u0130"},"content":{"rendered":"\n<p>Mersin B\u00fcy\u00fck\u015fehir Belediyesi&#8217;nin \u00f6zellikle k\u0131rsal ve dezavantajl\u0131 mahallelerde ya\u015fayan, berber ve kuaf\u00f6r hizmeti alamayan vatanda\u015flar\u0131n aya\u011f\u0131na giderek, bu ihtiya\u00e7lar\u0131n\u0131 kar\u015f\u0131lad\u0131\u011f\u0131&nbsp;&nbsp;<strong>&#8216;Mobil Kuaf\u00f6r&#8217;<\/strong>&nbsp;arac\u0131 son olarak Erdemli il\u00e7esindeydi.&nbsp;&nbsp;Sosyal Hizmetler Dairesi&#8217;ne ba\u011fl\u0131 ekipler bu kez Kayac\u0131 Mahallesine hizmet g\u00f6t\u00fcrerek, \u00e7o\u011funlukla tar\u0131m i\u015fi ile u\u011fra\u015fan, berber ve kuaf\u00f6re gitme imkan\u0131 bulamayan vatanda\u015flar\u0131n y\u00fcz\u00fcn\u00fc g\u00fcld\u00fcrd\u00fc.<\/p>\n\n\n\n<p>Mahallelerinde kuaf\u00f6r hizmeti s\u0131n\u0131rl\u0131 olan ve mobil ara\u00e7 sayesinde bu ihtiya\u00e7lar\u0131n\u0131 gideren vatanda\u015flardan kimi sa\u00e7\u0131n\u0131 sakal\u0131n\u0131 kestirdi kimi ise ki\u015fisel bak\u0131m ve sa\u00e7 boyama i\u015flemi yapt\u0131rd\u0131. Hem zamandan tasarruf ettiren hem de d\u0131\u015far\u0131da bu i\u015flemlerin olduk\u00e7a maliyetli olmas\u0131 sebebi ile b\u00fct\u00e7e dostu uygulama mahalle sakinlerinden tam not ald\u0131. 4 y\u0131ld\u0131r s\u00fcrd\u00fcr\u00fclen projeden \u015fimdiye kadar 19 bin 398 ki\u015fi faydaland\u0131.<\/p>\n\n\n\n<p><strong>Tukta: &#8220;Amac\u0131m\u0131z daha fazla vatanda\u015f\u0131m\u0131za ula\u015fmak ve daha \u00e7ok insana dokunmak&#8221;<\/strong><\/p>\n\n\n\n<p>Sosyal Hizmetler Dairesi b\u00fcnyesinde hizmet veren Mobil Kuaf\u00f6r Ara\u00e7 Sorumlusu Neslihan Tukta, B\u00fcy\u00fck\u015fehir Belediyesi&#8217;nin 4 y\u0131ld\u0131r bu hizmeti verdi\u011fini kaydederek, &#8220;<strong>Mobil arac\u0131m\u0131z ile Mersin&#8217;i kar\u0131\u015f kar\u0131\u015f geziyoruz. Gitmedi\u011fimiz k\u0131rsal kesim kalmad\u0131. Kuaf\u00f6r ve berberi olmayan mahallelerimizde vatanda\u015flar\u0131m\u0131za hizmet veriyoruz. \u015eimdiye kadar 19 bin 398 vatanda\u015f\u0131m\u0131za hizmet verdik. Amac\u0131m\u0131z daha fazla vatanda\u015f\u0131m\u0131za hizmet vermek ve daha \u00e7ok insana dokunmak<\/strong>&#8221; diye konu\u015ftu.<\/p>\n\n\n\n<p>Her il\u00e7ede kuaf\u00f6r ve berber bulunmad\u0131\u011f\u0131n\u0131 s\u00f6yleyen Tukta, \u00f6zellikle k\u0131rsal kesimde ya\u015fayan vatanda\u015flar\u0131n her zaman berber veya kuaf\u00f6re gitmeye vakit bulamad\u0131\u011f\u0131n\u0131 da vurgulad\u0131. Tukta,&nbsp;<strong>&#8220;Ayn\u0131 zamanda maliyetler \u00e7ok fazla artt\u0131\u011f\u0131ndan dolay\u0131 vatanda\u015flar\u0131m\u0131z \u00e7ok fazla i\u015flem yapt\u0131ram\u0131yorlar. Biz de vatanda\u015f\u0131m\u0131z\u0131n aya\u011f\u0131na kadar gidip \u00fccretsiz bir \u015fekilde i\u015flemlerini yap\u0131p oradan ayr\u0131l\u0131yoruz. Bu hizmetimizden vatanda\u015flar\u0131m\u0131z \u00e7ok memnun ve her gitti\u011fimiz k\u00f6y tekrar tekrar i\u00e7a\u011f\u0131r\u0131yor. Talep \u00e7ok fazla. Biz de bu hizmeti verdi\u011fimiz i\u00e7in \u00e7ok mutluyuz. B\u00fcy\u00fck\u015fehir Belediyesi olarak gitmedi\u011fimiz il\u00e7e kalmayacak. Bu hizmeti t\u00fcm vatanda\u015f\u0131m\u0131za duyuraca\u011f\u0131z ve memnuniyetle bu hizmeti vermeye devam edece\u011fiz&#8221;<\/strong>&nbsp;diyerek s\u00f6zlerini sonland\u0131rd\u0131.<\/p>\n\n\n\n<p><strong>Muhtar Bakkal: &#8220;Bu hizmet s\u00fcper bir hizmet ve aya\u011f\u0131m\u0131za geldi&#8221;<\/strong><\/p>\n\n\n\n<p>Kayac\u0131 Mahalle Muhtar\u0131 H\u00fcseyin Bakkal, hizmetin \u00e7\u0131\u011f\u0131r a\u00e7an bir hizmet oldu\u011funu s\u00f6yleyerek,&nbsp;<strong>&#8220;Ba\u015fkan\u0131m\u0131z Vahap Se\u00e7er&#8217;e her zamanki gibi yeniliklerin Ba\u015fkan\u0131 diyoruz. Vatanda\u015flar da \u00e7ok memnun ve yo\u011fun ilgisi oldu. \u00c7\u00fcnk\u00fc vatanda\u015flar\u0131m\u0131zdan kimisi tarlada kimisi ba\u011fda bah\u00e7ede \u00e7al\u0131\u015f\u0131yor ve gidemiyor. Hem kad\u0131nlar hem erkekler i\u00e7in \u00e7ok g\u00fczel bir hizmet&#8221;&nbsp;<\/strong>dedi.<\/p>\n\n\n\n<p>Mahalle sakinlerinin hizmetin \u00fccretsiz olmas\u0131n\u0131 \u00e7ok sevdi\u011fini s\u00f6yleyen Bakkal,&nbsp;<strong>&#8220;Ger\u00e7ekten tarih yazacak bir hizmet. Bizim i\u00e7in hem zaman hem de para ikisi de \u00f6nemli \u015fu an ve ikisi de k\u0131s\u0131tl\u0131. O y\u00fczden bu hizmet s\u00fcper bir hizmet ve aya\u011f\u0131m\u0131za geldi&#8221;<\/strong>&nbsp;diye konu\u015ftu.<\/p>\n\n\n\n<p><strong>Mahalle sakinleri hizmetin hem ayaklar\u0131na kadar gelmesini hem de \u00fccretsiz olmas\u0131n\u0131 \u00e7ok sevdi<\/strong><\/p>\n\n\n\n<p>Mahalle sakinlerinden Nigar Ba\u011f, k\u0131z\u0131 ile birlikte geldi\u011fini belirterek,&nbsp;<strong>&#8220;Ben boya yapt\u0131rd\u0131m k\u0131z\u0131m da sa\u00e7\u0131n\u0131 kestirdi. Ben sosyal medyadan duydum. Normalde kuaf\u00f6re gidecek zaman\u0131m\u0131z olmuyor, tarlada \u00e7al\u0131\u015f\u0131yoruz. Kuaf\u00f6re gidece\u011fimiz zaman bazen imkan\u0131m\u0131z olmayabiliyor. Aya\u011f\u0131m\u0131za kadar gelen bu hizmeti \u00e7ok sevdik ve memnun kald\u0131k&#8221;<\/strong>&nbsp;diye konu\u015ftu.<\/p>\n\n\n\n<p>Bir ba\u015fka vatanda\u015f Ay\u015fe Bal da hizmet i\u00e7in B\u00fcy\u00fck\u015fehir Belediyesi&#8217;ne te\u015fekk\u00fcr ederek,&nbsp;<strong>&#8220;\u00c7ok memnun kald\u0131m. \u0130\u015flerimizden ve maddi durumumuzdan dolay\u0131 kuaf\u00f6re gidemiyoruz. Boya yapt\u0131rd\u0131m. D\u0131\u015far\u0131da bu i\u015flemi yapt\u0131rsam 700-800 lira aras\u0131 tutacakt\u0131 ama b\u00fct\u00e7emi a\u015ft\u0131\u011f\u0131 i\u00e7in yapt\u0131ramad\u0131m. Bizi d\u00fc\u015f\u00fcnen bir Ba\u015fkan\u0131m\u0131z var&#8221;<\/strong>&nbsp;dedi.<\/p>\n\n\n\n<p>\u00c7ocuklardan Ay\u015fenaz Evdilek ise, &#8220;<strong>Ben sa\u00e7\u0131m\u0131 kestirip \u00f6rd\u00fcrd\u00fcm. Abla benimle \u00e7ok g\u00fczel ilgilendi. Ben de ileride kuaf\u00f6r olmak istiyorum. Bug\u00fcn sa\u00e7 kesimim \u00e7ok ho\u015fuma gitti ve mutlu oldum&#8221;<\/strong>&nbsp;diyerek duygular\u0131n\u0131 belirtti.<\/p>\n\n\n\n<p>\u00c7ocuklardan Atakan C\u00fcce de, abisi ile geldi\u011fini s\u00f6yleyerek,&nbsp;<strong>&#8220;Sa\u00e7\u0131m\u0131 kestirdim. Abiden \u0130cardi modelini istedim. Berber amca kesti ve onu \u00e7ok sevdim. Sa\u00e7 kesimim ho\u015fuma gitti ve \u00e7ok mutlu oldum&#8221;&nbsp;<\/strong>dedi.<\/p>\n","protected":false},"excerpt":{"rendered":"<p>Mersin B\u00fcy\u00fck\u015fehir Belediyesi&#8217;nin \u00f6zellikle k\u0131rsal ve dezavantajl\u0131 mahallelerde ya\u015fayan, berber ve kuaf\u00f6r hizmeti alamayan vatanda\u015flar\u0131n aya\u011f\u0131na giderek, bu ihtiya\u00e7lar\u0131n\u0131 kar\u015f\u0131lad\u0131\u011f\u0131&nbsp;&nbsp;&#8216;Mobil Kuaf\u00f6r&#8217;&nbsp;arac\u0131 son olarak Erdemli il\u00e7esindeydi.&nbsp;&nbsp;Sosyal Hizmetler Dairesi&#8217;ne ba\u011fl\u0131 ekipler bu kez Kayac\u0131 Mahallesine hizmet g\u00f6t\u00fcrerek, \u00e7o\u011funlukla tar\u0131m i\u015fi ile u\u011fra\u015fan, berber ve kuaf\u00f6re gitme imkan\u0131 bulamayan vatanda\u015flar\u0131n y\u00fcz\u00fcn\u00fc g\u00fcld\u00fcrd\u00fc. Mahallelerinde kuaf\u00f6r hizmeti s\u0131n\u0131rl\u0131 olan ve [&hellip;]<\/p>\n","protected":false},"author":2,"featured_media":35232,"comment_status":"closed","ping_status":"closed","sticky":false,"template":"","format":"standard","meta":{"footnotes":""},"categories":[3],"tags":[],"class_list":["post-35231","post","type-post","status-publish","format-standard","has-post-thumbnail","hentry","category-manset"],"views":11,"_links":{"self":[{"href":"https:\/\/mersinkadingazetesi.com\/index.php?rest_route=\/wp\/v2\/posts\/35231"}],"collection":[{"href":"https:\/\/mersinkadingazetesi.com\/index.php?rest_route=\/wp\/v2\/posts"}],"about":[{"href":"https:\/\/mersinkadingazetesi.com\/index.php?rest_route=\/wp\/v2\/types\/post"}],"author":[{"embeddable":true,"href":"https:\/\/mersinkadingazetesi.com\/index.php?rest_route=\/wp\/v2\/users\/2"}],"replies":[{"embeddable":true,"href":"https:\/\/mersinkadingazetesi.com\/index.php?rest_route=%2Fwp%2Fv2%2Fcomments&post=35231"}],"version-history":[{"count":1,"href":"https:\/\/mersinkadingazetesi.com\/index.php?rest_route=\/wp\/v2\/posts\/35231\/revisions"}],"predecessor-version":[{"id":35233,"href":"https:\/\/mersinkadingazetesi.com\/index.php?rest_route=\/wp\/v2\/posts\/35231\/revisions\/35233"}],"wp:featuredmedia":[{"embeddable":true,"href":"https:\/\/mersinkadingazetesi.com\/index.php?rest_route=\/wp\/v2\/media\/35232"}],"wp:attachment":[{"href":"https:\/\/mersinkadingazetesi.com\/index.php?rest_route=%2Fwp%2Fv2%2Fmedia&parent=35231"}],"wp:term":[{"taxonomy":"category","embeddable":true,"href":"https:\/\/mersinkadingazetesi.com\/index.php?rest_route=%2Fwp%2Fv2%2Fcategories&post=35231"},{"taxonomy":"post_tag","embeddable":true,"href":"https:\/\/mersinkadingazetesi.com\/index.php?rest_route=%2Fwp%2Fv2%2Ftags&post=35231"}],"curies":[{"name":"wp","href":"https:\/\/api.w.org\/{rel}","templated":true}]}}