{"id":35241,"date":"2024-09-15T16:48:00","date_gmt":"2024-09-15T13:48:00","guid":{"rendered":"https:\/\/mersinkadingazetesi.com\/?p=35241"},"modified":"2024-09-16T10:48:38","modified_gmt":"2024-09-16T07:48:38","slug":"dim-tass-ile-sinerji-yarattik","status":"publish","type":"post","link":"https:\/\/mersinkadingazetesi.com\/?p=35241","title":{"rendered":"D\u0130M: TASS \u0130LE S\u0130NERJ\u0130 YARATTIK"},"content":{"rendered":"\n<p>T\u00fcrkiye\u2019nin de \u00fcyelik i\u00e7in giri\u015fimlerde bulundu\u011fu Rusya ve \u00c7in \u00f6nc\u00fcl\u00fc\u011f\u00fcnde kurulan ekonomik i\u015fbirli\u011fi \u00f6rg\u00fct\u00fc BRICS\u2019in medya zirvesi TASS Ajans\u0131\u2019n\u0131n 120\u2019inci kurulu\u015f y\u0131ld\u00f6n\u00fcm\u00fc etkinlikleri \u00e7er\u00e7evesinde Moskova\u2019da ger\u00e7ekle\u015ftirildi. T\u00fcrkiye\u2019yi temsilen sivil toplum \u00f6rg\u00fct\u00fc olarak sadece K\u00fcresel Gazeteciler Konseyi (KGK)\u2019nin davet edildi\u011fi zirveye KGK Genel Ba\u015fkan\u0131 Mehmet Ali Dim ile Genel Ba\u015fkan Vekili \u0130smail Bayaz\u0131t\u2019\u0131n yan\u0131s\u0131ra 50\u2019ye yak\u0131n \u00fclkeden yakla\u015f\u0131k 120 gazeteci kat\u0131ld\u0131.<\/p>\n\n\n\n<p>D\u00fcnyan\u0131n en eski haber ajanslar\u0131ndan birisi olarak 1904 y\u0131l\u0131nda Rusya\u2019da kurulan TASS, bu y\u0131l 120\u2019nci kurulu\u015f y\u0131ld\u00f6n\u00fcm\u00fcn\u00fc \u00e7e\u015fitli etkinliklerle kutluyor. T\u00fcrkiye\u2019den KGK ile birlikte sadece Anadolu Ajans\u0131\u2019n\u0131n davet edildi\u011fi etkinlikler kapsam\u0131nda farkl\u0131 ulusal ve uluslararas\u0131 organizasyonlar ger\u00e7ekle\u015ftirildi.<\/p>\n\n\n\n<p>D\u0130M: TASS \u0130LE S\u0130NERJ\u0130 YARATTIK<\/p>\n\n\n\n<p>TASS\u2019\u0131n d\u00fcnya genelindeki temsilci ve muhabirlerinin de \u00fcye oldu\u011fu Rus Medya Konseyi \u00fcyelerinin kat\u0131l\u0131m\u0131yla 21. D\u00fcnya Rus Medya Kongresi\u2019ne 2019 y\u0131l\u0131nda T\u00fcrkiye\u2019de ev sahipli\u011fi yapan KGK, ge\u00e7en y\u0131l da Moskova\u2019da TASS ev sahipli\u011finde Rus-T\u00fcrk Medya Forumu\u2019na imza att\u0131.<br>75 \u00fclkede temsilcisi olan K\u00fcresel Gazeteciler Konseyi ad\u0131na TASS ajans\u0131n\u0131n 120\u2019nci kurulu\u015f y\u0131ld\u00f6n\u00fcm\u00fcn\u00fc kutlayan Genel Ba\u015fkan Mehmet Ali Dim \u015funlar\u0131 s\u00f6yledi:<br>\u201cRus medyas\u0131 ve TASS ile geli\u015fen ili\u015fkilerimiz kapsam\u0131nda iki \u00fclkenin gazetecilerinin i\u015fbirli\u011fi ve dostlu\u011funu geli\u015ftirmek suretiyle yaratt\u0131\u011f\u0131m\u0131z sinerjiyle toplumsal yak\u0131nla\u015fmaya katk\u0131 sa\u011flamay\u0131 hedefliyoruz. De\u011ferli dostum TASS ajans\u0131n\u0131n Genel M\u00fcd\u00fcr Vekili Mikail Gusman ile s\u00fcrekli ileti\u015fim halindeyiz. Mevcut ili\u015fkileri daha ileriye ta\u015f\u0131mak i\u00e7in ortak \u00e7abalar\u0131m\u0131za ara vermeden devam ediyoruz. BRICS medya zirvesine davet edilmemiz yaln\u0131zca konseyimize de\u011fil konseyin kurumsal kimli\u011fi \u00fczerinden \u00fclkemize verilen \u00f6nemin bir g\u00f6stergesidir. Bu \u00f6nemli zirveye konsey ad\u0131na Genel Ba\u015fkan Vekilimiz \u0130smail Bayaz\u0131t ile birlikte kat\u0131lmaktan onur duyduk. BRICS olu\u015fumunun b\u00f6lgesel g\u00fc\u00e7 olan \u00fclkemiz ile d\u00fcnyada bar\u0131\u015f\u0131n ve sosyal refah\u0131n geli\u015fmesi i\u00e7in \u00e7aba sarfeden Cumhurba\u015fkan\u0131m\u0131z Say\u0131n Recep Tayyip Erdo\u011fan\u2019\u0131n hedefleri a\u00e7\u0131s\u0131ndan \u00f6nemini daha iyi kavramam\u0131za katk\u0131 sa\u011flayan bu zirveye ev sahipli\u011fi yapan TASS\u2019\u0131n de\u011ferli y\u00f6neticilerine ve \u00e7al\u0131\u015fkan ekibine m\u00fckemmel ev sahipli\u011fi ve ba\u015far\u0131l\u0131 organizasyon i\u00e7in \u00e7ok te\u015fekk\u00fcr ederiz.\u201d<\/p>\n\n\n\n<p>BAYAZIT: MEDYA \u0130\u015eB\u0130RL\u0130\u011e\u0130 \u00c7OK \u00d6NEML\u0130<\/p>\n\n\n\n<p>Zirveye kat\u0131lan KGK Genel Ba\u015fkan Vekili \u0130smail Bayaz\u0131t da yapt\u0131\u011f\u0131 a\u00e7\u0131klamada, medya i\u015fbirli\u011finin Rusya ile T\u00fcrkiye ili\u015fkilerinin daha da geli\u015fmesine katk\u0131 sa\u011flayabilece\u011fine dikkat \u00e7ekerek \u015funlar\u0131 s\u00f6yledi:<br>\u201cMedia Summit BRICS kapsam\u0131nda, K\u00fcresel Gazeteciler Konseyi (KGK) olarak, T\u00fcrkiye ve Rusya aras\u0131ndaki bas\u0131n ve ileti\u015fim ili\u015fkilerine verdi\u011fimiz \u00f6nemin alt\u0131n\u0131 \u00e7izmek istiyorum. Medya, g\u00fcn\u00fcm\u00fcz d\u00fcnyas\u0131nda devletler aras\u0131 ili\u015fkilerde yaln\u0131zca bilgi aktar\u0131m\u0131n\u0131 sa\u011flamakla kalmay\u0131p, ayn\u0131 zamanda toplumsal alg\u0131lar\u0131 y\u00f6nlendiren g\u00fc\u00e7l\u00fc bir ara\u00e7 olarak kar\u015f\u0131m\u0131za \u00e7\u0131kmaktad\u0131r. T\u00fcrkiye ve Rusya aras\u0131ndaki tarihi ve stratejik ili\u015fkiler, yaln\u0131zca ticaret, savunma ve enerji alanlar\u0131yla s\u0131n\u0131rl\u0131 kalmay\u0131p, medya ve ileti\u015fim alan\u0131ndaki i\u015f birli\u011fiyle de derinle\u015fmektedir. Bas\u0131n\u0131n, iki \u00fclke aras\u0131ndaki diyaloglar\u0131 g\u00fc\u00e7lendirme ve halklar\u0131n birbirlerini daha do\u011fru anlamalar\u0131na katk\u0131 sa\u011flama noktas\u0131ndaki rol\u00fc b\u00fcy\u00fckt\u00fcr. T\u00fcrkiye ve Rusya gibi b\u00f6lgesel akt\u00f6rler aras\u0131nda sa\u011fl\u0131kl\u0131 ve s\u00fcrd\u00fcr\u00fclebilir ili\u015fkiler kurabilmek, do\u011fru bilgi ak\u0131\u015f\u0131 ve medya arac\u0131l\u0131\u011f\u0131yla olu\u015fan g\u00fcven ortam\u0131 ile m\u00fcmk\u00fcnd\u00fcr. Bu ba\u011flamda KGK, iki \u00fclke aras\u0131nda ileti\u015fim k\u00f6pr\u00fclerinin sa\u011flam tutulmas\u0131na ve medya \u00fczerinden kar\u015f\u0131l\u0131kl\u0131 sayg\u0131, anlay\u0131\u015f ve i\u015f birli\u011finin geli\u015ftirilmesine b\u00fcy\u00fck \u00f6zen g\u00f6stermektedir. T\u00fcrkiye, Rusya ile medya ili\u015fkilerini soft power unsuru olarak kullanarak, iki \u00fclkenin halklar\u0131 aras\u0131nda daha yak\u0131n ba\u011flar kurulmas\u0131n\u0131 te\u015fvik etmektedir. KGK olarak, bu ili\u015fkileri g\u00fc\u00e7lendirmek ve her iki \u00fclke medyas\u0131 aras\u0131ndaki diyalog kanallar\u0131n\u0131 a\u00e7\u0131k tutmak i\u00e7in kararl\u0131l\u0131kla \u00e7al\u0131\u015f\u0131yoruz. T\u00fcrkiye\u2019nin bu alandaki giri\u015fimlerinin ve ortak projelerinin, iki \u00fclke aras\u0131ndaki ili\u015fkilerin her y\u00f6n\u00fcyle daha da derinle\u015fmesine katk\u0131da bulunaca\u011f\u0131na inan\u0131yoruz.\u201d<\/p>\n\n\n\n<p>MEDYA Z\u0130RVES\u0130N\u0130 LAVROV A\u00c7TI<\/p>\n\n\n\n<p>14-15 Eyl\u00fcl 2024 tarihlerinde yap\u0131lan BRICS medya zirvesinin oturum ba\u015fkanl\u0131\u011f\u0131n\u0131 TASS Genel M\u00fcd\u00fcr Vekili Mikhail Gusman yapt\u0131. Rusya D\u0131\u015fi\u015fleri Bakan\u0131 Sergey Lavrov\u2019un video konferans yoluyla kat\u0131larak BRICS \u00fclkelerinin amac\u0131n\u0131 anlattt\u0131\u011f\u0131 ve kat\u0131l\u0131mc\u0131lara ho\u015fgeldiniz dedi\u011fi yaln\u0131zca \u00fcye \u00fclkelerin gazetecilere s\u00f6z verilen ilk g\u00fcnk\u00fc oturumlarda BRICS \u00fclkelerinin medyalar\u0131 ve gazetecileriyle i\u015fbirli\u011fi ve dayan\u0131\u015fmas\u0131n\u0131n \u00f6nemine de\u011finildi. Bu b\u00f6l\u00fcmde Rusya D\u0131\u015fi\u015fleri Bakanl\u0131\u011f\u0131 s\u00f6zc\u00fcs\u00fc Maria Zakharova da bir konu\u015fma yaparak, d\u00fcnyada bar\u0131\u015f ve huzurun temini i\u00e7in sosyoekonomik i\u015fbirliklerinin \u00f6nemine de\u011findi. \u0130kinci g\u00fcn oturumunda yap\u0131lan konu\u015fmalarda ise daha \u00e7ok medyadaki dijital geli\u015fim, sosyal medya ve Google gibi arama motorlar\u0131n\u0131n i\u015flevi ile medyaya olumlu ve olumsuz yans\u0131malar\u0131 ele al\u0131nd\u0131.<\/p>\n\n\n\n<p>TASS 120 YIL SERG\u0130S\u0130 VE BOL\u015eOY<\/p>\n\n\n\n<p>TASS\u2019\u0131n 120\u2019nci kurulu\u015f y\u0131ld\u00f6n\u00fcm\u00fc dolay\u0131s\u0131yla ajans\u0131n tarihsel geli\u015fimini yans\u0131tan resim ve foto\u011fraf sergileri a\u00e7\u0131ld\u0131. Video ve animasyonlarla desteklenen sergide, ajans\u0131n bug\u00fcne kadar kulland\u0131\u011f\u0131 ileti\u015fim teknolojisine ait cihazlar da g\u00f6sterildi. Ayr\u0131ca, Rusya\u2019n\u0131n d\u00fcnyaca \u00fcnl\u00fc Bol\u015foy tiyatrosu da TASS 120\u2019nci y\u0131la \u00f6zel bir g\u00f6steri yapt\u0131. Rusya Devlet Ba\u015fkan\u0131 Vilademir Putin\u2019in kutlama ama\u00e7l\u0131 video mesaj\u0131yla a\u00e7\u0131lan g\u00f6steriyi yaln\u0131zca BRICS medya zirvesine kat\u0131lan TASS konu\u011fu gazeteciler izledi.<\/p>\n","protected":false},"excerpt":{"rendered":"<p>T\u00fcrkiye\u2019nin de \u00fcyelik i\u00e7in giri\u015fimlerde bulundu\u011fu Rusya ve \u00c7in \u00f6nc\u00fcl\u00fc\u011f\u00fcnde kurulan ekonomik i\u015fbirli\u011fi \u00f6rg\u00fct\u00fc BRICS\u2019in medya zirvesi TASS Ajans\u0131\u2019n\u0131n 120\u2019inci kurulu\u015f y\u0131ld\u00f6n\u00fcm\u00fc etkinlikleri \u00e7er\u00e7evesinde Moskova\u2019da ger\u00e7ekle\u015ftirildi. T\u00fcrkiye\u2019yi temsilen sivil toplum \u00f6rg\u00fct\u00fc olarak sadece K\u00fcresel Gazeteciler Konseyi (KGK)\u2019nin davet edildi\u011fi zirveye KGK Genel Ba\u015fkan\u0131 Mehmet Ali Dim ile Genel Ba\u015fkan Vekili \u0130smail Bayaz\u0131t\u2019\u0131n yan\u0131s\u0131ra 50\u2019ye yak\u0131n [&hellip;]<\/p>\n","protected":false},"author":2,"featured_media":35242,"comment_status":"closed","ping_status":"closed","sticky":false,"template":"","format":"standard","meta":{"footnotes":""},"categories":[7,3],"tags":[],"class_list":["post-35241","post","type-post","status-publish","format-standard","has-post-thumbnail","hentry","category-dunya","category-manset"],"views":2,"_links":{"self":[{"href":"https:\/\/mersinkadingazetesi.com\/index.php?rest_route=\/wp\/v2\/posts\/35241"}],"collection":[{"href":"https:\/\/mersinkadingazetesi.com\/index.php?rest_route=\/wp\/v2\/posts"}],"about":[{"href":"https:\/\/mersinkadingazetesi.com\/index.php?rest_route=\/wp\/v2\/types\/post"}],"author":[{"embeddable":true,"href":"https:\/\/mersinkadingazetesi.com\/index.php?rest_route=\/wp\/v2\/users\/2"}],"replies":[{"embeddable":true,"href":"https:\/\/mersinkadingazetesi.com\/index.php?rest_route=%2Fwp%2Fv2%2Fcomments&post=35241"}],"version-history":[{"count":1,"href":"https:\/\/mersinkadingazetesi.com\/index.php?rest_route=\/wp\/v2\/posts\/35241\/revisions"}],"predecessor-version":[{"id":35243,"href":"https:\/\/mersinkadingazetesi.com\/index.php?rest_route=\/wp\/v2\/posts\/35241\/revisions\/35243"}],"wp:featuredmedia":[{"embeddable":true,"href":"https:\/\/mersinkadingazetesi.com\/index.php?rest_route=\/wp\/v2\/media\/35242"}],"wp:attachment":[{"href":"https:\/\/mersinkadingazetesi.com\/index.php?rest_route=%2Fwp%2Fv2%2Fmedia&parent=35241"}],"wp:term":[{"taxonomy":"category","embeddable":true,"href":"https:\/\/mersinkadingazetesi.com\/index.php?rest_route=%2Fwp%2Fv2%2Fcategories&post=35241"},{"taxonomy":"post_tag","embeddable":true,"href":"https:\/\/mersinkadingazetesi.com\/index.php?rest_route=%2Fwp%2Fv2%2Ftags&post=35241"}],"curies":[{"name":"wp","href":"https:\/\/api.w.org\/{rel}","templated":true}]}}