{"id":35244,"date":"2024-09-16T10:52:58","date_gmt":"2024-09-16T07:52:58","guid":{"rendered":"https:\/\/mersinkadingazetesi.com\/?p=35244"},"modified":"2024-09-16T10:52:58","modified_gmt":"2024-09-16T07:52:58","slug":"sirin-artik-istanbullu","status":"publish","type":"post","link":"https:\/\/mersinkadingazetesi.com\/?p=35244","title":{"rendered":"\u015e\u0130R\u0130N, ARTIK \u0130STANBULLU"},"content":{"rendered":"\n<p>A\u00e7\u0131ld\u0131\u011f\u0131 g\u00fcnden bu yana binlerce patili dosta ev sahipli\u011fi yapan ve binlercesini de iyile\u015ftiren Tar\u0131msal Hizmetler Dairesi Ka\u015fl\u0131 Ge\u00e7ici Hayvan Bak\u0131mevi ve Rehabilitasyon Merkezi, bir can dostu daha sahiplendirdi. Temmuz ay\u0131nda Ka\u015fl\u0131 Bak\u0131mevi&#8217;ne iki aya\u011f\u0131 kesilmi\u015f \u015fekilde getirilen ve tedavileri yap\u0131lan \u015eirin, art\u0131k s\u0131cac\u0131k bir yuvaya sahip.<\/p>\n\n\n\n<p>\u0130lk etapta bir hayvansever taraf\u0131ndan y\u00fcr\u00fcte\u00e7 ba\u011f\u0131\u015flanan \u015eirin, bir di\u011fer hayvansever taraf\u0131ndan da sahiplenildi. \u0130stanbul&#8217;da ya\u015fayan ve \u00e7o\u011funlu\u011fu ampute k\u00f6peklerden olu\u015fan bir\u00e7ok k\u00f6pe\u011fin bak\u0131m\u0131n\u0131 \u00fcstlenen hayvansever I\u015fk\u0131n Mo\u011fol Al\u00e7\u0131, \u015eirin&#8217;in bas\u0131na yans\u0131yan haberlerinin ard\u0131ndan Ka\u015fl\u0131 Bak\u0131mevi ile g\u00f6r\u00fc\u015ferek sahiplenme i\u015flemlerini ba\u015flatt\u0131. \u0130\u015flemler tamamland\u0131ktan sonra \u00f6zel nakil arac\u0131 g\u00f6ndererek \u015eirin&#8217;i ald\u0131ran Al\u00e7\u0131, s\u0131cak yuvas\u0131n\u0131 a\u00e7t\u0131. Yeni evinde olduk\u00e7a mutlu ve huzurlu g\u00f6r\u00fcnen \u015eirin, Al\u00e7\u0131&#8217;n\u0131n di\u011fer k\u00f6pekleriyle de \u00e7ok iyi anla\u015f\u0131yor. \u015eirin&#8217;in yeni ismi ise Duru.<\/p>\n\n\n\n<p><strong>Benli: &#8220;\u015eirin&#8217;i \u0130stanbul&#8217;da bir hayvansevere sahiplendirdik&#8221;<\/strong><\/p>\n\n\n\n<p>Ka\u015fl\u0131 Bak\u0131mevi&#8217;ne geldi\u011fi andan itibaren \u015eirin&#8217;in t\u00fcm s\u00fcreciyle ilgilenen Sorumlu Veteriner Hekim \u00d6mer Benli, \u015eirin&#8217;in sahiplendirilme s\u00fcrecini anlatarak,&nbsp;<strong>&#8220;\u015eirin&#8217;i sosyal medya arac\u0131l\u0131\u011f\u0131yla g\u00f6ren bir hayvansever \u0130stanbul&#8217;dan bize ula\u015ft\u0131. Biz gerekli ara\u015ft\u0131rmas\u0131n\u0131 yapt\u0131k. Onun orada huzurlu olabilece\u011fine kanaat getirerek, sahiplendirdik. Haberlerini al\u0131yoruz, resimlerini, videolar\u0131n\u0131 al\u0131yoruz. \u015eu an gayet mutlu, huzurlu&#8221;<\/strong>&nbsp;dedi.<\/p>\n\n\n\n<p>\u015eirin&#8217;in Ka\u015fl\u0131 Ge\u00e7ici Bak\u0131mevi&#8217;ne geli\u015f s\u00fcrecini de payla\u015fan Benli,&nbsp;&nbsp;<strong>&#8220;\u015eirin bize geldi\u011fi zaman durumu k\u00f6t\u00fcyd\u00fc. Sahibi taraf\u0131ndan eve terk edilmi\u015f vaziyette bulduk. Bize geldi\u011finde iki aya\u011f\u0131 eklem b\u00f6lgesinden amat\u00f6rce kesilmi\u015fti, t\u00fcyleri ve t\u0131rnaklar\u0131 k\u00f6t\u00fc durumdayd\u0131, insanlara k\u00fcsm\u00fc\u015ft\u00fc, hayata k\u00fcsm\u00fc\u015ft\u00fc. Burada \u00f6nce t\u0131ra\u015f\u0131n\u0131 yapt\u0131k, t\u0131rnaklar\u0131n\u0131 kestik, bak\u0131mlar\u0131n\u0131 yapt\u0131k, tedavisini yapt\u0131k ve psikolojisini d\u00fczelttik. Yirmi g\u00fcn bizde kald\u0131&#8221;<\/strong>&nbsp;diye konu\u015ftu.<\/p>\n\n\n\n<p><strong>&#8220;\u015eirin mutlu bir yuvaya kavu\u015ftu\u011fu i\u00e7in biz de mutluyuz&#8221;<\/strong><\/p>\n\n\n\n<p>Benli, \u015eirin, mutlu bir yuvaya sahip oldu\u011fu i\u00e7in sevindiklerini ifade ederek,&nbsp;<strong>&#8220;Buraya gelen b\u00fct\u00fcn can dostlar\u0131m\u0131za biz zaten \u015fefkatle yakla\u015ft\u0131\u011f\u0131m\u0131z i\u00e7in duygusal olarak bir ba\u011f kuruyoruz. \u015eirin mutlu, huzurlu bir yuvaya kavu\u015ftu\u011fu i\u00e7in biz de mutluyuz, takibini yap\u0131yoruz&#8221;<\/strong>&nbsp;ifadelerini kulland\u0131.<\/p>\n\n\n\n<p><strong>Al\u00e7\u0131: &#8220;\u0130lk haline g\u00f6re \u00e7ok iyi bak\u0131lm\u0131\u015f&#8221;<\/strong><\/p>\n\n\n\n<p>Duru&#8217;yu instagramda g\u00f6rd\u00fc\u011f\u00fcn\u00fc ve sahiplenmek istedi\u011fini s\u00f6yleyen I\u015fk\u0131n Mo\u011fol Al\u00e7\u0131,&nbsp;<strong>&#8220;\u0130landaki ki\u015filerle irtibata ge\u00e7tik. Mersin&#8217;de Ka\u015fl\u0131 Bar\u0131na\u011f\u0131&#8217;nda oldu\u011funu \u00f6\u011frendik. \u00dcz\u00fcc\u00fc bir hikayesi var. Sahiplenmek i\u00e7in ileti\u015fime ge\u00e7tik. \u00c7ok ilgililerdi. \u00c7ok te\u015fekk\u00fcr ederiz. \u0130lk haline g\u00f6re de \u00e7ok iyi bak\u0131lm\u0131\u015f. Sonras\u0131nda \u0130stanbul&#8217;a getirdik ve \u015fimdi bizimle birlikte ya\u015f\u0131yor&#8221;&nbsp;<\/strong>dedi.<\/p>\n\n\n\n<p><strong>&#8220;A\u015f\u0131r\u0131 sakin bir k\u00f6pek, her \u015feye adapte oldu&#8221;<\/strong><\/p>\n\n\n\n<p>Duru&#8217;nun \u00e7ok sakin oldu\u011funu s\u00f6yleyen Al\u00e7\u0131, h\u0131zla adapte oldu\u011funu belirterek,<strong>&nbsp;&#8220;Duru a\u015f\u0131r\u0131 sakin bir k\u00f6pek. \u00c7ok iyi huylu. Evde hi\u00e7bir zorlu\u011fu yok. Kucakta uyumay\u0131 \u00e7ok seviyor. \u0130lk geldi\u011finde adapte olana kadar yemek se\u00e7ti ama sonras\u0131nda onu da toparlad\u0131. \u015eimdi iyiyiz. Tuvaletini yapt\u0131rmak konusunda destek gerekiyor. Geceleri pike alt\u0131nda uyumay\u0131 \u00e7ok seviyor. \u015eimdi her \u015feye adapte oldu&#8221;<\/strong>&nbsp;diye konu\u015ftu.<\/p>\n","protected":false},"excerpt":{"rendered":"<p>A\u00e7\u0131ld\u0131\u011f\u0131 g\u00fcnden bu yana binlerce patili dosta ev sahipli\u011fi yapan ve binlercesini de iyile\u015ftiren Tar\u0131msal Hizmetler Dairesi Ka\u015fl\u0131 Ge\u00e7ici Hayvan Bak\u0131mevi ve Rehabilitasyon Merkezi, bir can dostu daha sahiplendirdi. Temmuz ay\u0131nda Ka\u015fl\u0131 Bak\u0131mevi&#8217;ne iki aya\u011f\u0131 kesilmi\u015f \u015fekilde getirilen ve tedavileri yap\u0131lan \u015eirin, art\u0131k s\u0131cac\u0131k bir yuvaya sahip. \u0130lk etapta bir hayvansever taraf\u0131ndan y\u00fcr\u00fcte\u00e7 ba\u011f\u0131\u015flanan \u015eirin, [&hellip;]<\/p>\n","protected":false},"author":2,"featured_media":35245,"comment_status":"closed","ping_status":"closed","sticky":false,"template":"","format":"standard","meta":{"footnotes":""},"categories":[3,9],"tags":[],"class_list":["post-35244","post","type-post","status-publish","format-standard","has-post-thumbnail","hentry","category-manset","category-saglik"],"views":6,"_links":{"self":[{"href":"https:\/\/mersinkadingazetesi.com\/index.php?rest_route=\/wp\/v2\/posts\/35244"}],"collection":[{"href":"https:\/\/mersinkadingazetesi.com\/index.php?rest_route=\/wp\/v2\/posts"}],"about":[{"href":"https:\/\/mersinkadingazetesi.com\/index.php?rest_route=\/wp\/v2\/types\/post"}],"author":[{"embeddable":true,"href":"https:\/\/mersinkadingazetesi.com\/index.php?rest_route=\/wp\/v2\/users\/2"}],"replies":[{"embeddable":true,"href":"https:\/\/mersinkadingazetesi.com\/index.php?rest_route=%2Fwp%2Fv2%2Fcomments&post=35244"}],"version-history":[{"count":1,"href":"https:\/\/mersinkadingazetesi.com\/index.php?rest_route=\/wp\/v2\/posts\/35244\/revisions"}],"predecessor-version":[{"id":35246,"href":"https:\/\/mersinkadingazetesi.com\/index.php?rest_route=\/wp\/v2\/posts\/35244\/revisions\/35246"}],"wp:featuredmedia":[{"embeddable":true,"href":"https:\/\/mersinkadingazetesi.com\/index.php?rest_route=\/wp\/v2\/media\/35245"}],"wp:attachment":[{"href":"https:\/\/mersinkadingazetesi.com\/index.php?rest_route=%2Fwp%2Fv2%2Fmedia&parent=35244"}],"wp:term":[{"taxonomy":"category","embeddable":true,"href":"https:\/\/mersinkadingazetesi.com\/index.php?rest_route=%2Fwp%2Fv2%2Fcategories&post=35244"},{"taxonomy":"post_tag","embeddable":true,"href":"https:\/\/mersinkadingazetesi.com\/index.php?rest_route=%2Fwp%2Fv2%2Ftags&post=35244"}],"curies":[{"name":"wp","href":"https:\/\/api.w.org\/{rel}","templated":true}]}}