{"id":35269,"date":"2024-09-17T10:07:54","date_gmt":"2024-09-17T07:07:54","guid":{"rendered":"https:\/\/mersinkadingazetesi.com\/?p=35269"},"modified":"2024-09-17T10:07:55","modified_gmt":"2024-09-17T07:07:55","slug":"80ler-bulusmasi-kaldigi-yerden-devam","status":"publish","type":"post","link":"https:\/\/mersinkadingazetesi.com\/?p=35269","title":{"rendered":"80&#8217;LER BULU\u015eMASI KALDI\u011eI YERDEN DEVAM"},"content":{"rendered":"\n<p>Kentte ya\u015fayan ya\u015f alm\u0131\u015flar\u0131n da sosyal hayata kat\u0131lmalar\u0131 ve toplumdan izole olmamalar\u0131 i\u00e7in s\u0131k s\u0131k etkinlikler ger\u00e7ekle\u015ftiren Mersin B\u00fcy\u00fck\u015fehir Belediyesi Kad\u0131n ve Aile Hizmetleri Dairesi Ba\u015fkanl\u0131\u011f\u0131, yaz d\u00f6neminde hava s\u0131cakl\u0131klar\u0131 dolay\u0131s\u0131yla ara verdi\u011fi&nbsp;<strong>&#8217;80&#8217;ler Bulu\u015fmas\u0131&#8217;<\/strong>na yeniden ba\u015flad\u0131.&nbsp;&nbsp;<\/p>\n\n\n\n<p>Etkinlik, her \u00c7ar\u015famba&nbsp;<strong>&#8216;Etkinlik ve Sanat Merkezi&#8217;<\/strong>nde ger\u00e7ekle\u015fiyor.&nbsp;<strong>&#8217;80&#8217;ler Bulu\u015fmas\u0131&#8217;<\/strong>nda fiziksel egzersiz yapan, bocce oynayan, mandala boyayan kat\u0131l\u0131mc\u0131lar, birlikte sohbet ederek, deniz havas\u0131 e\u015fli\u011finde sosyalle\u015fiyorlar. Mahalle muhtarlar\u0131 ile i\u015f birli\u011fi i\u00e7erisinde yap\u0131lan etkinli\u011fe her hafta farkl\u0131 mahallelerden vatanda\u015flar kat\u0131l\u0131yor. Bu da etkinli\u011fin her mahalleye ula\u015fmas\u0131n\u0131 sa\u011fl\u0131yor. Yap\u0131lan program\u0131n yan\u0131 s\u0131ra gelen taleplere g\u00f6re de etkinlik i\u00e7eri\u011finin belirlendi\u011fi 80&#8217;ler Bulu\u015fmas\u0131, kat\u0131l\u0131mc\u0131lar\u0131n hem ruh hem de beden sa\u011fl\u0131\u011f\u0131na olumlu anlamda b\u00fcy\u00fck katk\u0131lar sa\u011fl\u0131yor. Bulu\u015fmada ayr\u0131ca B\u00fcy\u00fck\u015fehir Belediyesi&#8217;nin hizmetleri anlat\u0131larak, ihtiya\u00e7 duyanlar ilgili birimlere y\u00f6nlendiriliyor.<\/p>\n\n\n\n<p><strong>G\u00fcnge\u00e7: &#8220;Eyl\u00fcl ay\u0131 ile etkinli\u011fimize yeniden ba\u015flad\u0131k&#8221;<\/strong><\/p>\n\n\n\n<p>Kad\u0131n Aile Hizmetleri Daire Ba\u015fkanl\u0131\u011f\u0131 G\u00f6n\u00fcll\u00fcler \u015eube M\u00fcd\u00fcr\u00fc Havva G\u00fcnge\u00e7, etkinli\u011fin detaylar\u0131n\u0131 anlatarak,&nbsp;<strong>&#8220;\u0130limizde ya\u015fayan ya\u015f alm\u0131\u015f bireylerimizi Etkinlik ve Sanat Merkezi&#8217;ne getiriyoruz. Burada onlarla fiziksel aktiviteler yap\u0131yoruz. Mandala resimler boyuyoruz, bocce oynuyoruz, ikraml\u0131klar\u0131m\u0131z oluyor. Birka\u00e7 saat g\u00fczel vakit ge\u00e7iriyoruz ve tekrar u\u011furluyoruz. Etkinli\u011fimize yaz d\u00f6nemi boyunca a\u015f\u0131r\u0131 s\u0131caklardan dolay\u0131 ara vermi\u015ftik. Eyl\u00fcl ay\u0131 ile beraber yeniden ba\u015flad\u0131k&#8221;<\/strong>&nbsp;dedi.<\/p>\n\n\n\n<p><strong>&#8220;Mutlu geri d\u00f6n\u00fc\u015fler bizi de mutlu ediyor&#8221;<\/strong><\/p>\n\n\n\n<p>Kat\u0131l\u0131mc\u0131lar\u0131n \u00e7ok memnun oldu\u011funu vurgulayan G\u00fcnge\u00e7,&nbsp;<strong>&#8220;Her \u00c7ar\u015famba g\u00fcn\u00fc 14.00-16.00 saatleri aras\u0131nda burada olaca\u011f\u0131z. \u00c7ok memnunlar.&nbsp;<em>&#8216;Bizi al\u0131\u015ft\u0131rmay\u0131n, her g\u00fcn geliriz&#8217;<\/em>&nbsp;diye geri d\u00f6n\u00fc\u015fler var. Ba\u015fkan\u0131m\u0131za ve bizlere \u00e7ok te\u015fekk\u00fcr ediyorlar. \u0130lgilenmek, dokunmak g\u00fczel bir \u015fey. Mutlu d\u00f6n\u00fc\u015fler de bizi mutlu ediyor&#8221;<\/strong>&nbsp;ifadelerini kulland\u0131.<\/p>\n\n\n\n<p><strong>&#8220;Her g\u00fcn \u00e7a\u011f\u0131r\u0131rlarsa gelirim&#8221;<\/strong><\/p>\n\n\n\n<p>Etkinli\u011fi mahalle muhtar\u0131ndan \u00f6\u011frendi\u011fini s\u00f6yleyen \u00d6mer Y\u0131ld\u0131z,&nbsp;<strong>&#8220;\u00c7ok g\u00fczel. \u015eu an Mersin B\u00fcy\u00fck\u015fehir Belediyesi&#8217;nin yapt\u0131\u011f\u0131 i\u015flerin hepsi g\u00fczel. Her g\u00fcn \u00e7a\u011f\u0131r\u0131rlarsa ben gelirim. Her \u015fey var; yiyecek var, hava serin&#8221;<\/strong>&nbsp;dedi.<\/p>\n\n\n\n<p>Nuran D\u00fczg\u00fcn,&nbsp;<strong>&#8220;Etkinlik \u00e7ok g\u00fczel, \u00e7ok \u015fahane. Bu imkanlar\u0131ndan dolay\u0131 \u00e7ok te\u015fekk\u00fcr ederim. \u0130lk defa geliyorum. Bir daha olsa yine gelirim&#8221;<\/strong>&nbsp;diye konu\u015ftu. Etkinlikle daha g\u00fczel zaman ge\u00e7irdi\u011fini kaydeden D\u00fczg\u00fcn,&nbsp;<strong>&#8220;Al\u0131\u015fveri\u015f yap\u0131yoruz, gezmeye gidiyoruz ama buras\u0131 kadar e\u011flenceli olmuyor&#8221;<\/strong>&nbsp;diye belirtti.<\/p>\n\n\n\n<p>Etkinli\u011fe kat\u0131lan ve g\u00fczel vakit ge\u00e7irdi\u011fini ifade eden Bedriye S\u00fcr\u00fcc\u00fcgil,&nbsp;<strong>&#8220;Evde olsayd\u0131m, yat\u0131yordum, dinleniyordum, buras\u0131 daha g\u00fczel. En az\u0131ndan hava ald\u0131k, de\u011fi\u015fiklik oldu. \u0130lk defa kat\u0131l\u0131yorum, bir daha olsa gelirim&#8221;<\/strong>&nbsp;dedi.<\/p>\n\n\n\n<p>Kat\u0131l\u0131mc\u0131lardan Nurten Ekizo\u011flu da evde i\u015flerini yar\u0131m b\u0131rak\u0131p geldi\u011fini ifade ederek,&nbsp;<strong>&#8220;Etkinlik harika, \u00e7ok g\u00fczel. Buraya gelmek, hava almak, insanlar\u0131 tan\u0131mak \u00e7ok g\u00fczel bir \u015fey. Gelmeseydim evde i\u015f yap\u0131yordum, domates kaynat\u0131yordum, b\u0131rakt\u0131m geldim&#8221;<\/strong>&nbsp;dedi. Kendilerini d\u00fc\u015f\u00fcnen bir Belediye Ba\u015fkan\u0131 olmas\u0131ndan dolay\u0131 \u00e7ok mutlu oldu\u011funu ifade eden Ekizo\u011flu,&nbsp;<strong>&#8220;\u00c7ok memnunuz, daima ba\u015f\u0131m\u0131zda kals\u0131n&#8221;<\/strong>&nbsp;diye belirtti.<\/p>\n","protected":false},"excerpt":{"rendered":"<p>Kentte ya\u015fayan ya\u015f alm\u0131\u015flar\u0131n da sosyal hayata kat\u0131lmalar\u0131 ve toplumdan izole olmamalar\u0131 i\u00e7in s\u0131k s\u0131k etkinlikler ger\u00e7ekle\u015ftiren Mersin B\u00fcy\u00fck\u015fehir Belediyesi Kad\u0131n ve Aile Hizmetleri Dairesi Ba\u015fkanl\u0131\u011f\u0131, yaz d\u00f6neminde hava s\u0131cakl\u0131klar\u0131 dolay\u0131s\u0131yla ara verdi\u011fi&nbsp;&#8217;80&#8217;ler Bulu\u015fmas\u0131&#8217;na yeniden ba\u015flad\u0131.&nbsp;&nbsp; Etkinlik, her \u00c7ar\u015famba&nbsp;&#8216;Etkinlik ve Sanat Merkezi&#8217;nde ger\u00e7ekle\u015fiyor.&nbsp;&#8217;80&#8217;ler Bulu\u015fmas\u0131&#8217;nda fiziksel egzersiz yapan, bocce oynayan, mandala boyayan kat\u0131l\u0131mc\u0131lar, birlikte sohbet ederek, [&hellip;]<\/p>\n","protected":false},"author":2,"featured_media":35270,"comment_status":"closed","ping_status":"closed","sticky":false,"template":"","format":"standard","meta":{"footnotes":""},"categories":[3],"tags":[],"class_list":["post-35269","post","type-post","status-publish","format-standard","has-post-thumbnail","hentry","category-manset"],"views":6,"_links":{"self":[{"href":"https:\/\/mersinkadingazetesi.com\/index.php?rest_route=\/wp\/v2\/posts\/35269"}],"collection":[{"href":"https:\/\/mersinkadingazetesi.com\/index.php?rest_route=\/wp\/v2\/posts"}],"about":[{"href":"https:\/\/mersinkadingazetesi.com\/index.php?rest_route=\/wp\/v2\/types\/post"}],"author":[{"embeddable":true,"href":"https:\/\/mersinkadingazetesi.com\/index.php?rest_route=\/wp\/v2\/users\/2"}],"replies":[{"embeddable":true,"href":"https:\/\/mersinkadingazetesi.com\/index.php?rest_route=%2Fwp%2Fv2%2Fcomments&post=35269"}],"version-history":[{"count":1,"href":"https:\/\/mersinkadingazetesi.com\/index.php?rest_route=\/wp\/v2\/posts\/35269\/revisions"}],"predecessor-version":[{"id":35271,"href":"https:\/\/mersinkadingazetesi.com\/index.php?rest_route=\/wp\/v2\/posts\/35269\/revisions\/35271"}],"wp:featuredmedia":[{"embeddable":true,"href":"https:\/\/mersinkadingazetesi.com\/index.php?rest_route=\/wp\/v2\/media\/35270"}],"wp:attachment":[{"href":"https:\/\/mersinkadingazetesi.com\/index.php?rest_route=%2Fwp%2Fv2%2Fmedia&parent=35269"}],"wp:term":[{"taxonomy":"category","embeddable":true,"href":"https:\/\/mersinkadingazetesi.com\/index.php?rest_route=%2Fwp%2Fv2%2Fcategories&post=35269"},{"taxonomy":"post_tag","embeddable":true,"href":"https:\/\/mersinkadingazetesi.com\/index.php?rest_route=%2Fwp%2Fv2%2Ftags&post=35269"}],"curies":[{"name":"wp","href":"https:\/\/api.w.org\/{rel}","templated":true}]}}