{"id":35278,"date":"2024-09-17T10:13:25","date_gmt":"2024-09-17T07:13:25","guid":{"rendered":"https:\/\/mersinkadingazetesi.com\/?p=35278"},"modified":"2024-09-17T10:13:25","modified_gmt":"2024-09-17T07:13:25","slug":"timef-hibe-programlarina-ornek-oluyor","status":"publish","type":"post","link":"https:\/\/mersinkadingazetesi.com\/?p=35278","title":{"rendered":"T\u0130MEF, H\u0130BE PROGRAMLARINA \u00d6RNEK OLUYOR"},"content":{"rendered":"\n<p>T\u00fcm \u0130leti\u015fim ve Medya Federasyonu (T\u0130MEF), Ekim 2012&#8217;de T\u00fcrkiye&#8217;nin farkl\u0131 b\u00f6lgelerinde faaliyet g\u00f6steren 8 derne\u011fin bir araya gelmesiyle kuruldu. Bu do\u011frultuda T\u0130MEF, medya sekt\u00f6r\u00fcn\u00fc temsil eden \u00e7e\u015fitli etkinlikler d\u00fczenledi ve farkl\u0131 platformlarda g\u00f6rev ald\u0131. Yurt i\u00e7inde ger\u00e7ekle\u015ftirdi\u011fi toplant\u0131larda medya sekt\u00f6r\u00fcn\u00fcn farkl\u0131 kesimlerini bir araya getirerek, sorunlar\u0131n \u00e7\u00f6z\u00fcm\u00fc i\u00e7in \u00e7al\u0131\u015fmalar y\u00fcr\u00fctt\u00fc.<\/p>\n\n\n\n<p>&nbsp;T\u0130MEF Ba\u015fkan\u0131 \u015eakir G\u00fcrel, Hibe program\u0131 sayesinde projenin daha da g\u00fc\u00e7lendi\u011fini ve bu destekle hedeflerine daha planl\u0131 ve programl\u0131 bir \u015fekilde ula\u015fmalar\u0131na olanak sa\u011flad\u0131\u011f\u0131n\u0131 belirtti. G\u00fcrel, &#8220;T\u0130MEF\u2019in, Avrupa Birli\u011fi deste\u011fiyle y\u00fcr\u00fctt\u00fc\u011f\u00fc projelerden elde etti\u011fi ba\u015far\u0131lar, t\u00fcm T\u00fcrkiye i\u00e7in bir ilham kayna\u011f\u0131 oluyor. Sivil toplumun g\u00fc\u00e7l\u00fc akt\u00f6rleri, i\u015fbirli\u011fi ve dayan\u0131\u015fma sayesinde daha ayd\u0131nl\u0131k bir gelece\u011fe do\u011fru emin ad\u0131mlarla ilerliyor. T\u0130MEF, medya sekt\u00f6r\u00fc ve STK&#8217;lar\u0131n g\u00fc\u00e7lenmesi ad\u0131na att\u0131\u011f\u0131 ad\u0131mlarla topluma de\u011fer katmaya devam ediyor. Hibe programlar\u0131 sayesinde elde edilen ba\u015far\u0131lar, hem yerel hem de uluslararas\u0131 platformlarda yank\u0131 buluyor. Bu projeler, medya sekt\u00f6r\u00fcn\u00fc kamu yarar\u0131na y\u00f6nelik \u00e7al\u0131\u015fmalarda daha g\u00fc\u00e7l\u00fc bir ses haline getirdi ve sadece sorunlar\u0131 \u00e7\u00f6zmekle kalm\u0131yor, ayn\u0131 zamanda ortak hareket k\u00fclt\u00fcr\u00fcn\u00fc de g\u00fc\u00e7lendiriyor.&#8221; dedi.<\/p>\n\n\n\n<p>&nbsp;Projeniz, sivil toplum sekt\u00f6r\u00fcne ne gibi yararlar sa\u011flad\u0131?<\/p>\n\n\n\n<p>T\u0130MEF Ba\u015fkan\u0131 \u015eakir G\u00fcrel \u015f\u00f6yle devam etti;<br>&#8220;T\u00fcrkiye genelinde kurulan medya dernekleri aras\u0131ndaki koordinasyon ve i\u015fbirli\u011fi, hibe program\u0131 sayesinde en \u00fcst seviyeye \u00e7\u0131kt\u0131. Bu sayede yaz\u0131l\u0131, g\u00f6rsel ve i\u015fitsel medya arac\u0131l\u0131\u011f\u0131yla kamu yarar\u0131na y\u00f6nelik \u00e7al\u0131\u015fmalar geli\u015ftirildi. \u00dcyelerimiz, yurti\u00e7i ve yurtd\u0131\u015f\u0131 toplant\u0131larda haklar\u0131n\u0131 savunurken, ulusal de\u011ferleri koruyarak demokratik yap\u0131n\u0131n g\u00fc\u00e7lenmesine katk\u0131 sa\u011flad\u0131. Ayr\u0131ca, T\u0130MEF, Avrupa Birli\u011fi normlar\u0131na uygun \u00e7al\u0131\u015fmalarla ulusal ve uluslararas\u0131 medya sekt\u00f6rleri aras\u0131nda i\u015f birli\u011fini geli\u015ftirdi. T\u0130MEF \u00fcyesi dernekler, medya ve dezavantajl\u0131 gruplara y\u00f6nelik projelerde yer alarak bu gruplar\u0131n sorunlar\u0131na dikkat \u00e7ekmeyi g\u00f6rev bildi. Ama\u00e7, sorunlara \u00e7\u00f6z\u00fcm \u00fcretmek i\u00e7in di\u011fer sivil toplum kurulu\u015flar\u0131yla i\u015f birli\u011fi yapmakt\u0131r.&#8221;<\/p>\n\n\n\n<p>&nbsp;Hibe program\u0131 \u00e7er\u00e7evesinde elde etti\u011finiz en b\u00fcy\u00fck ba\u015far\u0131 nedir?<\/p>\n\n\n\n<p>&nbsp;&#8220;Hibe programlar\u0131 sayesinde ulusal ve uluslararas\u0131 hedeflerimize ula\u015fmaya ba\u015flad\u0131k. \u00dcye derneklerin yerel d\u00fczeyde daha g\u00fc\u00e7l\u00fc olmas\u0131n\u0131 sa\u011flad\u0131k ve hedeflerimize ula\u015fmak i\u00e7in gerekli kaynaklar\u0131 temin ettik. Yerel medyan\u0131n g\u00fcc\u00fcn\u00fc g\u00f6steren sonu\u00e7lar elde ettik ve kamuoyunda bilinir hale geldik. Kad\u0131nlar, engelliler ve medya \u00e7al\u0131\u015fanlar\u0131n\u0131n maruz kald\u0131\u011f\u0131 haks\u0131zl\u0131klar\u0131 dile getirdik.&#8221;<\/p>\n","protected":false},"excerpt":{"rendered":"<p>T\u00fcm \u0130leti\u015fim ve Medya Federasyonu (T\u0130MEF), Ekim 2012&#8217;de T\u00fcrkiye&#8217;nin farkl\u0131 b\u00f6lgelerinde faaliyet g\u00f6steren 8 derne\u011fin bir araya gelmesiyle kuruldu. Bu do\u011frultuda T\u0130MEF, medya sekt\u00f6r\u00fcn\u00fc temsil eden \u00e7e\u015fitli etkinlikler d\u00fczenledi ve farkl\u0131 platformlarda g\u00f6rev ald\u0131. Yurt i\u00e7inde ger\u00e7ekle\u015ftirdi\u011fi toplant\u0131larda medya sekt\u00f6r\u00fcn\u00fcn farkl\u0131 kesimlerini bir araya getirerek, sorunlar\u0131n \u00e7\u00f6z\u00fcm\u00fc i\u00e7in \u00e7al\u0131\u015fmalar y\u00fcr\u00fctt\u00fc. &nbsp;T\u0130MEF Ba\u015fkan\u0131 \u015eakir G\u00fcrel, Hibe [&hellip;]<\/p>\n","protected":false},"author":2,"featured_media":35279,"comment_status":"closed","ping_status":"closed","sticky":false,"template":"","format":"standard","meta":{"footnotes":""},"categories":[1],"tags":[],"class_list":["post-35278","post","type-post","status-publish","format-standard","has-post-thumbnail","hentry","category-genel"],"views":4,"_links":{"self":[{"href":"https:\/\/mersinkadingazetesi.com\/index.php?rest_route=\/wp\/v2\/posts\/35278"}],"collection":[{"href":"https:\/\/mersinkadingazetesi.com\/index.php?rest_route=\/wp\/v2\/posts"}],"about":[{"href":"https:\/\/mersinkadingazetesi.com\/index.php?rest_route=\/wp\/v2\/types\/post"}],"author":[{"embeddable":true,"href":"https:\/\/mersinkadingazetesi.com\/index.php?rest_route=\/wp\/v2\/users\/2"}],"replies":[{"embeddable":true,"href":"https:\/\/mersinkadingazetesi.com\/index.php?rest_route=%2Fwp%2Fv2%2Fcomments&post=35278"}],"version-history":[{"count":1,"href":"https:\/\/mersinkadingazetesi.com\/index.php?rest_route=\/wp\/v2\/posts\/35278\/revisions"}],"predecessor-version":[{"id":35280,"href":"https:\/\/mersinkadingazetesi.com\/index.php?rest_route=\/wp\/v2\/posts\/35278\/revisions\/35280"}],"wp:featuredmedia":[{"embeddable":true,"href":"https:\/\/mersinkadingazetesi.com\/index.php?rest_route=\/wp\/v2\/media\/35279"}],"wp:attachment":[{"href":"https:\/\/mersinkadingazetesi.com\/index.php?rest_route=%2Fwp%2Fv2%2Fmedia&parent=35278"}],"wp:term":[{"taxonomy":"category","embeddable":true,"href":"https:\/\/mersinkadingazetesi.com\/index.php?rest_route=%2Fwp%2Fv2%2Fcategories&post=35278"},{"taxonomy":"post_tag","embeddable":true,"href":"https:\/\/mersinkadingazetesi.com\/index.php?rest_route=%2Fwp%2Fv2%2Ftags&post=35278"}],"curies":[{"name":"wp","href":"https:\/\/api.w.org\/{rel}","templated":true}]}}