{"id":35281,"date":"2024-09-17T10:37:14","date_gmt":"2024-09-17T07:37:14","guid":{"rendered":"https:\/\/mersinkadingazetesi.com\/?p=35281"},"modified":"2024-09-17T10:37:14","modified_gmt":"2024-09-17T07:37:14","slug":"icel-sanat-kulubu-mitoloji-gunleri","status":"publish","type":"post","link":"https:\/\/mersinkadingazetesi.com\/?p=35281","title":{"rendered":"\u0130\u00e7el Sanat Kul\u00fcb\u00fc Mitoloji G\u00fcnleri"},"content":{"rendered":"\n<p>\u0130\u00e7el Sanat Kul\u00fcb\u00fc ilkini 1996 y\u0131l\u0131nda yapt\u0131\u011f\u0131 ve \u00e7ok ses getiren \u0130\u00e7el Sanat Kul\u00fcb\u00fc Mitoloji G\u00fcnleri etkinli\u011fi ni tekrar ger\u00e7ekle\u015ftirecek.&nbsp;<\/p>\n\n\n\n<p>\u0130\u00e7el Sanat Kul\u00fcb\u00fc&nbsp;Y\u00f6netim Kurulu Ad\u0131na Ba\u015fkan&nbsp;Fatih Alkar&#8217;in&nbsp;yapt\u0131\u011f\u0131 a\u00e7\u0131klamada, &#8220;Aradan ge\u00e7en uzun zaman sonras\u0131nda \u0130\u00e7el Sanat Kul\u00fcb\u00fc&#8217;n\u00fcn 35. y\u0131l\u0131nda etkinli\u011fimizi yeniden g\u00fcndemimize alarak takvimimizde yer vermek istedik.&nbsp;\u00c7ukurova&#8217;n\u0131n; antik ad\u0131 ile Kilikya&#8217;n\u0131n g\u00fczel kenti Mersin, bilindi\u011fi \u00fczere tarihi ve arkeolojik zenginlikleriyle g\u00fcn\u00fcm\u00fcz\u00fcn \u00e7ok \u00f6nemli merkezlerinden biridir. \u0130nsanl\u0131k tarihinde yerimiz b\u00f6ylesine \u00f6nemliyken s\u00f6ylencelerde, mitolojide ad\u0131m\u0131z\u0131n ge\u00e7memesi m\u00fcmk\u00fcn de\u011fildir. Mesela, mitolojide Zephyros e\u015fittir Bat\u0131 R\u00fczg\u00e2r\u0131 olarak adland\u0131r\u0131lan r\u00fczg\u00e2r antik d\u00f6nemlerde kentimize ad (Zephyrium) olmu\u015ftur.&nbsp;Bu anlamda, ge\u00e7mi\u015ften g\u00fcn\u00fcm\u00fcze b\u00fcy\u00fck bir k\u00fclt\u00fcrel zenginli\u011fin i\u00e7inde ya\u015fad\u0131\u011f\u0131m\u0131z\u0131n bilinciyle ve binlerce y\u0131ld\u0131r s\u00fcregelen s\u00f6ylenceler ile mitoloji bilimini bulu\u015fturaca\u011f\u0131m\u0131z &#8220;\u0130\u00e7el Sanat Kul\u00fcb\u00fc Mitoloji G\u00fcn\u00fc\u201d program\u0131m\u0131zda sabah 10.00 itibariyle akademisyen hocalar\u0131m\u0131z\u0131n sunumlar\u0131 yer alacak ve b\u00f6lgemiz mitolojisi yan\u0131nda pek \u00e7ok mitolojik konu ile bu heyecan verici etkinlik g\u00fcn boyunca devam edecek.&#8221; dedi.<\/p>\n","protected":false},"excerpt":{"rendered":"<p>\u0130\u00e7el Sanat Kul\u00fcb\u00fc ilkini 1996 y\u0131l\u0131nda yapt\u0131\u011f\u0131 ve \u00e7ok ses getiren \u0130\u00e7el Sanat Kul\u00fcb\u00fc Mitoloji G\u00fcnleri etkinli\u011fi ni tekrar ger\u00e7ekle\u015ftirecek.&nbsp; \u0130\u00e7el Sanat Kul\u00fcb\u00fc&nbsp;Y\u00f6netim Kurulu Ad\u0131na Ba\u015fkan&nbsp;Fatih Alkar&#8217;in&nbsp;yapt\u0131\u011f\u0131 a\u00e7\u0131klamada, &#8220;Aradan ge\u00e7en uzun zaman sonras\u0131nda \u0130\u00e7el Sanat Kul\u00fcb\u00fc&#8217;n\u00fcn 35. y\u0131l\u0131nda etkinli\u011fimizi yeniden g\u00fcndemimize alarak takvimimizde yer vermek istedik.&nbsp;\u00c7ukurova&#8217;n\u0131n; antik ad\u0131 ile Kilikya&#8217;n\u0131n g\u00fczel kenti Mersin, bilindi\u011fi \u00fczere [&hellip;]<\/p>\n","protected":false},"author":2,"featured_media":35282,"comment_status":"closed","ping_status":"closed","sticky":false,"template":"","format":"standard","meta":{"footnotes":""},"categories":[3],"tags":[],"class_list":["post-35281","post","type-post","status-publish","format-standard","has-post-thumbnail","hentry","category-manset"],"views":4,"_links":{"self":[{"href":"https:\/\/mersinkadingazetesi.com\/index.php?rest_route=\/wp\/v2\/posts\/35281"}],"collection":[{"href":"https:\/\/mersinkadingazetesi.com\/index.php?rest_route=\/wp\/v2\/posts"}],"about":[{"href":"https:\/\/mersinkadingazetesi.com\/index.php?rest_route=\/wp\/v2\/types\/post"}],"author":[{"embeddable":true,"href":"https:\/\/mersinkadingazetesi.com\/index.php?rest_route=\/wp\/v2\/users\/2"}],"replies":[{"embeddable":true,"href":"https:\/\/mersinkadingazetesi.com\/index.php?rest_route=%2Fwp%2Fv2%2Fcomments&post=35281"}],"version-history":[{"count":1,"href":"https:\/\/mersinkadingazetesi.com\/index.php?rest_route=\/wp\/v2\/posts\/35281\/revisions"}],"predecessor-version":[{"id":35283,"href":"https:\/\/mersinkadingazetesi.com\/index.php?rest_route=\/wp\/v2\/posts\/35281\/revisions\/35283"}],"wp:featuredmedia":[{"embeddable":true,"href":"https:\/\/mersinkadingazetesi.com\/index.php?rest_route=\/wp\/v2\/media\/35282"}],"wp:attachment":[{"href":"https:\/\/mersinkadingazetesi.com\/index.php?rest_route=%2Fwp%2Fv2%2Fmedia&parent=35281"}],"wp:term":[{"taxonomy":"category","embeddable":true,"href":"https:\/\/mersinkadingazetesi.com\/index.php?rest_route=%2Fwp%2Fv2%2Fcategories&post=35281"},{"taxonomy":"post_tag","embeddable":true,"href":"https:\/\/mersinkadingazetesi.com\/index.php?rest_route=%2Fwp%2Fv2%2Ftags&post=35281"}],"curies":[{"name":"wp","href":"https:\/\/api.w.org\/{rel}","templated":true}]}}