{"id":35323,"date":"2024-09-19T10:31:25","date_gmt":"2024-09-19T07:31:25","guid":{"rendered":"https:\/\/mersinkadingazetesi.com\/?p=35323"},"modified":"2024-09-19T10:31:25","modified_gmt":"2024-09-19T07:31:25","slug":"mhp-mersin-milletvekili-dr-levent-uysaldan-gaziler-gunu-mesaji","status":"publish","type":"post","link":"https:\/\/mersinkadingazetesi.com\/?p=35323","title":{"rendered":"MHP MERS\u0130N M\u0130LLETVEK\u0130L\u0130 DR. LEVENT UYSAL&#8217;DAN GAZ\u0130LER G\u00dcN\u00dc MESAJI"},"content":{"rendered":"\n<p>Milliyet\u00e7i Hareket Partisi Mersin Milletvekili ve MYK \u00dcyesi Dr. Levent Uysal 19 Eyl\u00fcl Gaziler G\u00fcn\u00fc ile ilgili yaz\u0131l\u0131 mesaj yay\u0131mlad\u0131.<\/p>\n\n\n\n<p>Milletvekili Uysal mesaj\u0131nda \u015fu ifadelere yer verdi;<\/p>\n\n\n\n<p>&#8220;T\u00fcrk milletimizin ya\u015fayabilmesi ve T\u00fcrkiye Cumhuriyeti Devleti olabilmemizin en b\u00fcy\u00fck ad\u0131m\u0131 olan Sakarya Meydan Muharebesi&#8217;nden sonra Gazi Meclisimiz T\u00fcrkiye B\u00fcy\u00fck Millet Meclisi taraf\u0131ndan 19 Eyl\u00fcl 1921 tarihinde Ba\u015fkomutan Mustafa Kemal Atat\u00fcrk&#8217;e &#8216;Mare\u015fal R\u00fctbesi&#8217; ile &#8216;Gazilik&#8217; \u00fcnvan\u0131 verilmi\u015f ve Gaziler G\u00fcn\u00fc olarak kabul edilmi\u015ftir. Gazilerimiz \u00fclke topraklar\u0131m\u0131z\u0131n b\u00fct\u00fcnl\u00fc\u011f\u00fc i\u00e7in sava\u015fm\u0131\u015f, bu u\u011furda can\u0131n\u0131 ortaya koymu\u015ftur. T\u00fcrk milletinin ilelebet s\u00fcrecek varl\u0131\u011f\u0131n\u0131 koruyabilmek ad\u0131na, g\u00f6z\u00fcn\u00fc k\u0131rpmadan cepheden cepheye ko\u015farak sava\u015fan gazilerimiz; vatanseverli\u011fin ya\u015fayan simgesidir. Her t\u00fcrl\u00fc zorlu\u011fa g\u00f6\u011f\u00fcs geren, d\u00fc\u015fman kar\u015f\u0131s\u0131nda bo\u011fun e\u011fmeyen ve dik duru\u015fuyla d\u00fcnyaya \u00f6rnek olan gazilerimize minnet borcumuz \u00f6m\u00fcr boyu s\u00fcrecektir. Gazilerimiz, ay y\u0131ld\u0131zl\u0131 al bayra\u011f\u0131m\u0131z g\u00f6klerde \u00f6zg\u00fcrce dalgalans\u0131n diye \u015fehitlik mertebesine ula\u015fmay\u0131 mutlulukla kar\u015f\u0131lam\u0131\u015f, T\u00fcrk milletinin ebediyetini her zaman asli g\u00f6rev bilmi\u015flerdir. &#8216;\u00d6l\u00fcrsek \u015fehit, kal\u0131rsak gazi&#8217; anlay\u0131\u015f\u0131yla vatan, millet ve bayrak i\u00e7in \u00f6mr\u00fcn\u00fc adayan gazilerimize \u015f\u00fckranlar\u0131m\u0131 sunuyorum. Bu anlaml\u0131 g\u00fcnde, ba\u015fta Gazi Mustafa Kemal Atat\u00fcrk ve silah arkada\u015flar\u0131 olmak \u00fczere t\u00fcm aziz \u015fehitlerimizi ve ebediyete intikal eden gazilerimizi rahmetle, hayatta olan gazilerimizi minnet ve \u015f\u00fckranla an\u0131yor, \u201cGaziler G\u00fcn\u00fc\u201dn\u00fc en i\u00e7ten dileklerimle kutluyorum.&#8221;<\/p>\n","protected":false},"excerpt":{"rendered":"<p>Milliyet\u00e7i Hareket Partisi Mersin Milletvekili ve MYK \u00dcyesi Dr. Levent Uysal 19 Eyl\u00fcl Gaziler G\u00fcn\u00fc ile ilgili yaz\u0131l\u0131 mesaj yay\u0131mlad\u0131. Milletvekili Uysal mesaj\u0131nda \u015fu ifadelere yer verdi; &#8220;T\u00fcrk milletimizin ya\u015fayabilmesi ve T\u00fcrkiye Cumhuriyeti Devleti olabilmemizin en b\u00fcy\u00fck ad\u0131m\u0131 olan Sakarya Meydan Muharebesi&#8217;nden sonra Gazi Meclisimiz T\u00fcrkiye B\u00fcy\u00fck Millet Meclisi taraf\u0131ndan 19 Eyl\u00fcl 1921 tarihinde Ba\u015fkomutan [&hellip;]<\/p>\n","protected":false},"author":2,"featured_media":35324,"comment_status":"closed","ping_status":"closed","sticky":false,"template":"","format":"standard","meta":{"footnotes":""},"categories":[3],"tags":[],"class_list":["post-35323","post","type-post","status-publish","format-standard","has-post-thumbnail","hentry","category-manset"],"views":10,"_links":{"self":[{"href":"https:\/\/mersinkadingazetesi.com\/index.php?rest_route=\/wp\/v2\/posts\/35323"}],"collection":[{"href":"https:\/\/mersinkadingazetesi.com\/index.php?rest_route=\/wp\/v2\/posts"}],"about":[{"href":"https:\/\/mersinkadingazetesi.com\/index.php?rest_route=\/wp\/v2\/types\/post"}],"author":[{"embeddable":true,"href":"https:\/\/mersinkadingazetesi.com\/index.php?rest_route=\/wp\/v2\/users\/2"}],"replies":[{"embeddable":true,"href":"https:\/\/mersinkadingazetesi.com\/index.php?rest_route=%2Fwp%2Fv2%2Fcomments&post=35323"}],"version-history":[{"count":1,"href":"https:\/\/mersinkadingazetesi.com\/index.php?rest_route=\/wp\/v2\/posts\/35323\/revisions"}],"predecessor-version":[{"id":35325,"href":"https:\/\/mersinkadingazetesi.com\/index.php?rest_route=\/wp\/v2\/posts\/35323\/revisions\/35325"}],"wp:featuredmedia":[{"embeddable":true,"href":"https:\/\/mersinkadingazetesi.com\/index.php?rest_route=\/wp\/v2\/media\/35324"}],"wp:attachment":[{"href":"https:\/\/mersinkadingazetesi.com\/index.php?rest_route=%2Fwp%2Fv2%2Fmedia&parent=35323"}],"wp:term":[{"taxonomy":"category","embeddable":true,"href":"https:\/\/mersinkadingazetesi.com\/index.php?rest_route=%2Fwp%2Fv2%2Fcategories&post=35323"},{"taxonomy":"post_tag","embeddable":true,"href":"https:\/\/mersinkadingazetesi.com\/index.php?rest_route=%2Fwp%2Fv2%2Ftags&post=35323"}],"curies":[{"name":"wp","href":"https:\/\/api.w.org\/{rel}","templated":true}]}}