{"id":35356,"date":"2024-09-20T12:27:13","date_gmt":"2024-09-20T09:27:13","guid":{"rendered":"https:\/\/mersinkadingazetesi.com\/?p=35356"},"modified":"2024-09-20T12:27:14","modified_gmt":"2024-09-20T09:27:14","slug":"baskan-tuncerden-yasam-merkezine-ziyaret","status":"publish","type":"post","link":"https:\/\/mersinkadingazetesi.com\/?p=35356","title":{"rendered":"BA\u015eKAN TUNCER\u2019DEN YA\u015eAM MERKEZ\u0130NE Z\u0130YARET"},"content":{"rendered":"\n<p>Mezitli yerle\u015fkesinde faaliyet g\u00f6steren G\u00fcnd\u00fczl\u00fc Bak\u0131m ve Aktif Ya\u015fam Merkezi\u2019ni ziyaret eden Mezitli Belediye Ba\u015fkan\u0131 A. Serkan Tuncer&nbsp; kurulu\u015f bah\u00e7esi olarak a\u00e7\u0131lan&nbsp; Y\u00f6r\u00fck \u00e7ad\u0131r\u0131n\u0131 gezdi, yay\u0131k ayran tulumunda yay\u0131k&nbsp; yayd\u0131.<\/p>\n\n\n\n<p>Yeti\u015fkinlerle birlikte sohbet edip foto\u011fraf \u00e7ektiren ve merkezi gezen Ba\u015fkan Tuncer, merkezin ula\u015f\u0131m&nbsp; ve benzeri sorunlar\u0131na destek verece\u011fini s\u00f6yledi.<br>\u00c7ocuk Haklar\u0131 \u00c7ocuk Komitesi ile G\u00fcnd\u00fczl\u00fc Bak\u0131m ve Aktif Ya\u015fam Merkezi yeti\u015fkinlerinin birlikte y\u00fcr\u00fctt\u00fc\u011f\u00fc &#8220;\u00c7ocuk yeti\u015fkin&nbsp; bulu\u015fmas\u0131\u201d projesine destek olacaklar\u0131n\u0131n da alt\u0131n\u0131 \u00e7izdi.<br>Mezitli\u2019de ayr\u0131ca \u00e7ocuk haklar\u0131 park\u0131 yap\u0131lmas\u0131 i\u00e7in \u00e7al\u0131\u015fmalar\u0131n s\u00fcrd\u00fc\u011f\u00fcn\u00fc s\u00f6yledi. B\u00f6ylesine devasal Sosyal hizmet merkezinin Mezitli\u2019de olmas\u0131n\u0131n da kendileri i\u00e7in b\u00fcy\u00fck \u015fans oldu\u011funu s\u00f6yledi.<br>G\u00fcnd\u00fczl\u00fc Bak\u0131m ve Aktif Ya\u015fam Merkezi M\u00fcd\u00fcr\u00fc Mustafa Sar\u0131&nbsp; da, merkezi ziyaretleri ve yeti\u015fkin \u00e7ocuk bulu\u015fmas\u0131 projesi ve \u00e7ocuk haklar\u0131 park\u0131na destekleri nedeniyle Mezitli Belediye Ba\u015fkan\u0131 A. Serkan Tuncer\u2019e te\u015fekk\u00fcr etti. Kamu kurumlar\u0131 aras\u0131nda i\u015fbirli\u011fi olduk\u00e7a hizmetlerin daha \u00e7abuk ve do\u011frudan ula\u015fmas\u0131n\u0131n \u00f6nemini vurgulad\u0131.<\/p>\n","protected":false},"excerpt":{"rendered":"<p>Mezitli yerle\u015fkesinde faaliyet g\u00f6steren G\u00fcnd\u00fczl\u00fc Bak\u0131m ve Aktif Ya\u015fam Merkezi\u2019ni ziyaret eden Mezitli Belediye Ba\u015fkan\u0131 A. Serkan Tuncer&nbsp; kurulu\u015f bah\u00e7esi olarak a\u00e7\u0131lan&nbsp; Y\u00f6r\u00fck \u00e7ad\u0131r\u0131n\u0131 gezdi, yay\u0131k ayran tulumunda yay\u0131k&nbsp; yayd\u0131. Yeti\u015fkinlerle birlikte sohbet edip foto\u011fraf \u00e7ektiren ve merkezi gezen Ba\u015fkan Tuncer, merkezin ula\u015f\u0131m&nbsp; ve benzeri sorunlar\u0131na destek verece\u011fini s\u00f6yledi.\u00c7ocuk Haklar\u0131 \u00c7ocuk Komitesi ile G\u00fcnd\u00fczl\u00fc Bak\u0131m [&hellip;]<\/p>\n","protected":false},"author":2,"featured_media":35357,"comment_status":"closed","ping_status":"closed","sticky":false,"template":"","format":"standard","meta":{"footnotes":""},"categories":[3],"tags":[],"class_list":["post-35356","post","type-post","status-publish","format-standard","has-post-thumbnail","hentry","category-manset"],"views":1,"_links":{"self":[{"href":"https:\/\/mersinkadingazetesi.com\/index.php?rest_route=\/wp\/v2\/posts\/35356"}],"collection":[{"href":"https:\/\/mersinkadingazetesi.com\/index.php?rest_route=\/wp\/v2\/posts"}],"about":[{"href":"https:\/\/mersinkadingazetesi.com\/index.php?rest_route=\/wp\/v2\/types\/post"}],"author":[{"embeddable":true,"href":"https:\/\/mersinkadingazetesi.com\/index.php?rest_route=\/wp\/v2\/users\/2"}],"replies":[{"embeddable":true,"href":"https:\/\/mersinkadingazetesi.com\/index.php?rest_route=%2Fwp%2Fv2%2Fcomments&post=35356"}],"version-history":[{"count":1,"href":"https:\/\/mersinkadingazetesi.com\/index.php?rest_route=\/wp\/v2\/posts\/35356\/revisions"}],"predecessor-version":[{"id":35358,"href":"https:\/\/mersinkadingazetesi.com\/index.php?rest_route=\/wp\/v2\/posts\/35356\/revisions\/35358"}],"wp:featuredmedia":[{"embeddable":true,"href":"https:\/\/mersinkadingazetesi.com\/index.php?rest_route=\/wp\/v2\/media\/35357"}],"wp:attachment":[{"href":"https:\/\/mersinkadingazetesi.com\/index.php?rest_route=%2Fwp%2Fv2%2Fmedia&parent=35356"}],"wp:term":[{"taxonomy":"category","embeddable":true,"href":"https:\/\/mersinkadingazetesi.com\/index.php?rest_route=%2Fwp%2Fv2%2Fcategories&post=35356"},{"taxonomy":"post_tag","embeddable":true,"href":"https:\/\/mersinkadingazetesi.com\/index.php?rest_route=%2Fwp%2Fv2%2Ftags&post=35356"}],"curies":[{"name":"wp","href":"https:\/\/api.w.org\/{rel}","templated":true}]}}