{"id":35363,"date":"2024-09-22T09:57:49","date_gmt":"2024-09-22T06:57:49","guid":{"rendered":"https:\/\/mersinkadingazetesi.com\/?p=35363"},"modified":"2024-09-22T09:57:49","modified_gmt":"2024-09-22T06:57:49","slug":"mersinin-guzellikleri-cocuklarin-resimlerinde-hayat-buldu","status":"publish","type":"post","link":"https:\/\/mersinkadingazetesi.com\/?p=35363","title":{"rendered":"MERS\u0130N&#8217;\u0130N G\u00dcZELL\u0130KLER\u0130 \u00c7OCUKLARIN RES\u0130MLER\u0130NDE HAYAT BULDU"},"content":{"rendered":"\n<p>Bug\u00fcn\u00fcn k\u00fc\u00e7\u00fc\u011f\u00fc yar\u0131n\u0131n b\u00fcy\u00fc\u011f\u00fc \u00e7ocuklar\u0131n k\u00fclt\u00fcr, sanat ve sporla b\u00fcy\u00fcmesi i\u00e7in birbirinden zengin etkinlik ve at\u00f6lyeler d\u00fczenleyen Mersin B\u00fcy\u00fck\u015fehir Belediyesi, \u00e7ocuklar\u0131 sanatla bulu\u015fturmaya devam ediyor. \u00c7ocuklar\u0131n \u00e7ok y\u00f6nl\u00fc geli\u015fimlerine destek olmak ve yarat\u0131c\u0131 y\u00f6nlerini ortaya \u00e7\u0131karmak amac\u0131yla B\u00fcy\u00fck\u015fehir Kad\u0131n ve Aile Hizmetleri Dairesi koordinesinde Etkinlik ve Sanat Merkezi&#8217;nde,&nbsp;<strong><em>&#8216;\u00c7ocuklar\u0131n G\u00f6z\u00fcnden Mersin&#8217;<\/em><\/strong>&nbsp;resim at\u00f6lyesi etkinli\u011fi d\u00fczenlendi.<\/p>\n\n\n\n<p>\u00c7ocuklar deniz manzaras\u0131 e\u015fli\u011finde kendi zihin haritalar\u0131nda kent ile \u00f6zde\u015fle\u015fmi\u015f tarihi, turistik, yemek ve i\u00e7ecek gibi sembollerle Mersin&#8217;i resmettiler. Yarat\u0131c\u0131l\u0131klar\u0131n\u0131 ortaya koymay\u0131 ama\u00e7layan etkinlik bitiminde \u00e7ocuklar, yapm\u0131\u015f olduklar\u0131 resimleri b\u00fcy\u00fck bir tuvalde birle\u015ftirip sergilediler.<\/p>\n\n\n\n<p><strong>Dursun: &#8220;Vizyonumuz ve misyonumuz, \u00e7ocuklar\u0131m\u0131z\u0131n geli\u015fimine destek olmak&#8221;<\/strong><\/p>\n\n\n\n<p>Kad\u0131n ve \u00e7ocuklara yap\u0131lan desteklerin bir toplumun gelece\u011fini \u015fekillendirdi\u011fini ve B\u00fcy\u00fck\u015fehir Belediyesi olarak bu bilin\u00e7le hareket ederek dezavantajl\u0131 gruplara pozitif ayr\u0131mc\u0131l\u0131k uygulad\u0131klar\u0131n\u0131 s\u00f6yleyen&nbsp;Kad\u0131n ve Aile Hizmetleri Dairesi Ba\u015fkanl\u0131\u011f\u0131&#8217;na ba\u011fl\u0131 Aile ve \u00c7ocuk \u015eube M\u00fcd\u00fcr Vekili Nazl\u0131 Cemre Dursun,&nbsp;<strong>&#8220;\u00c7ocuklar, bilim ve sanat alan\u0131nda ufuklar\u0131n\u0131 ne kadar \u00e7ok a\u00e7arsa bizim gelece\u011fimiz de o kadar \u00e7ok olumlu etkilenecek. Bizim i\u00e7in kad\u0131n ve \u00e7ocuk konusu olduk\u00e7a \u00f6nemli.&nbsp;&nbsp;\u00d6zellikle dezavantajl\u0131 b\u00f6lgelerde ya\u015fayan \u00e7ocuklara ve kad\u0131nlara ula\u015fmak istiyoruz. \u00c7\u00fcnk\u00fc onlara yapt\u0131\u011f\u0131m\u0131z ekonomik ve sosyal katk\u0131lar, psiko-sosyal ve psiko- motor geli\u015fimleri i\u00e7in \u00e7ok \u00f6nemli&#8221;&nbsp;<\/strong>ifadelerini kulland\u0131.B\u00fcy\u00fck\u015fehir Belediyesi olarak \u00e7ocuklar i\u00e7in etkinlik ve at\u00f6lye yapmaya devam edeceklerini vurgulayan Dursun,<strong>&nbsp;&#8220;Vizyonumuz ve misyonumuz, \u00e7ocuklar\u0131m\u0131z\u0131n geli\u015fimine destek olmak. \u00c7\u00fcnk\u00fc biz onlar i\u00e7in var\u0131z&#8221;<\/strong>&nbsp;diye konu\u015ftu.&nbsp;&nbsp;<\/p>\n\n\n\n<p><strong>Hara\u00e7\u00e7\u0131: &#8220;Sanatla b\u00fcy\u00fcyen \u00e7ocuklar, daha sa\u011fl\u0131kl\u0131 birey oluyorlar&#8221;<\/strong><\/p>\n\n\n\n<p>Etkinli\u011fe kat\u0131lan ve \u00e7ok keyifli oldu\u011funu s\u00f6yleyen annelerden Derya Hara\u00e7\u00e7\u0131, \u00e7ocuklar\u0131n da olduk\u00e7a mutlu oldu\u011funu s\u00f6yleyerek, Etkinlik ve Sanat Merkezi&#8217;nin \u00e7ocuklar i\u00e7in olduk\u00e7a g\u00fcvenli bir merkez oldu\u011funu kaydetti. Hara\u00e7\u00e7\u0131,&nbsp;<strong>&#8220;Onlar\u0131n do\u011fru \u015feyi yapt\u0131\u011f\u0131n\u0131 bilmek bize huzur veriyor. Sanatla b\u00fcy\u00fcyen \u00e7ocuklar hem daha sa\u011fl\u0131kl\u0131 birey oluyorlar, hem de toplum kurallar\u0131na \u00e7ok daha kolay uyum sa\u011flayabiliyorlar. Bu durumun, okuldaki ba\u015far\u0131lar\u0131n\u0131 da b\u00fcy\u00fck \u00f6l\u00e7\u00fcde etkiledi\u011fine inan\u0131yorum. B\u00fcy\u00fck\u015fehir Belediyesi&#8217;nin katk\u0131s\u0131 bu konuda tart\u0131\u015f\u0131lmaz. Bizler sahile oturmaya geldi\u011fimizde, burada etkinlik olmasa bile g\u00f6revli arkada\u015flar k\u0131z\u0131ma hemen bir boyama kalemi, boyama ka\u011f\u0131d\u0131 veriyorlar. Ta\u015f boyama, boncuk, bileklik tak\u0131 yapma gibi etkinlikleri de var&#8221;<\/strong>&nbsp;diye konu\u015ftu.<\/p>\n\n\n\n<p>Mersin B\u00fcy\u00fck\u015fehir Belediye Ba\u015fkan\u0131 Vahap Se\u00e7er&#8217;in, \u00e7ocuklar\u0131n hayat\u0131na olduk\u00e7a fazla de\u011finen hizmetleri oldu\u011funu da s\u00f6yleyen Hara\u00e7\u00e7\u0131,&nbsp;<strong>&#8220;Bence Ba\u015fkan\u0131m\u0131z\u0131n en iyi ba\u015fard\u0131\u011f\u0131 \u015feylerden biri de, \u00e7ocuklar\u0131m\u0131z\u0131n sa\u011fl\u0131kl\u0131 bireyler olmas\u0131 i\u00e7in elinden geleni yapmas\u0131. Biz \u00e7ok memnunuz&#8221;&nbsp;<\/strong>dedi.&nbsp;<\/p>\n\n\n\n<p><strong>Aksoy: &#8220;Bu etkinlikler, \u00e7ocuklar\u0131n ruhsal ve bedensel geli\u015fimine \u00e7ok faydal\u0131&#8221;<\/strong><\/p>\n\n\n\n<p>Etkinli\u011fe ikiz \u00e7ocuklar\u0131 ile kat\u0131lan \u00d6zlem Aksoy, B\u00fcy\u00fck\u015fehir&#8217;in d\u00fczenledi\u011fi etkinliklere severek geldi\u011fini belirterek,&nbsp;<strong>&#8220;Etkinlik bizim i\u00e7in harikayd\u0131. \u00c7\u00fcnk\u00fc ikiz \u00e7ocuklar\u0131mdan Do\u011fa&#8217;n\u0131n resme kar\u015f\u0131 bir ilgisi var. Etkinli\u011fi duyar duymaz hemen rezervasyon yapt\u0131rd\u0131k. M\u00fczik ve ambiyans \u00e7ok g\u00fczeldi. \u00d6\u011fretmenlerimizin \u00e7ocuklara yakla\u015f\u0131mlar\u0131 da \u00e7ok g\u00fczeldi&#8221;<\/strong>&nbsp;ifadelerini kulland\u0131. Bu t\u00fcr etkinliklerin, \u00e7ocuklara hem ruhsal hem de bedensel anlamda \u00e7ok fayda sa\u011flad\u0131\u011f\u0131n\u0131 s\u00f6zlerine ekleyen Aksoy,<strong>&nbsp;&#8220;\u00c7\u00fcnk\u00fc hepsi bir arada yap\u0131l\u0131yor. Bizlere de bir umut \u0131\u015f\u0131\u011f\u0131 oluyor. Buradaki m\u00fczi\u011fin ritmi, eve gitti\u011fimizde ruh halimizi de de\u011fi\u015ftirecektir. Etkinlikten \u00e7ok memnun kald\u0131k&#8221;<\/strong>&nbsp;\u015feklinde konu\u015ftu.<\/p>\n\n\n\n<p><strong>\u00c7ocuklar, deniz manzaras\u0131 kar\u015f\u0131s\u0131nda Mersin&#8217;i resmettiler<\/strong><\/p>\n\n\n\n<p>Etkinli\u011fe kat\u0131lan \u00e7ocuklardan Buse Eren,&nbsp;<strong>&#8220;Mersin&#8217;e \u00f6zg\u00fc tantuni, lahmacun, palmiye a\u011fa\u00e7lar\u0131 ve deniz \u00e7izdim. \u00c7\u00fcnk\u00fc bunlar\u0131n hepsi bana Mersin&#8217;i anlat\u0131yor. En \u00e7ok hem resim yapmay\u0131 sevdim. Arkada\u015flar\u0131mla resim yapmaktan \u00e7ok keyif ald\u0131m&#8221;&nbsp;<\/strong>dedi.<\/p>\n\n\n\n<p>Duru Hara\u00e7\u00e7\u0131, \u00f6zg\u00fcrce resim yapt\u0131\u011f\u0131n\u0131 ve bundan dolay\u0131 da \u00e7ok mutlu oldu\u011funu s\u00f6ylerken, Derin Su Y\u0131ld\u0131r\u0131m duygular\u0131n\u0131,&nbsp;<strong>&#8220;Mersin benim i\u00e7in deniz demek. Etkinli\u011fi \u00e7ok sevdim. En \u00e7ok \u00f6\u011fretmenimi sevdim. \u0130stedi\u011fim gibi resim yapt\u0131m&#8221;<\/strong>&nbsp;diyerek dile getirdi.<\/p>\n\n\n\n<p>Bade Albayram ise,&nbsp;<strong>&#8220;Etkinli\u011fi \u00e7ok sevdim ve \u00e7ok mutlu oldum. Ormanda oynayan \u00e7ocuklar \u00e7izdim. Arkada\u015flar\u0131mla i\u00e7 i\u00e7e olmak bana keyif verdi. G\u00fczel bir g\u00fcnd\u00fc&#8221;&nbsp;<\/strong>ifadelerini kulland\u0131.<\/p>\n","protected":false},"excerpt":{"rendered":"<p>Bug\u00fcn\u00fcn k\u00fc\u00e7\u00fc\u011f\u00fc yar\u0131n\u0131n b\u00fcy\u00fc\u011f\u00fc \u00e7ocuklar\u0131n k\u00fclt\u00fcr, sanat ve sporla b\u00fcy\u00fcmesi i\u00e7in birbirinden zengin etkinlik ve at\u00f6lyeler d\u00fczenleyen Mersin B\u00fcy\u00fck\u015fehir Belediyesi, \u00e7ocuklar\u0131 sanatla bulu\u015fturmaya devam ediyor. \u00c7ocuklar\u0131n \u00e7ok y\u00f6nl\u00fc geli\u015fimlerine destek olmak ve yarat\u0131c\u0131 y\u00f6nlerini ortaya \u00e7\u0131karmak amac\u0131yla B\u00fcy\u00fck\u015fehir Kad\u0131n ve Aile Hizmetleri Dairesi koordinesinde Etkinlik ve Sanat Merkezi&#8217;nde,&nbsp;&#8216;\u00c7ocuklar\u0131n G\u00f6z\u00fcnden Mersin&#8217;&nbsp;resim at\u00f6lyesi etkinli\u011fi d\u00fczenlendi. \u00c7ocuklar deniz [&hellip;]<\/p>\n","protected":false},"author":2,"featured_media":35364,"comment_status":"closed","ping_status":"closed","sticky":false,"template":"","format":"standard","meta":{"footnotes":""},"categories":[3],"tags":[],"class_list":["post-35363","post","type-post","status-publish","format-standard","has-post-thumbnail","hentry","category-manset"],"views":13,"_links":{"self":[{"href":"https:\/\/mersinkadingazetesi.com\/index.php?rest_route=\/wp\/v2\/posts\/35363"}],"collection":[{"href":"https:\/\/mersinkadingazetesi.com\/index.php?rest_route=\/wp\/v2\/posts"}],"about":[{"href":"https:\/\/mersinkadingazetesi.com\/index.php?rest_route=\/wp\/v2\/types\/post"}],"author":[{"embeddable":true,"href":"https:\/\/mersinkadingazetesi.com\/index.php?rest_route=\/wp\/v2\/users\/2"}],"replies":[{"embeddable":true,"href":"https:\/\/mersinkadingazetesi.com\/index.php?rest_route=%2Fwp%2Fv2%2Fcomments&post=35363"}],"version-history":[{"count":1,"href":"https:\/\/mersinkadingazetesi.com\/index.php?rest_route=\/wp\/v2\/posts\/35363\/revisions"}],"predecessor-version":[{"id":35365,"href":"https:\/\/mersinkadingazetesi.com\/index.php?rest_route=\/wp\/v2\/posts\/35363\/revisions\/35365"}],"wp:featuredmedia":[{"embeddable":true,"href":"https:\/\/mersinkadingazetesi.com\/index.php?rest_route=\/wp\/v2\/media\/35364"}],"wp:attachment":[{"href":"https:\/\/mersinkadingazetesi.com\/index.php?rest_route=%2Fwp%2Fv2%2Fmedia&parent=35363"}],"wp:term":[{"taxonomy":"category","embeddable":true,"href":"https:\/\/mersinkadingazetesi.com\/index.php?rest_route=%2Fwp%2Fv2%2Fcategories&post=35363"},{"taxonomy":"post_tag","embeddable":true,"href":"https:\/\/mersinkadingazetesi.com\/index.php?rest_route=%2Fwp%2Fv2%2Ftags&post=35363"}],"curies":[{"name":"wp","href":"https:\/\/api.w.org\/{rel}","templated":true}]}}