{"id":35372,"date":"2024-09-22T10:04:11","date_gmt":"2024-09-22T07:04:11","guid":{"rendered":"https:\/\/mersinkadingazetesi.com\/?p=35372"},"modified":"2024-09-22T10:04:11","modified_gmt":"2024-09-22T07:04:11","slug":"mezitli-belediyesi-tece-sahilinde-cevre-temizligi-etkinligi-duzenledi","status":"publish","type":"post","link":"https:\/\/mersinkadingazetesi.com\/?p=35372","title":{"rendered":"MEZ\u0130TL\u0130 BELED\u0130YES\u0130, TECE SAH\u0130L\u0130&#8217;NDE \u00c7EVRE TEM\u0130ZL\u0130\u011e\u0130 ETK\u0130NL\u0130\u011e\u0130 D\u00dcZENLED\u0130"},"content":{"rendered":"\n<p>Mezitli Belediyesi, \u00e7evre bilincini art\u0131rmak ve halk\u0131 daha temiz bir gelece\u011fe te\u015fvik etmek amac\u0131yla D\u00fcnya Temizlik G\u00fcn\u00fc ve Avrupa Hareketlilik Haftas\u0131 kapsam\u0131nda Tece Sahili&#8217;nde \u00e7evre temizli\u011fi etkinli\u011fi ger\u00e7ekle\u015ftirdi. Etkinlikte vatanda\u015flar sahili at\u0131klardan ar\u0131nd\u0131rarak \u00e7evre duyarl\u0131l\u0131\u011f\u0131na dikkat \u00e7ekti.<\/p>\n\n\n\n<p>Sahil boyunca yap\u0131lan temizlik \u00e7al\u0131\u015fmas\u0131nda plastik \u015fi\u015feler, \u015fi\u015fe kapaklar\u0131, po\u015fetler, izmariti ve denize s\u00fcr\u00fcklenen di\u011fer at\u0131klar\u0131 topland\u0131. Toplanan at\u0131klar, geri d\u00f6n\u00fc\u015f\u00fcm ve imha i\u015flemleri i\u00e7in ayr\u0131\u015ft\u0131r\u0131larak ilgili birimlere teslim edildi.<\/p>\n\n\n\n<p><strong>&#8221;DAHA TEM\u0130Z B\u0130R MEZ\u0130TL\u0130 \u0130\u00c7\u0130N \u00c7ALI\u015eIYORUZ&#8221;<\/strong><\/p>\n\n\n\n<p>Mezitli Belediye Ba\u015fkan\u0131 Ahmet Serkan Tuncer, etkinlikle ilgili yapt\u0131\u011f\u0131 a\u00e7\u0131klamada \u00e7evre duyarl\u0131l\u0131\u011f\u0131n\u0131n \u00f6nemine vurgu yaparak \u015fu ifadeleri kulland\u0131: &#8220;\u00c7evremizi temiz tutmak, gelecek nesillere daha ya\u015fanabilir bir d\u00fcnya b\u0131rakmak hepimizin sorumlulu\u011fu. Mezitli Belediyesi olarak \u00e7evre bilincini art\u0131rmak i\u00e7in d\u00fczenledi\u011fimiz bu t\u00fcr etkinliklerin vatanda\u015flar\u0131m\u0131z taraf\u0131ndan sahiplenilmesi \u00e7ok de\u011ferli. Bu t\u00fcr \u00e7al\u0131\u015fmalar\u0131n say\u0131s\u0131n\u0131 art\u0131rarak Mezitli&#8217;yi daha temiz ve ye\u015fil bir \u015fehir haline getirmeye devam edece\u011fiz.&#8221; dedi.<\/p>\n\n\n\n<p><strong>\u00c7EVRE DUYARLILI\u011eI \u00d6NE \u00c7IKTI<\/strong><\/p>\n\n\n\n<p>Etkinli\u011fe kat\u0131lan vatanda\u015flar, \u00e7evre temizli\u011fi konusundaki hassasiyetlerini g\u00f6stererek bu t\u00fcr etkinliklerin daha s\u0131k d\u00fczenlenmesi gerekti\u011fini belirttiler. Sahilin temiz tutulmas\u0131n\u0131n \u00e7evre sa\u011fl\u0131\u011f\u0131 a\u00e7\u0131s\u0131ndan \u00f6nemine de\u011finen kat\u0131l\u0131mc\u0131lar, etkinli\u011fin bir fark\u0131ndal\u0131k arac\u0131 oldu\u011funu ifade ettiler.<\/p>\n\n\n\n<p>Etkinli\u011fe kat\u0131lan \u00e7ocuklar da aileleriyle birlikte at\u0131k toplarken, \u00e7ocuklara k\u00fc\u00e7\u00fck ya\u015flardan itibaren \u00e7evre bilincinin a\u015f\u0131lanmas\u0131n\u0131n \u00f6nemi vurguland\u0131.<\/p>\n\n\n\n<p><strong>MEZ\u0130TL\u0130 AVRUPA HAREKETL\u0130L\u0130K HAFTASINI DOLU DOLU YA\u015eADI<\/strong><\/p>\n\n\n\n<p>Mezitli Belediyesi ayr\u0131ca, Avrupa Hareketlilik Haftas\u0131 \u00e7er\u00e7evesinde bisiklet s\u00fcrme ve do\u011fa y\u00fcr\u00fcy\u00fc\u015f\u00fc gibi etkinliklerle halk\u0131 daha fazla hareket etmeye te\u015fvik ediyor.<\/p>\n","protected":false},"excerpt":{"rendered":"<p>Mezitli Belediyesi, \u00e7evre bilincini art\u0131rmak ve halk\u0131 daha temiz bir gelece\u011fe te\u015fvik etmek amac\u0131yla D\u00fcnya Temizlik G\u00fcn\u00fc ve Avrupa Hareketlilik Haftas\u0131 kapsam\u0131nda Tece Sahili&#8217;nde \u00e7evre temizli\u011fi etkinli\u011fi ger\u00e7ekle\u015ftirdi. Etkinlikte vatanda\u015flar sahili at\u0131klardan ar\u0131nd\u0131rarak \u00e7evre duyarl\u0131l\u0131\u011f\u0131na dikkat \u00e7ekti. Sahil boyunca yap\u0131lan temizlik \u00e7al\u0131\u015fmas\u0131nda plastik \u015fi\u015feler, \u015fi\u015fe kapaklar\u0131, po\u015fetler, izmariti ve denize s\u00fcr\u00fcklenen di\u011fer at\u0131klar\u0131 topland\u0131. Toplanan [&hellip;]<\/p>\n","protected":false},"author":2,"featured_media":35373,"comment_status":"closed","ping_status":"closed","sticky":false,"template":"","format":"standard","meta":{"footnotes":""},"categories":[3,5],"tags":[],"class_list":["post-35372","post","type-post","status-publish","format-standard","has-post-thumbnail","hentry","category-manset","category-mersin"],"views":7,"_links":{"self":[{"href":"https:\/\/mersinkadingazetesi.com\/index.php?rest_route=\/wp\/v2\/posts\/35372"}],"collection":[{"href":"https:\/\/mersinkadingazetesi.com\/index.php?rest_route=\/wp\/v2\/posts"}],"about":[{"href":"https:\/\/mersinkadingazetesi.com\/index.php?rest_route=\/wp\/v2\/types\/post"}],"author":[{"embeddable":true,"href":"https:\/\/mersinkadingazetesi.com\/index.php?rest_route=\/wp\/v2\/users\/2"}],"replies":[{"embeddable":true,"href":"https:\/\/mersinkadingazetesi.com\/index.php?rest_route=%2Fwp%2Fv2%2Fcomments&post=35372"}],"version-history":[{"count":1,"href":"https:\/\/mersinkadingazetesi.com\/index.php?rest_route=\/wp\/v2\/posts\/35372\/revisions"}],"predecessor-version":[{"id":35374,"href":"https:\/\/mersinkadingazetesi.com\/index.php?rest_route=\/wp\/v2\/posts\/35372\/revisions\/35374"}],"wp:featuredmedia":[{"embeddable":true,"href":"https:\/\/mersinkadingazetesi.com\/index.php?rest_route=\/wp\/v2\/media\/35373"}],"wp:attachment":[{"href":"https:\/\/mersinkadingazetesi.com\/index.php?rest_route=%2Fwp%2Fv2%2Fmedia&parent=35372"}],"wp:term":[{"taxonomy":"category","embeddable":true,"href":"https:\/\/mersinkadingazetesi.com\/index.php?rest_route=%2Fwp%2Fv2%2Fcategories&post=35372"},{"taxonomy":"post_tag","embeddable":true,"href":"https:\/\/mersinkadingazetesi.com\/index.php?rest_route=%2Fwp%2Fv2%2Ftags&post=35372"}],"curies":[{"name":"wp","href":"https:\/\/api.w.org\/{rel}","templated":true}]}}