{"id":35375,"date":"2024-09-22T10:07:03","date_gmt":"2024-09-22T07:07:03","guid":{"rendered":"https:\/\/mersinkadingazetesi.com\/?p=35375"},"modified":"2024-09-22T10:07:03","modified_gmt":"2024-09-22T07:07:03","slug":"aksemsettin-mahallesi-sakinleri-konserde-doyasiya-eglendi","status":"publish","type":"post","link":"https:\/\/mersinkadingazetesi.com\/?p=35375","title":{"rendered":"AK\u015eEMSETT\u0130N MAHALLES\u0130 SAK\u0130NLER\u0130 KONSERDE DOYASIYA E\u011eLEND\u0130"},"content":{"rendered":"\n<p>Mersin B\u00fcy\u00fck\u015fehir Belediyesi ile Tarsus Belediyesi&#8217;nin ortakla\u015fa d\u00fczenledi\u011fi etkinlikler devam ediyor. Tarsus merkezde yer alan Ak\u015femsettin Mahallesi&#8217;nde ilk kez d\u00fczenlenen konserde B\u00fcy\u00fck\u015fehir K\u00fclt\u00fcr ve Sosyal \u0130\u015fler Dairesi&#8217;ne ba\u011fl\u0131 T\u00fcrk Halk M\u00fczi\u011fi Toplulu\u011fu sahne ald\u0131.<\/p>\n\n\n\n<p>Sanat\u00e7\u0131lar\u0131n performanslar\u0131n\u0131n yan\u0131 s\u0131ra bir\u00e7ok kad\u0131n\u0131n dahil oldu\u011fu halaylarda renkli g\u00f6r\u00fcnt\u00fcler ya\u015fand\u0131. \u00c7ocuklara B\u00fcy\u00fck\u015fehir taraf\u0131ndan pamuk \u015feker ikram\u0131n\u0131n yap\u0131ld\u0131\u011f\u0131 konserde, seyirciler \u015fark\u0131lara e\u015flik ederek b\u00fcy\u00fck bir koro olu\u015fturdular.<\/p>\n\n\n\n<p>Pakize Bayraktar Okulu \u00f6n\u00fcndeki alanda yo\u011fun kat\u0131l\u0131mla ger\u00e7ekle\u015fen konserde Mahalle Muhtar\u0131 Sevda Kurt, Mersin B\u00fcy\u00fck\u015fehir Belediye Ba\u015fkan Vekili ve Tarsus Belediye Ba\u015fkan Yard\u0131mc\u0131s\u0131 Ali Uyan&#8217;a \u00e7i\u00e7ek takdim etti ve te\u015fekk\u00fcrlerini iletti. Programa \u00e7evre mahalle muhtarlar\u0131 ve vatanda\u015flar kat\u0131ld\u0131.<\/p>\n\n\n\n<p><strong>Ali Uyan: &#8220;A\u011f\u0131zlar\u0131na sa\u011fl\u0131k, emeklerine sa\u011fl\u0131k&#8221;<\/strong><\/p>\n\n\n\n<p>Mersin B\u00fcy\u00fck\u015fehir Belediye Ba\u015fkan Vekili ve Tarsus Belediye Ba\u015fkan Yard\u0131mc\u0131s\u0131 Ali Uyan, konserde yapt\u0131\u011f\u0131 konu\u015fmada Belediyelerin uyum i\u00e7erisinde \u00e7al\u0131\u015ft\u0131klar\u0131n\u0131 bir kez daha vurgulayarak,&nbsp;<strong>&#8220;Uyumla ve memnuniyetle belediyelerimiz \u00e7al\u0131\u015f\u0131yor. K\u00f6ylerimize, mahallelerimize hizmet g\u00f6t\u00fcr\u00fcyor. Eksik olan ne varsa onlar\u0131n hepsini tamaml\u0131yor ve hizmetlerde hi\u00e7bir eksik b\u0131rakm\u0131yor ve bundan sonra da bu eksiklikleri tamamlamaya devam edecek. Mersin B\u00fcy\u00fck\u015fehir Belediye&#8217;mizin orkestras\u0131 T\u00fcrk Halk M\u00fczi\u011fi toplulu\u011fu burada, sanat\u00e7\u0131 karde\u015fimizin a\u011fz\u0131na sa\u011fl\u0131k diyorum. Orkestradaki grup arkada\u015flar\u0131m\u0131z\u0131n y\u00fcre\u011fine sa\u011fl\u0131k diyorum. Ne g\u00fczel, bu s\u0131cak havada s\u00f6yledikleri par\u00e7alarla y\u00fcreklerimizi so\u011futtular. A\u011f\u0131zlar\u0131na sa\u011fl\u0131k, emeklerine sa\u011fl\u0131k&#8221;<\/strong>&nbsp;dedi.<\/p>\n\n\n\n<p><strong>Muhtar Sevda Kurt: &#8220;B\u00fcy\u00fck bir co\u015fku var, b\u00fcy\u00fck bir mutluluk var&#8221;<\/strong><\/p>\n\n\n\n<p>Ak\u015femsettin Mahallesi&#8217;nin ilk kad\u0131n muhtar\u0131 olan Sevda Kurt ise mahallelerinde ilk kez b\u00f6yle bir etkinlik d\u00fczenlendi\u011fini kaydederek,&nbsp;<strong>&#8220;Mersin B\u00fcy\u00fck\u015fehir Belediyesi ile Tarsus Belediyesi&#8217;nin yapm\u0131\u015f oldu\u011fu etkinlikten dolay\u0131 mahallem ad\u0131na te\u015fekk\u00fcr ediyorum. Mahalleler aras\u0131nda tabii ki n\u00fcfusu y\u00fcksek olan bir mahalledeyiz. Bu mahallenin ilk kad\u0131n muhtar\u0131y\u0131m. \u00c7ocuklar\u0131m\u0131z i\u00e7in g\u00fczel bir etkinlik oldu. Pamuk \u015fekerin olmas\u0131, konserin olmas\u0131 harikayd\u0131. Y\u0131llard\u0131r hi\u00e7bir etkinlik olmad\u0131 mahallemde. B\u00fcy\u00fck bir co\u015fku ve mutluluk var. Herkes \u00e7ok mutlu. Eme\u011fi ge\u00e7en herkese te\u015fekk\u00fcr ediyorum&#8221;<\/strong>&nbsp;diye konu\u015ftu.<\/p>\n\n\n\n<p><strong>Turgay Benli: &#8220;Yapt\u0131klar\u0131 bu yaz \u015fenlikleri program\u0131na \u00e7ok mutlu oluyoruz&#8221;<\/strong><\/p>\n\n\n\n<p>T\u00fcrkiye Muhtarlar Derne\u011fi Tarsus \u015eube Ba\u015fkan\u0131 ve Fatih Mahallesi Muhtar\u0131 Turgay Benli&#8217;de yaz ak\u015famlar\u0131n\u0131n sosyal aktivitelerle olduk\u00e7a renklendi\u011fini belirterek,&nbsp;<strong>&#8220;Yaz ak\u015famlar\u0131 \u015fenliklerini d\u00fczenleyen B\u00fcy\u00fck\u015fehir Belediye Ba\u015fkan\u0131m\u0131z Say\u0131n Vahap Se\u00e7er Bey&#8217;e \u00e7ok te\u015fekk\u00fcr ediyorum. Sayg\u0131lar\u0131m\u0131 sunuyorum. Tarsus Belediye Ba\u015fkan\u0131m\u0131z Ali Bolta\u015f Ba\u015fkan\u0131m\u0131za tekrar \u00e7ok te\u015fekk\u00fcr ediyorum. Yapt\u0131klar\u0131 bu yaz \u015fenlikleri program\u0131na \u00e7ok mutlu oluyoruz. \u0130nsanlarla birle\u015fmelerimizi, bir araya gelmemize, e\u011flenmemize sebebiyet veriyorlar bunlar&#8221;&nbsp;<\/strong>dedi.<\/p>\n\n\n\n<p><strong>Burcu Kocao\u011flu: &#8220;B\u00f6yle etkinlik ilk defa oldu&#8221;<\/strong><\/p>\n\n\n\n<p>Mahalle sakinlerinden Burcu Kocao\u011flu ise \u00e7ocu\u011fuyla etkinli\u011fe kat\u0131ld\u0131\u011f\u0131n\u0131 s\u00f6yleyerek, &#8220;<strong>13 senelik evliyim, burada ya\u015f\u0131yorum. B\u00f6yle etkinlik ilk defa oldu. Mahallemiz, kom\u015fular\u0131m\u0131zla beraber geldik. G\u00fczel e\u011fleniyoruz. Mersin B\u00fcy\u00fck\u015fehir Belediye Ba\u015fkan\u0131m\u0131za te\u015fekk\u00fcr ediyoruz. Ayr\u0131ca Sevda Kurt muhtar\u0131m\u0131za da te\u015fekk\u00fcr ediyoruz. E\u011fleniyorlar, mutlular \u00e7ocuklar. Biz de geldik, mutluyuz&#8221;<\/strong>&nbsp;\u015feklinde konu\u015ftu.<\/p>\n\n\n\n<p><strong>Seyhan Tanr\u0131verdi: &#8220;Arkada\u015flar\u0131mla g\u00fczel vakit ge\u00e7iriyoruz&#8221;<\/strong><\/p>\n\n\n\n<p>Arkada\u015flar\u0131yla birlikte pamuk \u015fekeri al\u0131p afiyetle yiyen ve e\u011flenceli vakit ge\u00e7iren Seyhan Tanr\u0131verdi&#8217;de,&nbsp;<strong>&#8220;Buras\u0131 \u00e7ok g\u00fczel e\u011fleniyoruz. Arkada\u015flar\u0131mla g\u00fczel vakit ge\u00e7iriyoruz. Bize pamuk \u015feker ve bedava dondurma ikram ettiler&#8221;<\/strong>&nbsp;ifadelerini kulland\u0131.<\/p>\n","protected":false},"excerpt":{"rendered":"<p>Mersin B\u00fcy\u00fck\u015fehir Belediyesi ile Tarsus Belediyesi&#8217;nin ortakla\u015fa d\u00fczenledi\u011fi etkinlikler devam ediyor. Tarsus merkezde yer alan Ak\u015femsettin Mahallesi&#8217;nde ilk kez d\u00fczenlenen konserde B\u00fcy\u00fck\u015fehir K\u00fclt\u00fcr ve Sosyal \u0130\u015fler Dairesi&#8217;ne ba\u011fl\u0131 T\u00fcrk Halk M\u00fczi\u011fi Toplulu\u011fu sahne ald\u0131. Sanat\u00e7\u0131lar\u0131n performanslar\u0131n\u0131n yan\u0131 s\u0131ra bir\u00e7ok kad\u0131n\u0131n dahil oldu\u011fu halaylarda renkli g\u00f6r\u00fcnt\u00fcler ya\u015fand\u0131. \u00c7ocuklara B\u00fcy\u00fck\u015fehir taraf\u0131ndan pamuk \u015feker ikram\u0131n\u0131n yap\u0131ld\u0131\u011f\u0131 konserde, seyirciler [&hellip;]<\/p>\n","protected":false},"author":2,"featured_media":35376,"comment_status":"closed","ping_status":"closed","sticky":false,"template":"","format":"standard","meta":{"footnotes":""},"categories":[3],"tags":[],"class_list":["post-35375","post","type-post","status-publish","format-standard","has-post-thumbnail","hentry","category-manset"],"views":10,"_links":{"self":[{"href":"https:\/\/mersinkadingazetesi.com\/index.php?rest_route=\/wp\/v2\/posts\/35375"}],"collection":[{"href":"https:\/\/mersinkadingazetesi.com\/index.php?rest_route=\/wp\/v2\/posts"}],"about":[{"href":"https:\/\/mersinkadingazetesi.com\/index.php?rest_route=\/wp\/v2\/types\/post"}],"author":[{"embeddable":true,"href":"https:\/\/mersinkadingazetesi.com\/index.php?rest_route=\/wp\/v2\/users\/2"}],"replies":[{"embeddable":true,"href":"https:\/\/mersinkadingazetesi.com\/index.php?rest_route=%2Fwp%2Fv2%2Fcomments&post=35375"}],"version-history":[{"count":1,"href":"https:\/\/mersinkadingazetesi.com\/index.php?rest_route=\/wp\/v2\/posts\/35375\/revisions"}],"predecessor-version":[{"id":35377,"href":"https:\/\/mersinkadingazetesi.com\/index.php?rest_route=\/wp\/v2\/posts\/35375\/revisions\/35377"}],"wp:featuredmedia":[{"embeddable":true,"href":"https:\/\/mersinkadingazetesi.com\/index.php?rest_route=\/wp\/v2\/media\/35376"}],"wp:attachment":[{"href":"https:\/\/mersinkadingazetesi.com\/index.php?rest_route=%2Fwp%2Fv2%2Fmedia&parent=35375"}],"wp:term":[{"taxonomy":"category","embeddable":true,"href":"https:\/\/mersinkadingazetesi.com\/index.php?rest_route=%2Fwp%2Fv2%2Fcategories&post=35375"},{"taxonomy":"post_tag","embeddable":true,"href":"https:\/\/mersinkadingazetesi.com\/index.php?rest_route=%2Fwp%2Fv2%2Ftags&post=35375"}],"curies":[{"name":"wp","href":"https:\/\/api.w.org\/{rel}","templated":true}]}}