{"id":35378,"date":"2024-09-22T10:08:31","date_gmt":"2024-09-22T07:08:31","guid":{"rendered":"https:\/\/mersinkadingazetesi.com\/?p=35378"},"modified":"2024-09-22T10:08:31","modified_gmt":"2024-09-22T07:08:31","slug":"mersin-buyuksehir-belediyesi-kadinlarla-daha-guclu","status":"publish","type":"post","link":"https:\/\/mersinkadingazetesi.com\/?p=35378","title":{"rendered":"MERS\u0130N B\u00dcY\u00dcK\u015eEH\u0130R BELED\u0130YES\u0130 KADINLARLA DAHA G\u00dc\u00c7L\u00dc"},"content":{"rendered":"\n<p>Mersin B\u00fcy\u00fck\u015fehir Belediye Ba\u015fkan\u0131 Vahap Se\u00e7er&#8217;in g\u00f6reve geldi\u011fi 2019 y\u0131l\u0131ndan bu yana kad\u0131nlar, B\u00fcy\u00fck\u015fehir&#8217;de ad\u0131ndan daha \u00e7ok s\u00f6z ettirir oldu. Ba\u015fkan Se\u00e7er&#8217;in kad\u0131n istihdam\u0131n\u0131 \u00f6nceleyen politikalar\u0131 sonucunda belediyenin her alan\u0131nda daha \u00e7ok i\u015f imkan\u0131 bulan kad\u0131nlar, azimleri ve i\u015f disiplinleriyle kendi alanlar\u0131nda birbirinden ba\u015far\u0131l\u0131 i\u015flere imza at\u0131yor. B\u00fcy\u00fck\u015fehir ise kad\u0131nlarla daha da g\u00fc\u00e7leniyor.<\/p>\n\n\n\n<p>Daire ba\u015fkan\u0131ndan temizlik personeline, muhabirinden zab\u0131ta memuruna, m\u00fchendisinden itfaiye personeline kadar kad\u0131nlar B\u00fcy\u00fck\u015fehir&#8217;de varl\u0131\u011f\u0131n\u0131 hissettiriyor ve cinsiyetleriyle de\u011fil, i\u015fleriyle \u00f6ne \u00e7\u0131k\u0131yor. Mersin B\u00fcy\u00fck\u015fehir Belediyesi ise, b\u00fcnyesinde \u00e7al\u0131\u015fan binlerce kad\u0131n ile Mersin&#8217;e hizmet etmeye devam ediyor.<\/p>\n\n\n\n<p><strong>Koordinat\u00f6r \u00d6zd\u00fclger: &#8220;Kad\u0131n\u0131n g\u00fcc\u00fcn\u00fcn fark edilmesi takdire \u015fayan&#8221;<\/strong><\/p>\n\n\n\n<p>K\u00fclt\u00fcr ve Sosyal \u0130\u015fler Dairesi Ba\u015fkanl\u0131\u011f\u0131 Koordinat\u00f6r\u00fc ve Opera Sanat\u00e7\u0131s\u0131 Bengi \u0130spir \u00d6zd\u00fclger, 4,5 y\u0131ld\u0131r B\u00fcy\u00fck\u015fehir Belediyesi&#8217;nde b\u00fcy\u00fck bir keyif ve mutluluk i\u00e7erisinde \u00e7al\u0131\u015ft\u0131\u011f\u0131n\u0131 s\u00f6yledi. Bu mutlulukta, cinsiyet e\u015fitli\u011fi g\u00f6zeten Ba\u015fkan Se\u00e7er&#8217;le \u00e7al\u0131\u015fman\u0131n pay\u0131n\u0131n b\u00fcy\u00fck oldu\u011funu vurgulayan \u00d6zd\u00fclger,&nbsp;<strong>&#8220;Kad\u0131na \u00f6ncelik tan\u0131nmas\u0131, kad\u0131n\u0131n g\u00fcc\u00fcn\u00fcn fark edilip kad\u0131nla beraber yol y\u00fcr\u00fcme iste\u011fi ve gayreti takdire \u015fayan. Biz B\u00fcy\u00fck\u015fehir&#8217;de kad\u0131n, erkek t\u00fcm \u00e7al\u0131\u015fma arkada\u015flar\u0131m\u0131zla beraber, g\u00fczel ba\u015far\u0131lara imza atma gayreti i\u00e7erisindeyiz ve bunun sonucunu alman\u0131n da ayr\u0131 bir mutlulu\u011funu ya\u015f\u0131yoruz.<\/strong>&nbsp;<strong>Mersin; kad\u0131nlarla, kad\u0131n\u0131n \u00fcretkenli\u011fiyle ve \u00e7al\u0131\u015fkanl\u0131\u011f\u0131yla g\u00fczel&#8221;<\/strong>&nbsp;dedi.<\/p>\n\n\n\n<p><strong>Kaptan Teymur: &#8220;B\u00fcy\u00fck\u015fehir&#8217;de cinsiyetimle de\u011fil, mesle\u011fimle ve i\u015fg\u00fcc\u00fcmle de\u011fer g\u00f6r\u00fcyorum&#8221;<\/strong><\/p>\n\n\n\n<p>B\u00fcy\u00fck\u015fehir Belediyesi \u00c7evre Koruma ve Kontrol Dairesi Ba\u015fkanl\u0131\u011f\u0131 Denizcilik Hizmetleri ve \u015eube M\u00fcd\u00fcrl\u00fc\u011f\u00fc&#8217;nde kaptan olarak \u00e7al\u0131\u015fan Pelin Teymur, B\u00fcy\u00fck\u015fehir&#8217;de her birimde kad\u0131n istihdam\u0131n\u0131 g\u00f6rd\u00fcklerini s\u00f6yleyerek,&nbsp;<strong>&#8220;Ben Belediyemizin tek kad\u0131n kaptan\u0131y\u0131m. Toplumda cinsiyetle alakal\u0131 ciddi bask\u0131lar var. Ama ben B\u00fcy\u00fck\u015fehir&#8217;de cinsiyetimle, ismimle ya da k\u0131yafetimle de\u011fil; kimli\u011fimle, mesle\u011fimle, unvan\u0131mla ve i\u015fg\u00fcc\u00fcmle de\u011fer g\u00f6r\u00fcyorum ve hi\u00e7bir \u015fekilde cinsiyet ayr\u0131m\u0131n\u0131 hissetmiyorum&#8221;<\/strong>&nbsp;dedi. Kad\u0131n i\u015f g\u00fcc\u00fcn\u00fcn artmas\u0131n\u0131n, toplumsal cinsiyet e\u015fitli\u011fi anlam\u0131nda da \u00e7ok de\u011ferli bir sonu\u00e7 oldu\u011funu vurgulayan Teymur,&nbsp;<strong>&#8220;\u00c7al\u0131\u015fma ortam\u0131m\u0131z kad\u0131na ve erke\u011fe e\u015fit \u015fekilde d\u00fczenlenmi\u015f, e\u015fit \u015fekilde iyile\u015ftirilmi\u015f bir ortam. B\u00fcy\u00fck\u015fehir&#8217;de \u00e7al\u0131\u015fmak ger\u00e7ekten gurur verici&#8221;&nbsp;<\/strong>diye konu\u015ftu.<\/p>\n\n\n\n<p><strong>Muhabir \u00d6zdemir: &#8220;Belediye&#8217;de ad\u0131m\u0131zdan bu kadar s\u00f6z ettirmemiz bizleri mutlu ediyor&#8221;<\/strong><\/p>\n\n\n\n<p>Bas\u0131n Yay\u0131n ve Halkla \u0130li\u015fkiler Dairesi Ba\u015fkanl\u0131\u011f\u0131&#8217;nda muhabir olarak g\u00f6rev yapan Seda \u00d6zdemir,&nbsp;<strong>&#8220;Mersin&#8217;de hizmet verdi\u011fimiz her alanda oldu\u011fu gibi, daire ba\u015fkanl\u0131\u011f\u0131m\u0131zda da kad\u0131nlar olarak s\u00f6z sahibiyiz. B\u00fcy\u00fck\u015fehir \u00e7at\u0131s\u0131 alt\u0131nda, y\u00f6netim kadrosundan en alt kademeye kadar kad\u0131nlar olarak biz var\u0131z ve bu bizim a\u00e7\u0131m\u0131zdan \u00e7ok b\u00fcy\u00fck bir gurur kayna\u011f\u0131. Bizlere bu olana\u011f\u0131 sa\u011flayan Ba\u015fkan\u0131m\u0131z Vahap Se\u00e7er&#8217;e te\u015fekk\u00fcr ediyoruz. G\u00f6reve geldi\u011fi g\u00fcnden bu yana, kad\u0131nlara istihdam alan\u0131nda sa\u011flad\u0131\u011f\u0131 faydalar ve olanaklar \u00e7ok fazla. Kad\u0131nlar olarak B\u00fcy\u00fck\u015fehir \u00e7at\u0131s\u0131 alt\u0131nda g\u00f6rev yapmaktan gurur duyuyoruz&#8221;&nbsp;<\/strong>dedi.<\/p>\n\n\n\n<p>\u00c7al\u0131\u015ft\u0131\u011f\u0131 birimde de kad\u0131n say\u0131s\u0131n\u0131n \u00e7o\u011funlukta oldu\u011fundan s\u00f6z eden \u00d6zdemir,&nbsp;<strong>&#8220;Dairemizde kad\u0131n arkada\u015flar\u0131m\u0131zla omuz omuza \u00e7al\u0131\u015fmak bizleri mutlu ediyor. Kad\u0131nlar\u0131n bu kadar \u00f6tekile\u015ftirilmeye \u00e7al\u0131\u015f\u0131ld\u0131\u011f\u0131 bir toplumda; B\u00fcy\u00fck\u015fehir&#8217;de ad\u0131m\u0131zdan bu kadar s\u00f6z ettirmemiz, ismimizin var olmas\u0131, kad\u0131nlar olarak varl\u0131\u011f\u0131m\u0131z bizleri mutlu ediyor. Mersin B\u00fcy\u00fck\u015fehir, kad\u0131nlarla g\u00fc\u00e7lenerek b\u00fcy\u00fcmeye devam edecek&#8221;&nbsp;<\/strong>ifadelerini kulland\u0131.<\/p>\n\n\n\n<p><strong>Otob\u00fcs \u015eof\u00f6r\u00fc Y\u00fcksel: &#8220;Kad\u0131n isterse, yapamayaca\u011f\u0131 hi\u00e7bir \u015fey yok&#8221;<\/strong><\/p>\n\n\n\n<p>Ula\u015f\u0131m Dairesi Ba\u015fkanl\u0131\u011f\u0131&#8217;nda otob\u00fcs \u015fof\u00f6r\u00fc olarak g\u00f6rev yapan Sultan Y\u00fcksel, Ba\u015fkan Se\u00e7er&#8217;in istihdam konusunda kad\u0131nlara her zaman \u00f6ncelik verdi\u011fini belirterek,&nbsp;<strong>&#8220;Ba\u015fkan\u0131m\u0131za hem kad\u0131nlara \u00f6ncelik verdi\u011fi i\u00e7in, hem de kad\u0131nlar\u0131n ekonomik anlamda \u00f6zg\u00fcrle\u015fmesinin yolunu a\u00e7t\u0131\u011f\u0131 i\u00e7in te\u015fekk\u00fcr etmek istiyorum. Kad\u0131n isterse, yapamayaca\u011f\u0131 hi\u00e7bir \u015fey yoktur. Ben de buna inand\u0131m ve yapabilece\u011fimden emindim, kendime g\u00fcvenim y\u00fcksekti. 2019 y\u0131l\u0131nda ba\u015fvuru yapt\u0131m ve Ba\u015fkan\u0131m\u0131z da kad\u0131nlara \u00f6ncelik verdi\u011fi i\u00e7in i\u015fe al\u0131nd\u0131m<\/strong>&#8221; dedi. Otob\u00fcs \u015fof\u00f6rl\u00fc\u011f\u00fcn\u00fcn; erkeklerle \u00f6zde\u015fle\u015fmi\u015f bir meslek olarak g\u00f6r\u00fcld\u00fc\u011f\u00fcn\u00fc, ancak B\u00fcy\u00fck\u015fehir sayesinde bu alg\u0131y\u0131 k\u0131rd\u0131klar\u0131n\u0131 vurgulayan Y\u00fcksel,&nbsp;<strong>&#8220;Art\u0131k \u015fehrimizde insanlar kad\u0131nlar\u0131 direksiyonda g\u00f6rmeye al\u0131\u015ft\u0131\u011f\u0131 i\u00e7in, ilk girdi\u011fim zamandaki gibi \u015fa\u015fk\u0131n bak\u0131\u015flarla kar\u015f\u0131la\u015fm\u0131yorum&#8221;<\/strong>&nbsp;diye konu\u015ftu. Ba\u015fkan Se\u00e7er&#8217;in g\u00f6reve gelmesiyle birlikte B\u00fcy\u00fck\u015fehir&#8217;de kad\u0131nlar\u0131 daha \u00e7ok g\u00f6rmeye ba\u015flad\u0131klar\u0131n\u0131 s\u00f6yleyen Y\u00fcksel,&nbsp;<strong>&#8220;Kad\u0131n istihdam\u0131na ger\u00e7ekten \u00e7ok \u00f6nem veriyor. Bu gurur verici bir duygu. Kad\u0131n isterse, yapamayaca\u011f\u0131 hi\u00e7bir \u015fey yoktur ve bu konuda Ba\u015fkan\u0131m\u0131z her zaman arkam\u0131zda. Bunu bilmek g\u00fczel&#8221;&nbsp;<\/strong>ifadelerine yer verdi.<\/p>\n\n\n\n<p><strong>Temizlik Personeli T\u00fcrben: &#8220;Ba\u015fkan\u0131m\u0131z\u0131n, kad\u0131nlara verdi\u011fi destekle buraday\u0131z&#8221;<\/strong><\/p>\n\n\n\n<p>\u00c7evre Koruma ve Kontrol Dairesi Ba\u015fkanl\u0131\u011f\u0131&#8217;nda S\u00fcp\u00fcrge Arac\u0131 kullanan G\u00fcls\u00fcm Buko T\u00fcrben, i\u015fini severek ve gururla yapt\u0131\u011f\u0131n\u0131 belirtti. Kendisine b\u00f6yle bir imk\u00e2n\u0131 tan\u0131d\u0131\u011f\u0131 i\u00e7in Ba\u015fkan Se\u00e7er&#8217;e te\u015fekk\u00fcr eden T\u00fcrben,&nbsp;<strong>&#8221;&nbsp;<em>&#8216;Kad\u0131n bunu yapamaz&#8217;&nbsp;<\/em>diyen herkese, azmimizi ve \u00e7abam\u0131z\u0131 g\u00f6steriyoruz&#8221;<\/strong>&nbsp;dedi. B\u00fcy\u00fck\u015fehir&#8217;de i\u015fe ba\u015flama s\u00fcrecini anlatan T\u00fcrben,&nbsp;<strong>&#8220;1,5 y\u0131l s\u00fcp\u00fcrgecilik yapt\u0131m. Yaparken de yan\u0131mdan bu kamyon ge\u00e7iyordu. Dedim ki,&nbsp;<em>&#8216;Ben de bu arabay\u0131 s\u00fcrebilirim.&#8217;<\/em>&nbsp;Gittim s\u00f6yledim ve ba\u015fkan\u0131m\u0131zla konu\u015ftuk. \u00d6nceden trakt\u00f6r, pikap kullan\u0131yordum, ama bu arac\u0131 hi\u00e7 kullanmam\u0131\u015ft\u0131m. Kendime \u00f6zg\u00fcvenim vard\u0131, yapabilece\u011fimi d\u00fc\u015f\u00fcn\u00fcyordum. Onlar da talebimi geri \u00e7evirmediler. Sonu\u00e7ta 3,5 y\u0131ld\u0131r bu kamyonu kullan\u0131yorum&#8221;&nbsp;<\/strong>diye konu\u015ftu. Kendisini s\u00fcp\u00fcrge kamyonunda g\u00f6renlerin ilk ba\u015flarda \u00e7ok \u015fa\u015f\u0131rd\u0131\u011f\u0131n\u0131, ancak al\u0131\u015ft\u0131klar\u0131n\u0131 s\u00f6yleyen T\u00fcrben,&nbsp;<strong>&#8220;\u00c7ok g\u00fczel bir duygu. Yapamay\u0131z diye bir \u015fey yok. Bana yard\u0131mc\u0131 olan Ba\u015fkan\u0131m\u0131zdan Allah raz\u0131 olsun. Kad\u0131nlara destek verdi ve elimizden tuttu, bize g\u00fcvendi. Ona \u00e7ok te\u015fekk\u00fcr ediyorum&#8221;<\/strong>&nbsp;dedi.<\/p>\n\n\n\n<p><strong>Zab\u0131ta \u00c7etin: &#8220;Her yerde kad\u0131n \u00e7al\u0131\u015fan oldu\u011funu g\u00f6rmek bizleri mutlu ediyor&#8221;<\/strong><\/p>\n\n\n\n<p>Mersin B\u00fcy\u00fck\u015fehir Belediyesi Zab\u0131ta Dairesi Ba\u015fkanl\u0131\u011f\u0131&#8217;nda g\u00f6rev yapan Song\u00fcl \u00c7etin, mesle\u011fini g\u00f6n\u00fcl vererek s\u00fcrd\u00fcrd\u00fc\u011f\u00fcn\u00fc ifade etti. B\u00fcy\u00fck\u015fehir Belediyesi \u00e7at\u0131s\u0131 alt\u0131nda \u00e7al\u0131\u015fmaktan dolay\u0131 olduk\u00e7a mutlu ve memnun oldu\u011funu kaydeden \u00c7etin,&nbsp;<strong>&#8220;Ba\u015fkan\u0131m\u0131z Vahap Se\u00e7er&#8217;in kad\u0131nlara verdi\u011fi de\u011fer tart\u0131\u015f\u0131lmaz. Mesle\u011fim dolay\u0131s\u0131 ile devaml\u0131 dola\u015ft\u0131\u011f\u0131m i\u00e7in, her yerde kad\u0131n \u00e7al\u0131\u015fan oldu\u011funu g\u00f6rmek bizleri mutlu ediyor. Ba\u015fkan\u0131m\u0131zla \u00e7al\u0131\u015fmak onur ve gurur verici. Hep sahaday\u0131z ve erkeklerle ayn\u0131 \u015fartlar alt\u0131nda \u00e7al\u0131\u015f\u0131yoruz. \u0130\u015f arkada\u015flar\u0131mdan, zab\u0131ta te\u015fkilat\u0131m\u0131zdan ve Ba\u015fkan\u0131m\u0131zdan \u00e7ok memnunuz. Memnuniyetle de \u00e7al\u0131\u015f\u0131yoruz&#8221;<\/strong>&nbsp;ifadelerini kulland\u0131.<\/p>\n\n\n\n<p><strong>\u00d6\u011fretmen<\/strong>&nbsp;<strong>Karabuber: &#8220;Mersin B\u00fcy\u00fck\u015fehir&#8217;de kad\u0131n olmak ger\u00e7ekten avantajl\u0131&#8221;<\/strong><\/p>\n\n\n\n<p>Mersin B\u00fcy\u00fck\u015fehir Belediyesi E\u011fitim ve \u00d6\u011fretimi Destekleme Kurs Merkezi&#8217;nde Edebiyat \u00d6\u011fretmeni olarak g\u00f6rev yapan Deniz Karabuber, 5 y\u0131ld\u0131r B\u00fcy\u00fck\u015fehir \u00e7at\u0131s\u0131 alt\u0131nda g\u00f6rev yapt\u0131\u011f\u0131ndan bahsederek, i\u015fe al\u0131m s\u00fcrecinin de adil bir \u015fekilde ger\u00e7ekle\u015fti\u011finden s\u00f6z etti. Karabuber, B\u00fcy\u00fck\u015fehir&#8217;de \u00e7al\u0131\u015fmaktan duydu\u011fu memnuniyeti ifade ederek,&nbsp;<strong>&#8220;B\u00fcy\u00fck\u015fehir&#8217;de \u00e7al\u0131\u015fman\u0131n pozitif ayr\u0131mc\u0131l\u0131k m\u0131 dersiniz bilmiyorum ama, ciddi anlamda art\u0131lar\u0131n\u0131 g\u00f6r\u00fcyorum. E\u015fit \u015fartlarda, e\u015fit maa\u015f anlay\u0131\u015f\u0131yla \u00e7al\u0131\u015f\u0131yoruz. Mersin B\u00fcy\u00fck\u015fehir&#8217;de kad\u0131n olmak ger\u00e7ekten avantajl\u0131&#8221;&nbsp;<\/strong>dedi ve belediyenin her biriminde kad\u0131n \u00e7al\u0131\u015fanlar\u0131n var olmas\u0131ndan dolay\u0131 ya\u015fad\u0131\u011f\u0131 mutlulu\u011fu ifade etti. Ba\u015fkan Se\u00e7er&#8217;in kad\u0131nlara sa\u011flad\u0131\u011f\u0131 pozitif ayr\u0131mc\u0131l\u0131k konusunda da de\u011ferlendirmeler yapan Karabuber,&nbsp;<strong>&#8220;Kad\u0131nlar\u0131n i\u015fg\u00fcc\u00fcne kat\u0131lmas\u0131n\u0131 sa\u011flamas\u0131, asl\u0131nda \u00e7ok b\u00fcy\u00fck avantaj.&nbsp;<em>&#8216;Erkek i\u015fi&#8217;<\/em>&nbsp;denilip yap\u0131lamayan pek \u00e7ok i\u015f, kad\u0131n\u0131n da g\u00fcc\u00fcn\u00fc g\u00f6stermesi a\u00e7\u0131s\u0131ndan \u00e7ok \u00f6nemli. Bu pozitif ayr\u0131mc\u0131l\u0131\u011f\u0131 bize sa\u011flad\u0131\u011f\u0131 i\u00e7in Ba\u015fkan\u0131m\u0131za \u00e7ok te\u015fekk\u00fcr ediyorum. Umar\u0131m daha \u00e7ok kad\u0131n\u0131n aktif oldu\u011fu bir \u015fehir oluruz&#8221;&nbsp;<\/strong>diye konu\u015ftu.<\/p>\n\n\n\n<p><strong>A\u015f\u00e7\u0131 K\u0131z\u0131lbay: &#8220;\u00d6zel sekt\u00f6rde \u00e7ok fazla ayr\u0131mc\u0131l\u0131k ya\u015fam\u0131\u015ft\u0131m&#8221;<\/strong><\/p>\n\n\n\n<p>Mersin B\u00fcy\u00fck\u015fehir Belediyesi Sosyal Hizmetler Dairesi Ba\u015fkanl\u0131\u011f\u0131&#8217;na ba\u011fl\u0131 A\u015fhane&#8217;de ustaba\u015f\u0131 olarak g\u00f6rev yapan Nuriye K\u0131z\u0131lbay, \u00e7al\u0131\u015fma tempolar\u0131 hakk\u0131ndabilgi verdi. B\u00fcy\u00fck\u015fehir&#8217;de \u00e7al\u0131\u015fman\u0131n kendisi i\u00e7in \u00e7ok g\u00fczel bir duygu oldu\u011funu dile getiren K\u0131z\u0131lbay,&nbsp;<strong>&#8220;\u00d6zellikle maddi imkan\u0131 olmayan insanlara hizmet vermek, benim i\u00e7in gurur verici. \u0130\u015fimi \u00e7ok severek yap\u0131yorum. Biz kad\u0131nlar \u00e7o\u011fu yerde, \u00f6zellikle de \u00f6zel sekt\u00f6rde \u00e7al\u0131\u015ft\u0131\u011f\u0131m\u0131zda \u00e7ok fazla zorlan\u0131yoruz. Belediye bizim i\u00e7in bir ayr\u0131cal\u0131k.&nbsp;&nbsp;Vahap Ba\u015fkan\u0131m\u0131z \u00e7ok farkl\u0131 birisi.&nbsp;<em>&#8216;Kad\u0131n&#8217;<\/em>&nbsp;dendi\u011fi zaman, O&#8217;nun i\u00e7in her \u015fey bitmi\u015ftir. Bize hak verip, \u00f6nem vermesi benim i\u00e7in \u00e7ok g\u00fczel bir duygu. Daha \u00f6nce \u00e7al\u0131\u015ft\u0131\u011f\u0131m \u00f6zel sekt\u00f6rde \u00e7ok fazla ayr\u0131mc\u0131l\u0131k ya\u015fam\u0131\u015ft\u0131m, ama burada tam aksine kad\u0131n oldu\u011fum i\u00e7in daha k\u0131ymetliyim&#8221;&nbsp;<\/strong>ifadelerine yer verdi.<\/p>\n\n\n\n<p><strong>Hem\u015fire \u00c7a\u011fatay: &#8220;Belediye kad\u0131nlarla g\u00fc\u00e7l\u00fcd\u00fcr&#8221;<\/strong><\/p>\n\n\n\n<p>Mersin B\u00fcy\u00fck\u015fehir Belediyesi Sa\u011fl\u0131k \u0130\u015fleri Dairesi Ba\u015fkanl\u0131\u011f\u0131 Evde Sa\u011fl\u0131k ve Bak\u0131m Birimi&#8217;nde hem\u015fire olarak g\u00f6rev yapan Berfin \u00c7a\u011fatay, B\u00fcy\u00fck\u015fehir Belediyesi&#8217;nde 5 y\u0131ld\u0131r g\u00f6rev yapt\u0131\u011f\u0131ndan s\u00f6z ederek,&nbsp;<strong>&#8220;Yatalak ve hastaneye gidemeyecek durumda olan hastalar\u0131m\u0131za pansuman, enjeksiyon, serum takma gibi hizmetler veriyoruz&#8221;&nbsp;<\/strong>dedi. Son 5 y\u0131ld\u0131r B\u00fcy\u00fck\u015fehir \u00e7at\u0131s\u0131 alt\u0131nda kad\u0131nlar\u0131n say\u0131s\u0131nda ya\u015fanan art\u0131\u015f\u0131n kendileri i\u00e7in gurur verici oldu\u011fundan s\u00f6z ederek, B\u00fcy\u00fck\u015fehir&#8217;de \u00e7al\u0131\u015ft\u0131\u011f\u0131 i\u00e7in duydu\u011fu mutlulu\u011fu ifade eden \u00c7a\u011fatay,<strong>&nbsp;&#8220;Kad\u0131nlar\u0131n her yerde \u00e7al\u0131\u015fmas\u0131, bizler i\u00e7in gurur verici bir durum. 5 y\u0131ld\u0131r sa\u011f\u0131m\u0131z, solumuz her yerimiz biz kad\u0131nlarla dolu ve bu bizi mutlu ediyor. Belediye kad\u0131nlarla g\u00fc\u00e7l\u00fcd\u00fcr&#8221;&nbsp;<\/strong>ifadelerini kulland\u0131.<\/p>\n\n\n\n<p><strong>Ses Sanat\u00e7\u0131s\u0131 Akdo\u011fan: &#8220;Sevdi\u011fim i\u015fi yap\u0131yorum ve \u00e7ok mutluyum&#8221;<\/strong><\/p>\n\n\n\n<p>2019 y\u0131l\u0131ndan bu yana Mersin B\u00fcy\u00fck\u015fehir Belediyesi T\u00fcrk M\u00fczi\u011fi Toplulu\u011fu&#8217;nda solist olarak g\u00f6rev yapan \u00c7i\u011fdem Akdo\u011fan,&nbsp;<strong>&#8220;Benim as\u0131l hik\u00e2yem, 2019&#8217;da \u00c7evre Koruma ve Kontrol Dairesi Ba\u015fkanl\u0131\u011f\u0131&#8217;na 100 kad\u0131n personel al\u0131m\u0131yla ba\u015flad\u0131. Yakla\u015f\u0131k 1,5 y\u0131l \u00c7evre Koruma ve Kontrol Dairesi&#8217;nde \u00e7al\u0131\u015fman\u0131n ard\u0131ndan, K\u00fclt\u00fcr ve Sosyal \u0130\u015fler Dairesi Ba\u015fkanl\u0131\u011f\u0131&#8217;n\u0131n a\u00e7m\u0131\u015f oldu\u011fu solist al\u0131m\u0131na ba\u015fvurdum, kazand\u0131m ve devam ediyorum. \u00c7ok mutluyum. \u00c7\u00fcnk\u00fc severek yapt\u0131\u011f\u0131m bir i\u015f&#8221;&nbsp;<\/strong>dedi. Ba\u015fkan Se\u00e7er&#8217;e kendilerine sundu\u011fu imkanlar i\u00e7in te\u015fekk\u00fcr eden ve kad\u0131nlar\u0131n i\u015f hayat\u0131nda g\u00f6r\u00fcn\u00fcr olmas\u0131n\u0131n verdi\u011fi gururdan s\u00f6z eden Akdo\u011fan,&nbsp;<strong>&#8220;\u0130stiyorum ki, kad\u0131nlar her alanda ba\u015far\u0131l\u0131 olsun. Buna y\u00f6nelik de Mersin B\u00fcy\u00fck\u015fehir Belediyesi, kad\u0131n istihdam\u0131na dayal\u0131 gerekli al\u0131mlar\u0131 yap\u0131yor ve bu y\u00f6nden \u00e7ok mutluyum&#8221;&nbsp;<\/strong>diye duygular\u0131n\u0131 ifade etti.<\/p>\n\n\n\n<p><strong>Hayvan Bak\u0131c\u0131s\u0131 Kaya: &#8220;Burada ayr\u0131m, e\u015fitsizlik ve ataerkil bir sistem yok&#8221;<\/strong><\/p>\n\n\n\n<p>Tar\u0131msal Hizmetler Dairesi Ba\u015fkanl\u0131\u011f\u0131 b\u00fcnyesinde hizmet veren Ka\u015fl\u0131 Ge\u00e7ici Hayvan Bak\u0131mevi ve Rehabilitasyon Merkezi&#8217;nde hayvan bak\u0131c\u0131s\u0131 olarak g\u00f6rev yapan Yaren Kaya, bak\u0131mevinde daha \u00f6nce g\u00f6n\u00fcll\u00fc olarak \u00e7al\u0131\u015ft\u0131\u011f\u0131n\u0131 ve sonras\u0131nda ise \u00e7al\u0131\u015fmak istedi\u011fi yerin buras\u0131 oldu\u011funa karar verdi\u011fini anlatt\u0131. B\u00fcy\u00fck\u015fehir&#8217;de \u00e7al\u0131\u015fmaktan \u00e7ok memnun oldu\u011funu vurgulayan Kaya,&nbsp;<strong>&#8220;\u00c7\u00fcnk\u00fc burada ayr\u0131m, e\u015fitsizlik ve ataerkil bir sistem yok. Kad\u0131n olarak fikirlerimize sayg\u0131 var. Bu y\u00fczden burada \u00e7al\u0131\u015fmaktan \u00e7ok memnunum&#8221;<\/strong>&nbsp;dedi.<\/p>\n\n\n\n<p><strong>Kasiyer Can: &#8220;B\u00fcy\u00fck\u015fehir&#8217;de her alanda e\u015fitli\u011fi g\u00f6rd\u00fcm&#8221;<\/strong><\/p>\n\n\n\n<p>Mersin B\u00fcy\u00fck\u015fehir Belediyesi&#8217;nin kafelerinden biri olan Belediye Kafe&#8217;de kasiyer olarak g\u00f6rev yapan K\u00fcbra Can, yakla\u015f\u0131k 3 y\u0131ld\u0131r Mersin B\u00fcy\u00fck\u015fehir&#8217;de \u00e7al\u0131\u015ft\u0131\u011f\u0131n\u0131 aktard\u0131. Bir kad\u0131n olarak kad\u0131n ve erke\u011fin e\u015fit oldu\u011fu bir belediyede \u00e7al\u0131\u015fman\u0131n, kendisi i\u00e7in \u00e7ok g\u00fczel bir duygu oldu\u011funu belirten Can,&nbsp;<strong>&#8220;Gurur verici, huzurluyum ve mutluyum. Her \u015fey \u00e7ok g\u00fczel ilerliyor. Herkes gibi \u00e7ekingenli\u011fim vard\u0131, ama ba\u015flad\u0131ktan sonra o korkuyu atlatt\u0131m. \u00c7\u00fcnk\u00fc e\u015fitli\u011fi, e\u015fitlik \u00fczerinde \u00e7al\u0131\u015fmay\u0131 ve ayr\u0131m yap\u0131lmad\u0131\u011f\u0131n\u0131 g\u00f6rd\u00fcm. Erkek nas\u0131lsa, kad\u0131n\u0131n da o \u015fekilde \u00e7al\u0131\u015ft\u0131\u011f\u0131n\u0131 g\u00f6rd\u00fcm. Benim i\u00e7in \u00e7ok g\u00fczel bir \u015fey ve belediyede \u00e7al\u0131\u015ft\u0131\u011f\u0131m i\u00e7in hi\u00e7 pi\u015fman de\u011filim. Bizi hor g\u00f6rmeyip, d\u0131\u015flamay\u0131p, kad\u0131n ve erke\u011fi e\u015fit olarak g\u00f6rmesi, hatta bize daha ba\u011f\u0131ml\u0131 olmas\u0131, tabi ki bizim i\u00e7in gurur verici bir \u015fey&#8221;<\/strong>&nbsp;dedi.<\/p>\n\n\n\n<p><strong>\u0130tfaiyeci Ehliz: &#8220;Kad\u0131n itfaiyeci olmak \u00e7ok g\u00fczel bir duygu&#8221;<\/strong><\/p>\n\n\n\n<p>Elif Beyza Ehliz ise \u0130tfaiye Dairesi Ba\u015fkanl\u0131\u011f\u0131&#8217;nda kad\u0131n itfaiye personeli olarak g\u00f6rev yap\u0131yor. Kad\u0131n itfaiyeci olarak \u00e7ok g\u00fczel tepkiler ald\u0131\u011f\u0131n\u0131 s\u00f6yleyen Ehliz,&nbsp;<strong>&#8220;Kad\u0131n itfaiyeci olmak \u00e7ok g\u00fczel bir duygu. Al\u0131\u015f\u0131lagelmi\u015f bir \u015fey olmad\u0131\u011f\u0131 i\u00e7in, d\u0131\u015far\u0131da \u00e7ok g\u00fczel tepkiler al\u0131yoruz. Tarif edilmez bir duygu. Hayvanlara, insanlara, b\u00fct\u00fcn canlara yard\u0131mc\u0131 olmak \u00e7ok g\u00fczel bir \u015fey. Kad\u0131n erkek fark etmeksizin, yanlar\u0131nda oldu\u011fumuzu bilmeleri benim ad\u0131ma \u00e7ok k\u0131ymetli&#8221;<\/strong>&nbsp;dedi.<\/p>\n\n\n\n<p><strong>Dikim personeli Aydo\u011fan: &#8220;Kad\u0131n\u0131n kendi ayaklar\u0131 \u00fczerinde durabilmesi \u00e7ok k\u0131ymetli&#8221;<\/strong><\/p>\n\n\n\n<p>B\u00fcy\u00fck\u015fehir Belediyesi&#8217;nde Park ve Bah\u00e7eler Dairesi&#8217;nde \u00e7i\u00e7ek ve bitki dikim personeli olarak g\u00f6rev yapan Hatun Aydo\u011fan da, B\u00fcy\u00fck\u015fehir Belediyesi&#8217;nde i\u015fini severek yapan kad\u0131n personelden yaln\u0131zca biri. Aydo\u011fan, duygu ve d\u00fc\u015f\u00fcncelerini,&nbsp;<strong>&#8220;Kad\u0131nlara bu f\u0131rsat\u0131 verdi\u011fi i\u00e7in, Vahap Ba\u015fkan\u0131m\u0131za te\u015fekk\u00fcr ederim. Bir kad\u0131n\u0131n kendi ayaklar\u0131 \u00fczerinde durabilmesi kadar g\u00fczel bir \u015fey yok. 8 ayd\u0131r belediyede \u00e7al\u0131\u015f\u0131yorum. Ben k\u00f6yl\u00fc oldu\u011fum i\u00e7in ve bu i\u015fi de bildi\u011fim i\u00e7in zor gelmedi. Hem e\u015fime destek oluyorum, hem de \u00e7ocuklar\u0131m\u0131 daha rahat okutabiliyorum&#8221;<\/strong>&nbsp;c\u00fcmleleriyle anlatt\u0131.<\/p>\n\n\n\n<p><strong>M\u00fchendis Ayg\u00fcl: &#8220;Kad\u0131n her yerde, kad\u0131n\u0131n g\u00fcc\u00fc her yerde&#8221;<\/strong><\/p>\n\n\n\n<p>\u0130n\u015faat M\u00fchendisi Damla Ayg\u00fcl de Mersin B\u00fcy\u00fck\u015fehir Belediyesi&#8217;nde \u00e7al\u0131\u015fmaktan duydu\u011fu memnuniyeti,&nbsp;<strong>&#8220;\u00c7\u00fcnk\u00fc insanlar\u0131n, b\u00fct\u00fcn canl\u0131lar\u0131n hayat\u0131na dokunuyoruz. \u015eu an mesela bir \u00e7ocuk geli\u015fim merkezi \u015fantiyesindeyiz. Ben in\u015faat m\u00fchendisi olman\u0131n yan\u0131 s\u0131ra bir anneyim. Annelerin en b\u00fcy\u00fck kayg\u0131s\u0131 \u00e7ocuklar\u0131n\u0131 g\u00fcn i\u00e7erisinde g\u00fcvenilir ellere teslim ederek mesleklerini yapabilmeleri. Bu tarz projelerin i\u00e7erisinde yer ald\u0131\u011f\u0131m i\u00e7in \u00e7ok memnunum&#8221;&nbsp;<\/strong>c\u00fcmleleriyle dile getirdi. B\u00fcy\u00fck\u015fehir&#8217;de kad\u0131n \u00e7al\u0131\u015fanlar\u0131n say\u0131s\u0131n\u0131n fazla olmas\u0131n\u0131n kendisini mutlu etti\u011fini kaydeden Ayg\u00fcl,&nbsp;<strong>&#8220;Bu beni inan\u0131lmaz mutlu ediyor. Vahap Ba\u015fkan\u0131m\u0131za bu konuda te\u015fekk\u00fcr ediyorum. Kad\u0131n her yerde, kad\u0131n\u0131n g\u00fcc\u00fc her yerde&#8221;&nbsp;<\/strong>diye konu\u015ftu.<\/p>\n","protected":false},"excerpt":{"rendered":"<p>Mersin B\u00fcy\u00fck\u015fehir Belediye Ba\u015fkan\u0131 Vahap Se\u00e7er&#8217;in g\u00f6reve geldi\u011fi 2019 y\u0131l\u0131ndan bu yana kad\u0131nlar, B\u00fcy\u00fck\u015fehir&#8217;de ad\u0131ndan daha \u00e7ok s\u00f6z ettirir oldu. Ba\u015fkan Se\u00e7er&#8217;in kad\u0131n istihdam\u0131n\u0131 \u00f6nceleyen politikalar\u0131 sonucunda belediyenin her alan\u0131nda daha \u00e7ok i\u015f imkan\u0131 bulan kad\u0131nlar, azimleri ve i\u015f disiplinleriyle kendi alanlar\u0131nda birbirinden ba\u015far\u0131l\u0131 i\u015flere imza at\u0131yor. B\u00fcy\u00fck\u015fehir ise kad\u0131nlarla daha da g\u00fc\u00e7leniyor. Daire ba\u015fkan\u0131ndan [&hellip;]<\/p>\n","protected":false},"author":2,"featured_media":35379,"comment_status":"closed","ping_status":"closed","sticky":false,"template":"","format":"standard","meta":{"footnotes":""},"categories":[34,1,2,3,5],"tags":[],"class_list":["post-35378","post","type-post","status-publish","format-standard","has-post-thumbnail","hentry","category-flas-haber","category-genel","category-gundem","category-manset","category-mersin"],"views":53,"_links":{"self":[{"href":"https:\/\/mersinkadingazetesi.com\/index.php?rest_route=\/wp\/v2\/posts\/35378"}],"collection":[{"href":"https:\/\/mersinkadingazetesi.com\/index.php?rest_route=\/wp\/v2\/posts"}],"about":[{"href":"https:\/\/mersinkadingazetesi.com\/index.php?rest_route=\/wp\/v2\/types\/post"}],"author":[{"embeddable":true,"href":"https:\/\/mersinkadingazetesi.com\/index.php?rest_route=\/wp\/v2\/users\/2"}],"replies":[{"embeddable":true,"href":"https:\/\/mersinkadingazetesi.com\/index.php?rest_route=%2Fwp%2Fv2%2Fcomments&post=35378"}],"version-history":[{"count":1,"href":"https:\/\/mersinkadingazetesi.com\/index.php?rest_route=\/wp\/v2\/posts\/35378\/revisions"}],"predecessor-version":[{"id":35380,"href":"https:\/\/mersinkadingazetesi.com\/index.php?rest_route=\/wp\/v2\/posts\/35378\/revisions\/35380"}],"wp:featuredmedia":[{"embeddable":true,"href":"https:\/\/mersinkadingazetesi.com\/index.php?rest_route=\/wp\/v2\/media\/35379"}],"wp:attachment":[{"href":"https:\/\/mersinkadingazetesi.com\/index.php?rest_route=%2Fwp%2Fv2%2Fmedia&parent=35378"}],"wp:term":[{"taxonomy":"category","embeddable":true,"href":"https:\/\/mersinkadingazetesi.com\/index.php?rest_route=%2Fwp%2Fv2%2Fcategories&post=35378"},{"taxonomy":"post_tag","embeddable":true,"href":"https:\/\/mersinkadingazetesi.com\/index.php?rest_route=%2Fwp%2Fv2%2Ftags&post=35378"}],"curies":[{"name":"wp","href":"https:\/\/api.w.org\/{rel}","templated":true}]}}