{"id":35384,"date":"2024-09-22T10:16:22","date_gmt":"2024-09-22T07:16:22","guid":{"rendered":"https:\/\/mersinkadingazetesi.com\/?p=35384"},"modified":"2024-09-22T10:16:22","modified_gmt":"2024-09-22T07:16:22","slug":"kim-toroslarin-neyini-calmissa-geri-alacagiz","status":"publish","type":"post","link":"https:\/\/mersinkadingazetesi.com\/?p=35384","title":{"rendered":"\u201cK\u0130M TOROSLAR\u2019IN NEY\u0130N\u0130 \u00c7ALMI\u015eSA GER\u0130 ALACA\u011eIZ\u201d"},"content":{"rendered":"\n<p>Toroslar Belediye Ba\u015fkan\u0131 Abdurrahman Y\u0131ld\u0131z, il\u00e7enin zenginliklerinin, kaynaklar\u0131n\u0131n bug\u00fcne kadar do\u011fru kullan\u0131lmad\u0131\u011f\u0131n\u0131, de\u011ferli varl\u0131klar\u0131n\u0131n birilerine pe\u015fke\u015f \u00e7ekildi\u011fini belirterek \u201c\u015eimdi bunlar\u0131n hepsini toparl\u0131yoruz. Bug\u00fcne kadar kim Toroslar\u2019\u0131n neyini \u00e7alm\u0131\u015fsa hepsinin burnundan da fitil fitil getirerek Toroslar\u2019\u0131n m\u00fclklerini geri alaca\u011f\u0131z. Bunlar\u0131 Toroslar halk\u0131n\u0131n emrine sunaca\u011f\u0131z. Temizlik \u00e7al\u0131\u015fmalar\u0131m\u0131zda, sosyal \u00e7al\u0131\u015fmalar\u0131m\u0131zda, yol ve asfalt \u00e7al\u0131\u015fmalar\u0131m\u0131zda kullanaca\u011f\u0131z\u201d dedi.<\/p>\n\n\n\n<p>31 Mart 2024 Se\u00e7imlerinde g\u00f6reve gelir gelmez mahallelerdeki temizlik sorununu \u00e7\u00f6zmek ve yurtta\u015flarla temizlik konusunda dayan\u0131\u015fma \u00f6rmek i\u00e7in \u201cMahallede Temizlik Var\u201d kampanyas\u0131n\u0131 ba\u015flatan Toroslar Belediye Ba\u015fkan\u0131 Abdurrahman Y\u0131ld\u0131z, kampanyan\u0131n dokuzuncu haftas\u0131nda da sokaklardayd\u0131.<\/p>\n\n\n\n<p>\u0130\u015f\u00e7ilerle, belediye meclis \u00fcyeleri ve yurtta\u015flara birlikte Halkkent Mahallesinde temizlik \u00e7al\u0131\u015fmas\u0131na kat\u0131lan Ba\u015fkan Y\u0131ld\u0131z, yurtta\u015flar\u0131n sorular\u0131n\u0131 da yan\u0131tlad\u0131, taleplerini dinledi.<\/p>\n\n\n\n<p>Ba\u015fkan Y\u0131ld\u0131z, 2025 b\u00fct\u00e7esinde en b\u00fcy\u00fck pay\u0131n temizlik, yol ve asfalt i\u015flerine ayr\u0131laca\u011f\u0131n\u0131 belirterek il\u00e7enin 30 y\u0131ld\u0131r kemikle\u015fen temizlik, yol ve ye\u015fil alanlar sorununun 2025\u2019ten itibaren sorun olmaktan \u00e7\u0131kaca\u011f\u0131n\u0131, bu alandaki i\u015flerin rutine binece\u011fini s\u00f6yledi.<\/p>\n\n\n\n<p><strong>\u201cTEM\u0130ZL\u0130K \u0130\u015eLER\u0130 B\u0130R S\u0130STEME OTURACAK\u201d<\/strong><\/p>\n\n\n\n<p>Toroslar Belediye Ba\u015fkan\u0131 Abdurrahman Y\u0131ld\u0131z, Halkkent Mahallesindeki temizlik \u00e7al\u0131\u015fmas\u0131n\u0131n ard\u0131ndan yapt\u0131\u011f\u0131 a\u00e7\u0131klamada da \u201cToroslar\u0131m\u0131zda bir duyarl\u0131l\u0131k olu\u015fturmak ad\u0131na mahalle mahalle geziyoruz ve kom\u015fular\u0131m\u0131zla birlikte mahallelerimizi temizlemeye \u00e7al\u0131\u015f\u0131yoruz. Bir hassasiyet olu\u015fturmaya \u00e7al\u0131\u015f\u0131yoruz. Her zaman s\u00f6yledi\u011fimiz gibi temiz olman\u0131n birinci ko\u015fulu kirletmemekten ge\u00e7iyor. Konteynerlerimizi do\u011fru kullanmaktan ge\u00e7iyor. Konteynerlerimizin zaman\u0131nda buradan al\u0131nmas\u0131ndan ge\u00e7iyor.&nbsp; Alet edevat say\u0131m\u0131z\u0131, makine say\u0131m\u0131z\u0131, ara\u00e7 say\u0131m\u0131z\u0131 h\u0131zla artt\u0131r\u0131yoruz ve bir program olu\u015fturmaya \u00e7al\u0131\u015f\u0131yoruz. Bug\u00fcne kadar Toroslar&#8217;da bir program dahilinde olmayan b\u00fct\u00fcn i\u015fleri, en ba\u015fta temizlik i\u015flerini, bir sisteme oturtmaya \u00e7al\u0131\u015f\u0131yoruz.&nbsp; Yani siz art\u0131k mahallenize \u00e7\u00f6p arac\u0131n\u0131 ne zaman gelece\u011fini bileceksiniz. \u00c7\u00f6plerinizin ne zaman toplanaca\u011f\u0131n\u0131 bileceksiniz, sokaklar\u0131n\u0131z\u0131n ne zaman s\u00fcp\u00fcr\u00fclece\u011fini bileceksiniz. B\u00f6yle bir sistem olu\u015fturmaya \u00e7al\u0131\u015f\u0131yoruz\u201d ifadelerini kulland\u0131.<\/p>\n\n\n\n<p><strong>\u201c\u00d6Z KAYNAKLARIMIZI ARTIRMAYA \u00c7ALI\u015eIYORUZ\u201d<\/strong><\/p>\n\n\n\n<p>\u00dclkenin i\u00e7inde bulundu\u011fu ekonomik krize ek olarak, h\u00fck\u00fcmetin, geriden gelen bor\u00e7lar nedeniyle belediyenin gelirlerine el koymas\u0131n\u0131n kendilerini zora soktu\u011funu ifade eden Ba\u015fkan Y\u0131ld\u0131z \u015funlar\u0131 s\u00f6yledi:<\/p>\n\n\n\n<p>\u201cBundan sonra kendi \u00f6z kaynaklar\u0131m\u0131z\u0131 anlatmak istiyoruz. Buna ili\u015fkin kafa yoruyoruz. Buna ili\u015fkin ciddi \u00e7al\u0131\u015fmalar yap\u0131yoruz. \u00c7\u00fcnk\u00fc art\u0131k anla\u015f\u0131ld\u0131 ki \u0130ller Bankas\u0131&#8217;ndan gelen paylarla bizim bu kenti y\u00f6netmemiz, bu kente hizmet vermemiz, bu kentin sorunlar\u0131n\u0131 \u00e7\u00f6zmemiz m\u00fcmk\u00fcn de\u011fil. \u00c7\u00fcnk\u00fc zaten merkezi kaynaklardan gelen paralar, \u00f6nemli bir k\u0131sm\u0131 yine merkezi h\u00fck\u00fcmet taraf\u0131ndan kesiliyor.&nbsp; Bir yandan halk\u0131m\u0131z\u0131n her biriyle tek tek bir dayan\u0131\u015fma ili\u015fkisi geli\u015ftirirken bir yandan da kendi kaynaklar\u0131m\u0131z\u0131, \u00f6z kaynaklar\u0131m\u0131z\u0131 \u00e7o\u011faltman\u0131n pe\u015fine d\u00fc\u015ft\u00fck.&nbsp; Bu anlamda bug\u00fcne kadar ihmal edilmi\u015f Toroslar&#8217;\u0131n \u00e7ok ciddi m\u00fclklerinin pe\u015fine d\u00fc\u015ft\u00fck. Asl\u0131nda Toroslar zengin bir il\u00e7e. Toroslar dinamik bir il\u00e7e, Toroslar g\u00fc\u00e7l\u00fc bir il\u00e7e fakat bug\u00fcne kadar ihmal edilmi\u015f olmas\u0131ndan kaynakl\u0131 Toroslar&#8217;\u0131n kendi \u00f6z kaynaklar\u0131, kendi \u00f6z g\u00fcc\u00fc bug\u00fcne kadar yok say\u0131lm\u0131\u015f. \u015eimdi biz \u00f6z kaynaklar\u0131m\u0131z\u0131 art\u0131rmak i\u00e7in, kendi \u00f6z gelirlerimizi art\u0131rmak i\u00e7in bir \u00e7al\u0131\u015fma ba\u015flatt\u0131k.&nbsp; \u00d6ncelikle Toroslar\u0131m\u0131z\u0131n elinde bulunan b\u00fct\u00fcn m\u00fclkleri, Toroslar halk\u0131n\u0131n hizmetine sokmak i\u00e7in \u00e7aba sarf ediyoruz.\u201d<\/p>\n\n\n\n<p><strong>\u201cTOROSLARIN B\u00dcT\u00dcN GEL\u0130R\u0130N\u0130, KAYNA\u011eINI TOROSLAR HALKI \u0130\u00c7\u0130N HARCAYACA\u011eIZ\u201d<\/strong><\/p>\n\n\n\n<p>Ba\u015fkan Y\u0131ld\u0131z, belediyeye ait ta\u015f\u0131nmazlar\u0131n yeniden de\u011ferlendirilmesi, buralardan gelir elde edilmesi, ta\u015f\u0131nmazlar \u00fczerindeki usuls\u00fcz kullan\u0131mlar\u0131n sona erdirilmesi i\u00e7in mahkemelik olduklar\u0131, icra takibi ba\u015flatt\u0131klar\u0131 dosyalar oldu\u011funa i\u015faret etti.<\/p>\n\n\n\n<p>Y\u0131ld\u0131z, \u201cMutlaka Toroslar\u0131n b\u00fct\u00fcn gelirini, kayna\u011f\u0131n\u0131 Toroslar halk\u0131 i\u00e7in harcayaca\u011f\u0131z ve bunun i\u00e7in ne gerekiyorsa, nas\u0131l bir \u00e7al\u0131\u015fma yap\u0131lmas\u0131 gerekiyorsa yapaca\u011f\u0131z. Onun \u00f6tesinde yine ihmal edilmi\u015f imar planlar\u0131ndan kaynakl\u0131 burada Toroslar Belediyesi&#8217;nin, Toroslar halk\u0131n\u0131n m\u00fclk\u00fc g\u00f6zden ka\u00e7\u0131r\u0131lm\u0131\u015f, kaybedilmi\u015f. Bunlar\u0131n yeniden canland\u0131r\u0131lmas\u0131 ve var edilmesi i\u00e7in \u00e7aba sarf ediyoruz.&nbsp; Mevcut kaynaklar\u0131m\u0131z\u0131, mevcut arazilerimizi belli imalatlar yaparak belli zenginlikler olu\u015fturmaya \u00e7al\u0131\u015f\u0131yoruz. Bu kaynaklar\u0131 yine Toros halk\u0131n\u0131n hizmetine sunmak i\u00e7in \u00e7aba sarf ediyoruz\u201d dedi.<\/p>\n\n\n\n<p><strong>&nbsp;<\/strong><strong>\u201cK\u0130M NEY\u0130 \u00c7ALMI\u015eSA GER\u0130 ALACA\u011eIZ\u201d<\/strong><\/p>\n\n\n\n<p>Belediye binas\u0131n\u0131 Halkkent Mahallesindeki Yunus Emre K\u00fclt\u00fcr Merkezine ta\u015f\u0131yacaklar\u0131n\u0131, merkeze ait geni\u015f bir alan\u0131 da imar planlar\u0131na ticaret merkezi olarak i\u015faretleyip al\u0131\u015fveri\u015f merkezi ve ofiskent yat\u0131r\u0131m\u0131na a\u00e7acaklar\u0131n\u0131 belirten Ba\u015fkan Y\u0131ld\u0131z, \u201cBuradan elde etti\u011fimiz gelirle Toroslar halk\u0131na yine ciddi hizmetler sunaca\u011f\u0131z. Bunun \u00e7al\u0131\u015fmas\u0131n\u0131 yap\u0131yoruz. Bununla ilgili \u00f6n g\u00f6r\u00fc\u015fmeler yap\u0131yoruz. Yani Toroslar\u0131n kayna\u011f\u0131n\u0131 Toroslar halk\u0131 i\u00e7in harcayaca\u011f\u0131m\u0131z bir mekanizma kuruyoruz. \u00c7\u00fcnk\u00fc Toroslar dedi\u011fim gibi g\u00fc\u00e7l\u00fc bir il\u00e7e, zengin bir il\u00e7e, dinamik bir il\u00e7e. Sadece k\u00fclt\u00fcrel a\u00e7\u0131dan zengin de\u011fil. Asl\u0131nda iktisat a\u00e7\u0131s\u0131ndan da zengin bir il\u00e7e. Fakat ihmal edilmi\u015f bug\u00fcne kadar b\u00fct\u00fcnl\u00fckleri ya da birilerinin ki\u015fisel hayr\u0131na pe\u015fke\u015f \u00e7ekilmi\u015f. \u015eimdi bunlar\u0131n hepsini biz toparl\u0131yoruz yava\u015f yava\u015f. Ciddi s\u0131k\u0131nt\u0131lar ya\u015fayabiliriz bu anlamda. Ele\u015ftiriler gelebilir. Ama b\u00fct\u00fcn bu ele\u015ftirileri g\u00f6\u011f\u00fcsleyerek bug\u00fcne kadar kim Toroslar\u2019\u0131n neyini \u00e7alm\u0131\u015fsa hepsinin burnundan da fitil fitil getirerek Toroslar\u2019\u0131n m\u00fclklerini geri alaca\u011f\u0131z ve bunu Toroslar halk\u0131n\u0131n emrine sunaca\u011f\u0131z. Temizlik \u00e7al\u0131\u015fmalar\u0131m\u0131zda, sosyal \u00e7al\u0131\u015fmalar\u0131m\u0131zda, yol asfalt \u00e7al\u0131\u015fmalar\u0131m\u0131zda kullanaca\u011f\u0131z\u201d dedi.<\/p>\n\n\n\n<p><strong>MAHALLE MUHTARI \u00c7ET\u0130N: BA\u015eKAN, \u00c7ALI\u015eKAN Y\u00d6R\u00dcK \u00c7OCU\u011eU<\/strong><\/p>\n\n\n\n<p>Halkkent Mahallesi Muhtar\u0131 Mehmet \u00c7etin de mahallede y\u00fcr\u00fct\u00fclen temizlik kampanyas\u0131 dolay\u0131s\u0131yla Ba\u015fkan Y\u0131ld\u0131z\u2019a ve belediye meclis \u00fcyelerine te\u015fekk\u00fcr etti.<\/p>\n\n\n\n<p>Ba\u015fkan Y\u0131ld\u0131z\u2019\u0131n nisan ay\u0131ndan bu yana birka\u00e7 mahallelerine geldi\u011fini ifade eden Muhtar \u00c7etin, \u201cMart ay\u0131nda ba\u015fkan aday\u0131yd\u0131. Nisan\u2019da belediye ba\u015fkan\u0131 oldu. \u015eimdi \u00e7al\u0131\u015fkan Y\u00f6r\u00fck \u00e7ocu\u011fu olarak biliniyor\u201d dedi.<\/p>\n\n\n\n<p><a href=\"https:\/\/toroslar-bld.gov.tr\/upload\/images\/haber\/2024\/2993\/foto%20(1).JPG\"><\/a><\/p>\n","protected":false},"excerpt":{"rendered":"<p>Toroslar Belediye Ba\u015fkan\u0131 Abdurrahman Y\u0131ld\u0131z, il\u00e7enin zenginliklerinin, kaynaklar\u0131n\u0131n bug\u00fcne kadar do\u011fru kullan\u0131lmad\u0131\u011f\u0131n\u0131, de\u011ferli varl\u0131klar\u0131n\u0131n birilerine pe\u015fke\u015f \u00e7ekildi\u011fini belirterek \u201c\u015eimdi bunlar\u0131n hepsini toparl\u0131yoruz. Bug\u00fcne kadar kim Toroslar\u2019\u0131n neyini \u00e7alm\u0131\u015fsa hepsinin burnundan da fitil fitil getirerek Toroslar\u2019\u0131n m\u00fclklerini geri alaca\u011f\u0131z. Bunlar\u0131 Toroslar halk\u0131n\u0131n emrine sunaca\u011f\u0131z. Temizlik \u00e7al\u0131\u015fmalar\u0131m\u0131zda, sosyal \u00e7al\u0131\u015fmalar\u0131m\u0131zda, yol ve asfalt \u00e7al\u0131\u015fmalar\u0131m\u0131zda kullanaca\u011f\u0131z\u201d dedi. 31 Mart [&hellip;]<\/p>\n","protected":false},"author":2,"featured_media":35385,"comment_status":"closed","ping_status":"closed","sticky":false,"template":"","format":"standard","meta":{"footnotes":""},"categories":[1,2,3],"tags":[],"class_list":["post-35384","post","type-post","status-publish","format-standard","has-post-thumbnail","hentry","category-genel","category-gundem","category-manset"],"views":9,"_links":{"self":[{"href":"https:\/\/mersinkadingazetesi.com\/index.php?rest_route=\/wp\/v2\/posts\/35384"}],"collection":[{"href":"https:\/\/mersinkadingazetesi.com\/index.php?rest_route=\/wp\/v2\/posts"}],"about":[{"href":"https:\/\/mersinkadingazetesi.com\/index.php?rest_route=\/wp\/v2\/types\/post"}],"author":[{"embeddable":true,"href":"https:\/\/mersinkadingazetesi.com\/index.php?rest_route=\/wp\/v2\/users\/2"}],"replies":[{"embeddable":true,"href":"https:\/\/mersinkadingazetesi.com\/index.php?rest_route=%2Fwp%2Fv2%2Fcomments&post=35384"}],"version-history":[{"count":1,"href":"https:\/\/mersinkadingazetesi.com\/index.php?rest_route=\/wp\/v2\/posts\/35384\/revisions"}],"predecessor-version":[{"id":35386,"href":"https:\/\/mersinkadingazetesi.com\/index.php?rest_route=\/wp\/v2\/posts\/35384\/revisions\/35386"}],"wp:featuredmedia":[{"embeddable":true,"href":"https:\/\/mersinkadingazetesi.com\/index.php?rest_route=\/wp\/v2\/media\/35385"}],"wp:attachment":[{"href":"https:\/\/mersinkadingazetesi.com\/index.php?rest_route=%2Fwp%2Fv2%2Fmedia&parent=35384"}],"wp:term":[{"taxonomy":"category","embeddable":true,"href":"https:\/\/mersinkadingazetesi.com\/index.php?rest_route=%2Fwp%2Fv2%2Fcategories&post=35384"},{"taxonomy":"post_tag","embeddable":true,"href":"https:\/\/mersinkadingazetesi.com\/index.php?rest_route=%2Fwp%2Fv2%2Ftags&post=35384"}],"curies":[{"name":"wp","href":"https:\/\/api.w.org\/{rel}","templated":true}]}}