{"id":35390,"date":"2024-09-23T12:27:14","date_gmt":"2024-09-23T09:27:14","guid":{"rendered":"https:\/\/mersinkadingazetesi.com\/?p=35390"},"modified":"2024-09-23T12:27:14","modified_gmt":"2024-09-23T09:27:14","slug":"selde-kapanan-yollar-ulasima-acildi","status":"publish","type":"post","link":"https:\/\/mersinkadingazetesi.com\/?p=35390","title":{"rendered":"\u00a0\u00a0\u00a0\u00a0\u00a0 Selde Kapanan Yollar Ula\u015f\u0131ma A\u00e7\u0131ld\u0131"},"content":{"rendered":"\n<p>Mersin ilimize ba\u011fl\u0131, Mut il\u00e7esi, G\u00f6k\u00e7eta\u015f Mahallesinde 19.09.2024 tarihinde \u015fiddetli ya\u011f\u0131\u015flar sonras\u0131nda meydana gelen sel ve heyelan nedeniyle k\u00f6y yolu ula\u015f\u0131ma kapanm\u0131\u015ft\u0131r.<\/p>\n\n\n\n<p>Mersin Orman B\u00f6lge M\u00fcd\u00fcrl\u00fc\u011f\u00fcm\u00fcze ba\u011fl\u0131 Mut Orman \u0130\u015fletme M\u00fcd\u00fcrl\u00fc\u011f\u00fcm\u00fcze ait i\u015f makineleri ile kapanan yollar a\u00e7\u0131lm\u0131\u015f, dere \u0131slah\u0131 yap\u0131lm\u0131\u015f ve k\u00f6yde meydana gelen su bask\u0131n\u0131na m\u00fcdahale edilmi\u015ftir.<\/p>\n\n\n\n<p>Selden etkilenen G\u00f6k\u00e7eta\u015f mahalle sakinlerine ge\u00e7mi\u015f olsun dileklerimizi iletiyoruz.<\/p>\n","protected":false},"excerpt":{"rendered":"<p>Mersin ilimize ba\u011fl\u0131, Mut il\u00e7esi, G\u00f6k\u00e7eta\u015f Mahallesinde 19.09.2024 tarihinde \u015fiddetli ya\u011f\u0131\u015flar sonras\u0131nda meydana gelen sel ve heyelan nedeniyle k\u00f6y yolu ula\u015f\u0131ma kapanm\u0131\u015ft\u0131r. Mersin Orman B\u00f6lge M\u00fcd\u00fcrl\u00fc\u011f\u00fcm\u00fcze ba\u011fl\u0131 Mut Orman \u0130\u015fletme M\u00fcd\u00fcrl\u00fc\u011f\u00fcm\u00fcze ait i\u015f makineleri ile kapanan yollar a\u00e7\u0131lm\u0131\u015f, dere \u0131slah\u0131 yap\u0131lm\u0131\u015f ve k\u00f6yde meydana gelen su bask\u0131n\u0131na m\u00fcdahale edilmi\u015ftir. Selden etkilenen G\u00f6k\u00e7eta\u015f mahalle sakinlerine ge\u00e7mi\u015f [&hellip;]<\/p>\n","protected":false},"author":2,"featured_media":35391,"comment_status":"closed","ping_status":"closed","sticky":false,"template":"","format":"standard","meta":{"footnotes":""},"categories":[3],"tags":[],"class_list":["post-35390","post","type-post","status-publish","format-standard","has-post-thumbnail","hentry","category-manset"],"views":3,"_links":{"self":[{"href":"https:\/\/mersinkadingazetesi.com\/index.php?rest_route=\/wp\/v2\/posts\/35390"}],"collection":[{"href":"https:\/\/mersinkadingazetesi.com\/index.php?rest_route=\/wp\/v2\/posts"}],"about":[{"href":"https:\/\/mersinkadingazetesi.com\/index.php?rest_route=\/wp\/v2\/types\/post"}],"author":[{"embeddable":true,"href":"https:\/\/mersinkadingazetesi.com\/index.php?rest_route=\/wp\/v2\/users\/2"}],"replies":[{"embeddable":true,"href":"https:\/\/mersinkadingazetesi.com\/index.php?rest_route=%2Fwp%2Fv2%2Fcomments&post=35390"}],"version-history":[{"count":1,"href":"https:\/\/mersinkadingazetesi.com\/index.php?rest_route=\/wp\/v2\/posts\/35390\/revisions"}],"predecessor-version":[{"id":35392,"href":"https:\/\/mersinkadingazetesi.com\/index.php?rest_route=\/wp\/v2\/posts\/35390\/revisions\/35392"}],"wp:featuredmedia":[{"embeddable":true,"href":"https:\/\/mersinkadingazetesi.com\/index.php?rest_route=\/wp\/v2\/media\/35391"}],"wp:attachment":[{"href":"https:\/\/mersinkadingazetesi.com\/index.php?rest_route=%2Fwp%2Fv2%2Fmedia&parent=35390"}],"wp:term":[{"taxonomy":"category","embeddable":true,"href":"https:\/\/mersinkadingazetesi.com\/index.php?rest_route=%2Fwp%2Fv2%2Fcategories&post=35390"},{"taxonomy":"post_tag","embeddable":true,"href":"https:\/\/mersinkadingazetesi.com\/index.php?rest_route=%2Fwp%2Fv2%2Ftags&post=35390"}],"curies":[{"name":"wp","href":"https:\/\/api.w.org\/{rel}","templated":true}]}}