{"id":35399,"date":"2024-09-23T12:32:59","date_gmt":"2024-09-23T09:32:59","guid":{"rendered":"https:\/\/mersinkadingazetesi.com\/?p=35399"},"modified":"2024-09-23T12:32:59","modified_gmt":"2024-09-23T09:32:59","slug":"bebek-ve-cocuk-urunleri-sektorundeki-mersin-firmalari-buyuk-alicilarla-bulusacak","status":"publish","type":"post","link":"https:\/\/mersinkadingazetesi.com\/?p=35399","title":{"rendered":"Bebek ve \u00e7ocuk \u00fcr\u00fcnleri sekt\u00f6r\u00fcndeki Mersin firmalar\u0131, b\u00fcy\u00fck al\u0131c\u0131larla bulu\u015facak"},"content":{"rendered":"\n<p><strong>Aralar\u0131nda Mersin firmalar\u0131n\u0131n da oldu\u011fu yurt i\u00e7i ve yurt d\u0131\u015f\u0131ndan 1.000\u2019in \u00fczerinde marka, yeni tasar\u0131mlar\u0131n\u0131 CBME T\u00fcrkiye fuar\u0131nda vitrine \u00e7\u0131karmaya haz\u0131rlan\u0131yor. 11 \u2013 14 Aral\u0131k 2024 tarihlerinde \u0130stanbul Fuar Merkezi\u2019nde d\u00fczenlenecek CBME T\u00fcrkiye, uluslararas\u0131 al\u0131m heyetlerine ek olarak Asya, Avrupa, Afrika, BDT \u00fclkeleri ve Ortado\u011fu gibi farkl\u0131 b\u00f6lgelerden b\u00fcy\u00fck al\u0131c\u0131lara da ev sahipli\u011fi yapacak. Kat\u0131l\u0131mc\u0131lar\u0131na e\u015fsiz ticaret f\u0131rsatlar\u0131 sunan fuarda yer alan Mersin firmalar\u0131, \u00f6zellikle yurt d\u0131\u015f\u0131ndan gelecek al\u0131c\u0131larla do\u011frudan B2B ticaret g\u00f6r\u00fc\u015fmeleri yaparak, yeni pazarlara a\u00e7\u0131labilecek. <\/strong><strong>Sergilenen zengin \u00fcr\u00fcn \u00e7e\u015fitlili\u011fi ile sekt\u00f6r\u00fcn b\u00f6lgesindeki en \u00f6nemli ticaret adresi olan fuarda, ortalama 650 milyon liral\u0131k bir ticaretin ger\u00e7ekle\u015fmesi bekleniyor.<\/strong><\/p>\n\n\n\n<p>30 y\u0131l\u0131 a\u015fk\u0131n s\u00fcredir b\u00f6lgesinin anne, bebek ve \u00e7ocuk \u00fcr\u00fcnleri ihtiyac\u0131n\u0131 kar\u015f\u0131layan CBME T\u00fcrkiye i\u00e7in geri say\u0131m ba\u015flad\u0131. Aral\u0131k ay\u0131nda 42.\u2019si ger\u00e7ekle\u015ftirilecek fuarda perakendeciler, b\u00fcy\u00fck ma\u011fazalar, e-ticaret siteleri, toptanc\u0131lar, \u00fcreticiler, marka sahipleri, tedarik\u00e7iler, sat\u0131n alma ofisleri ve ithalat\u00e7\u0131lar ile distrib\u00fct\u00f6rler, sekt\u00f6r\u00fcn 2025 koleksiyonlar\u0131n\u0131, birbirinden \u00f6zel tasar\u0131mlar\u0131n\u0131 ve inovatif yeniliklerini bir arada g\u00f6rme f\u0131rsat\u0131 bulacak. Fuarda; \u2018Bebek \u00c7ocuk Ta\u015f\u0131ma ve G\u00fcvenlik Ara\u00e7 Gere\u00e7leri\u2019, \u2018Bebek Bak\u0131m\u0131 ve Beslenmesi\u2019, \u2018Yeni Do\u011fan ve Bebek Giyim\u2019, \u2018\u00c7ocuk ve Gen\u00e7 Giyim\u2019, \u2018Abiye Giyim\u2019, \u2018Pijama, \u00c7orap, \u00c7ama\u015f\u0131r ve Aksesuar\u2019 ile \u2018Mobilya ve Ev Tekstili \u00dcr\u00fcnleri\u2019 kategorilerine dair yenilikler bir arada sergilenecek.<\/p>\n\n\n\n<p><strong>Din\u00e7er; \u201cCBME T\u00fcrkiye\u2019nin Mersinli kat\u0131l\u0131mc\u0131lar\u0131, yurt d\u0131\u015f\u0131ndan b\u00fcy\u00fck al\u0131c\u0131larla birebir ticaret g\u00f6r\u00fc\u015fmeleri ger\u00e7ekle\u015ftirecek.\u201d<\/strong><\/p>\n\n\n\n<p>CBME T\u00fcrkiye\u2019nin her yeni fuarda e\u015fsiz ticaret f\u0131rsatlar\u0131 sundu\u011funu vurgulayan <strong>Fuar Direkt\u00f6r\u00fc Hatice Din\u00e7er<\/strong>, \u201cBu y\u0131lki fuarda al\u0131m heyetlerine ek olarak kat\u0131l\u0131mc\u0131lar\u0131m\u0131z ile yurt d\u0131\u015f\u0131ndan gelecek b\u00fcy\u00fck al\u0131c\u0131lar aras\u0131nda B2B g\u00f6r\u00fc\u015fmeler koordine ediyoruz. Bu sayede, Mersinli \u00fcretici firmalar, kendilerine, d\u00fcnyan\u0131n d\u00f6rt bir taraf\u0131ndan yeni ihracat kap\u0131lar\u0131 a\u00e7abilecek, alacaklar\u0131 y\u00fcksek sipari\u015flerle sekt\u00f6rel rekabette daha g\u00fc\u00e7l\u00fc bir konuma gelebilecekler\u201d dedi.<\/p>\n\n\n\n<p>Sadece bir ticaret platformu olman\u0131n \u00f6tesine ge\u00e7en fuar, ev sahipli\u011fi yapt\u0131\u011f\u0131 etkinliklerle de sekt\u00f6r\u00fcne ilham olmaya devam edecek. CBME T\u00fcrkiye 2024 kapsam\u0131nda ger\u00e7ekle\u015ftirilecek WGSN seminerlerinde, bebek ve \u00e7ocuk giyimini etkileyen makro fakt\u00f6rler ile renk, desen, kuma\u015f, giyim ve aksesuar \u00fcr\u00fcnleri hakk\u0131nda ipu\u00e7lar\u0131 payla\u015f\u0131lacak.<\/p>\n\n\n\n<p>CBME T\u00fcrkiye 2024 hakk\u0131nda detayl\u0131 bilgi almak isteyen sekt\u00f6r profesyonelleri, <strong><a href=\"http:\/\/www.cbmeturkiye.com.tr\">www.cbmeturkiye.com.tr<\/a><\/strong> adresini ziyaret edebilirler.<\/p>\n","protected":false},"excerpt":{"rendered":"<p>Aralar\u0131nda Mersin firmalar\u0131n\u0131n da oldu\u011fu yurt i\u00e7i ve yurt d\u0131\u015f\u0131ndan 1.000\u2019in \u00fczerinde marka, yeni tasar\u0131mlar\u0131n\u0131 CBME T\u00fcrkiye fuar\u0131nda vitrine \u00e7\u0131karmaya haz\u0131rlan\u0131yor. 11 \u2013 14 Aral\u0131k 2024 tarihlerinde \u0130stanbul Fuar Merkezi\u2019nde d\u00fczenlenecek CBME T\u00fcrkiye, uluslararas\u0131 al\u0131m heyetlerine ek olarak Asya, Avrupa, Afrika, BDT \u00fclkeleri ve Ortado\u011fu gibi farkl\u0131 b\u00f6lgelerden b\u00fcy\u00fck al\u0131c\u0131lara da ev sahipli\u011fi yapacak. Kat\u0131l\u0131mc\u0131lar\u0131na [&hellip;]<\/p>\n","protected":false},"author":2,"featured_media":35400,"comment_status":"closed","ping_status":"closed","sticky":false,"template":"","format":"standard","meta":{"footnotes":""},"categories":[3],"tags":[],"class_list":["post-35399","post","type-post","status-publish","format-standard","has-post-thumbnail","hentry","category-manset"],"views":5,"_links":{"self":[{"href":"https:\/\/mersinkadingazetesi.com\/index.php?rest_route=\/wp\/v2\/posts\/35399"}],"collection":[{"href":"https:\/\/mersinkadingazetesi.com\/index.php?rest_route=\/wp\/v2\/posts"}],"about":[{"href":"https:\/\/mersinkadingazetesi.com\/index.php?rest_route=\/wp\/v2\/types\/post"}],"author":[{"embeddable":true,"href":"https:\/\/mersinkadingazetesi.com\/index.php?rest_route=\/wp\/v2\/users\/2"}],"replies":[{"embeddable":true,"href":"https:\/\/mersinkadingazetesi.com\/index.php?rest_route=%2Fwp%2Fv2%2Fcomments&post=35399"}],"version-history":[{"count":1,"href":"https:\/\/mersinkadingazetesi.com\/index.php?rest_route=\/wp\/v2\/posts\/35399\/revisions"}],"predecessor-version":[{"id":35401,"href":"https:\/\/mersinkadingazetesi.com\/index.php?rest_route=\/wp\/v2\/posts\/35399\/revisions\/35401"}],"wp:featuredmedia":[{"embeddable":true,"href":"https:\/\/mersinkadingazetesi.com\/index.php?rest_route=\/wp\/v2\/media\/35400"}],"wp:attachment":[{"href":"https:\/\/mersinkadingazetesi.com\/index.php?rest_route=%2Fwp%2Fv2%2Fmedia&parent=35399"}],"wp:term":[{"taxonomy":"category","embeddable":true,"href":"https:\/\/mersinkadingazetesi.com\/index.php?rest_route=%2Fwp%2Fv2%2Fcategories&post=35399"},{"taxonomy":"post_tag","embeddable":true,"href":"https:\/\/mersinkadingazetesi.com\/index.php?rest_route=%2Fwp%2Fv2%2Ftags&post=35399"}],"curies":[{"name":"wp","href":"https:\/\/api.w.org\/{rel}","templated":true}]}}