{"id":35407,"date":"2024-09-23T17:15:57","date_gmt":"2024-09-23T14:15:57","guid":{"rendered":"https:\/\/mersinkadingazetesi.com\/?p=35407"},"modified":"2024-09-23T17:15:57","modified_gmt":"2024-09-23T14:15:57","slug":"akdeniz-baris-ve-kultur-festivali-tum-renkleri-bulusturdu","status":"publish","type":"post","link":"https:\/\/mersinkadingazetesi.com\/?p=35407","title":{"rendered":"AKDEN\u0130Z BARI\u015e VE K\u00dcLT\u00dcR FEST\u0130VAL\u0130 T\u00dcM RENKLER\u0130 BULU\u015eTURDU"},"content":{"rendered":"\n<p><em>Akdeniz Belediyesi\u2019nin ilkini d\u00fczenledi\u011fi ve iki g\u00fcn s\u00fcren \u201cAkdeniz Bar\u0131\u015f ve K\u00fclt\u00fcr Festivali\u201d, Mersin\u2019in t\u00fcm renklerini bar\u0131\u015f ve karde\u015flik halaylar\u0131nda bir araya getirdi. T\u0131rm\u0131l Miting Meydan\u0131\u2019nda ger\u00e7ekle\u015fen festivalde sahne alan ve b\u00fcy\u00fck bir hayran kitlesine sahip olan sanat\u00e7\u0131 Rojda, sevilen \u015fark\u0131lar\u0131yla sevenlerini co\u015fturdu.<\/em><\/p>\n\n\n\n<p>K\u00fclt\u00fcr ve Sosyal \u0130\u015fler M\u00fcd\u00fcrl\u00fc\u011f\u00fc taraf\u0131ndan organize edilen \u201cAkdeniz Bar\u0131\u015f ve K\u00fclt\u00fcr Festivali\u2019nin\u201d ilk g\u00fcn\u00fcnde, yerel sanat\u00e7\u0131lar ve Roman m\u00fczik grubu sahne ald\u0131, T\u00fcrk\u00e7e, K\u00fcrt\u00e7e ve Arap\u00e7a ezgiler seslendirildi. Stantlar\u0131n a\u00e7\u0131ld\u0131\u011f\u0131 etkinlikte Akdenizli kad\u0131nlar, el eme\u011fi g\u00f6z nuru eserlerini satma imk\u00e2n\u0131 buldu. Alana h\u00fccum eden y\u00fczlerce \u00e7ocuk ise kendileri i\u00e7in haz\u0131rlanan oyun alanlar\u0131nda g\u00f6n\u00fcllerince e\u011flendi. Kimi zaman u\u00e7urtma u\u00e7uran k\u00fc\u00e7\u00fck \u00e7ocuklar, kayd\u0131raktan kayd\u0131, halat \u00e7ekme ve \u00e7uval yar\u0131\u015fmas\u0131na kat\u0131ld\u0131, pamuklu \u015feker ikram\u0131yla unutulmaz dakikalar ya\u015fad\u0131.<\/p>\n\n\n\n<p>\u0130ki g\u00fcn s\u00fcren festivale, Akdeniz Belediyesi E\u015f Ba\u015fkanlar\u0131 Nuriye Arslan ve Ho\u015fyar Sar\u0131y\u0131ld\u0131z, Mersin Milletvekilleri Perihan Koca ve Ali Bozan, Toroslar Belediye Ba\u015fkan\u0131 Abdurrahman Y\u0131ld\u0131z, Mersin B\u00fcy\u00fck\u015fehir Belediyesi Ba\u015fkan Dan\u0131\u015fman\u0131 Bedrettin G\u00fcnde\u015f, DEM Parti il ve il\u00e7e y\u00f6neticileri, Ba\u015fkan Yard\u0131mc\u0131lar\u0131 ve Meclis \u00fcyeleri de kat\u0131ld\u0131. Festivalin d\u00fczenlendi\u011fi alana, T\u00fcrk\u00e7e ve K\u00fcrt\u00e7e \u201cYa\u015fas\u0131n Halklar\u0131n Karde\u015fli\u011fi\u201d, \u201cBar\u0131\u015f Ayd\u0131nl\u0131k Gelece\u011fin Teminat\u0131d\u0131r\u201d yaz\u0131l\u0131 pankartlar as\u0131ld\u0131. Festivalin ikinci g\u00fcn\u00fc bast\u0131ran sa\u011fanak ya\u011fmura ra\u011fmen binlerce yurtta\u015f Miting alan\u0131n\u0131 terk etmedi.<\/p>\n\n\n\n<p>\u201cAkdeniz, \u00f6zlemini duydu\u011fu hizmetlere kavu\u015facak\u201d<\/p>\n\n\n\n<p>Meydan\u0131 dolduran yurtta\u015flara K\u00fcrt\u00e7e hitap eden E\u015f Ba\u015fkan Arslan; \u201cSiz de\u011ferli halk\u0131m\u0131z sayesinde bug\u00fcn ba\u015f\u0131m\u0131z dik ve aln\u0131m\u0131z a\u00e7\u0131k. De\u011ferli anneler, gelece\u011fimiz olan gen\u00e7ler, k\u0131ymetli misafirler; hepiniz ho\u015f geldiniz. Bug\u00fcn burada \u00e7ok g\u00fczel ve \u00f6zel bir manzara olu\u015fturdunuz. Y\u0131llard\u0131r Akdeniz il\u00e7esi \u00fczerinden kirli ve karanl\u0131k bir siyaset y\u00fcr\u00fct\u00fclmek isteniyordu.<\/p>\n\n\n\n<p>Akdeniz, hak etti\u011fi bir\u00e7ok hizmetten ve g\u00fczellikten mahrum b\u0131rak\u0131ld\u0131. Yerel se\u00e7imde, 2 e\u015f ba\u015fkan olarak il\u00e7eye aday oldu\u011fumuzda halk\u0131m\u0131za bir s\u00f6z vermi\u015ftik. Se\u00e7ilip g\u00f6reve geldi\u011fimizde Akdeniz\u2019i de\u011fi\u015ftirece\u011fiz, bar\u0131\u015f\u0131, karde\u015fli\u011fi h\u00e2kim k\u0131laca\u011f\u0131z\u2019 demi\u015ftik. K\u0131ymetli halk\u0131m\u0131z\u0131n ve dostlar\u0131m\u0131z\u0131n deste\u011fiyle bu s\u00f6z\u00fcm\u00fcz\u00fcn gere\u011fini yerine getirmek i\u00e7in kararl\u0131l\u0131kla \u00e7al\u0131\u015fmaya devam edece\u011fiz\u201d diye konu\u015ftu.<\/p>\n\n\n\n<p>\u201cAkdeniz, k\u00fclt\u00fcr ve sanat\u0131n merkezi olacak\u201d<\/p>\n\n\n\n<p>E\u015f Ba\u015fkan Ho\u015fyar Sar\u0131y\u0131ld\u0131z da konu\u015fmas\u0131nda; \u201cAkdeniz\u2019i k\u00fclt\u00fcr ve sanat etkinliklerinin merkezi yapaca\u011f\u0131z\u2019 dedik. Bug\u00fcn de burada herkesin g\u00fczel an\u0131lar biriktirece\u011fi bir festival d\u00fczenledik. Her sene tekrar etmek istedi\u011fimiz bir festival olacak&#8230; Tabi bu alan ge\u00e7mi\u015fte \u00e7ok miting g\u00f6rd\u00fc. Burada yapaca\u011f\u0131m\u0131z peyzaj de\u011fi\u015fikli\u011fi ile ye\u015filliklerin, spor etkinliklerinin, Newroz, Bar\u0131\u015f ve k\u00fclt\u00fcr festivallerimizin merkezi yapaca\u011f\u0131z. Bir halklar, k\u00fclt\u00fcrler ve renkler mozai\u011fi olan Akdeniz, burada bar\u0131\u015f ve karde\u015flik mesajlar\u0131 verecek, bar\u0131\u015f ve karde\u015flik ad\u0131na halaylar \u00e7ekecek. Daha \u00f6nce Esenli\u2019de \u00dcz\u00fcm \u015eenli\u011fi, Ba\u011flarba\u015f\u0131\u2019nda \u0130ncir Festivali d\u00fczenledik. Mahalleli bundan \u00e7ok memnun kald\u0131. Dileriz ki \u00d6zg\u00fcrl\u00fck, \u015eevket S\u00fcmer, Hal, G\u00fcne\u015f\u2026 Bu mahallelerimiz de memnun kal\u0131r ve bu etkinli\u011fimizi her sene d\u00fczenleriz. Festivalimize te\u015frif etti\u011finiz i\u00e7in hepinize te\u015fekk\u00fcr ediyoruz\u201d \u015feklinde konu\u015ftu.<\/p>\n\n\n\n<p>Sa\u011fanak ya\u011fmur, festival co\u015fkusuna engel olamad\u0131<\/p>\n\n\n\n<p>Alanda kurulan stantlar\u0131 tek tek gezen E\u015f Ba\u015fkanlar, Milletvekilleri ve beraberlerindeki heyet, el eme\u011fi g\u00f6z nuru eserlerini satan kad\u0131nlarla sohbet edip, al\u0131\u015fveri\u015f yapt\u0131, \u00e7e\u015fitli ikramlar\u0131n tad\u0131na bakt\u0131. E\u015f Ba\u015fkanlar Sar\u0131y\u0131ld\u0131z ve Arslan, tantuni, d\u00f6ner ve g\u00f6zleme tezg\u00e2h\u0131na ge\u00e7erek h\u00fcnerlerini sergiledi.<\/p>\n\n\n\n<p>Festivalin ilk g\u00fcn\u00fc sahne alan Roman M\u00fczik Grubu Cevher, seslendirdi\u011fi hareketli par\u00e7alarla alan\u0131 co\u015fturdu. Ard\u0131ndan y\u00f6resel k\u0131yafetleriyle sahneye \u00e7\u0131kan Dengb\u00eaj (Ozan) Ramazan Eren de K\u00fcrt\u00e7e a\u011f\u0131tlarla meydan\u0131 dolduran vatanda\u015flar\u0131 duyguland\u0131rd\u0131. \u0130lk g\u00fcn ayr\u0131ca Sanat\u00e7\u0131 Mehmet \u015eirin Kaya ile kemen\u00e7e sanat\u00e7\u0131s\u0131 \u0130skan Ciziri de K\u00fcrt\u00e7e s\u00f6yledikleri \u015fark\u0131larla festivali renklendirdi.<\/p>\n\n\n\n<p>Akdeniz Bar\u0131\u015f ve Karde\u015flik Festivali, ikinci g\u00fcn\u00fcnde ise sa\u011fanak ya\u011f\u0131\u015fa ra\u011fmen devam etti. \u0130lk olarak Beyaz Melekler Ritim Grubu da sahne al\u0131p \u015fark\u0131lar\u0131 ve performanslar\u0131yla dinleyicileri co\u015fturdu. Ak\u015fam saatlerine do\u011fru sahneye \u00e7\u0131kan, T\u00fcrkiye ve yurtd\u0131\u015f\u0131nda b\u00fcy\u00fck bir hayran kitlesine sahip olan \u00fcnl\u00fc sanat\u00e7\u0131 Rojda \u015eenses de \u015fark\u0131lar\u0131yla meydan\u0131 dolduran gen\u00e7, ya\u015fl\u0131 binlerce hayran\u0131na unutulmaz dakikalar ya\u015fatt\u0131. \u0130lerleyen saatlere dek s\u00fcren festival, E\u015f Ba\u015fkanlar\u0131n sanat\u00e7\u0131 Rojda\u2019ya \u00e7i\u00e7ek takdiminin ard\u0131ndan sona erdi.<\/p>\n","protected":false},"excerpt":{"rendered":"<p>Akdeniz Belediyesi\u2019nin ilkini d\u00fczenledi\u011fi ve iki g\u00fcn s\u00fcren \u201cAkdeniz Bar\u0131\u015f ve K\u00fclt\u00fcr Festivali\u201d, Mersin\u2019in t\u00fcm renklerini bar\u0131\u015f ve karde\u015flik halaylar\u0131nda bir araya getirdi. T\u0131rm\u0131l Miting Meydan\u0131\u2019nda ger\u00e7ekle\u015fen festivalde sahne alan ve b\u00fcy\u00fck bir hayran kitlesine sahip olan sanat\u00e7\u0131 Rojda, sevilen \u015fark\u0131lar\u0131yla sevenlerini co\u015fturdu. K\u00fclt\u00fcr ve Sosyal \u0130\u015fler M\u00fcd\u00fcrl\u00fc\u011f\u00fc taraf\u0131ndan organize edilen \u201cAkdeniz Bar\u0131\u015f ve K\u00fclt\u00fcr [&hellip;]<\/p>\n","protected":false},"author":2,"featured_media":35408,"comment_status":"closed","ping_status":"closed","sticky":false,"template":"","format":"standard","meta":{"footnotes":""},"categories":[34,1,2,3,5],"tags":[],"class_list":["post-35407","post","type-post","status-publish","format-standard","has-post-thumbnail","hentry","category-flas-haber","category-genel","category-gundem","category-manset","category-mersin"],"views":5,"_links":{"self":[{"href":"https:\/\/mersinkadingazetesi.com\/index.php?rest_route=\/wp\/v2\/posts\/35407"}],"collection":[{"href":"https:\/\/mersinkadingazetesi.com\/index.php?rest_route=\/wp\/v2\/posts"}],"about":[{"href":"https:\/\/mersinkadingazetesi.com\/index.php?rest_route=\/wp\/v2\/types\/post"}],"author":[{"embeddable":true,"href":"https:\/\/mersinkadingazetesi.com\/index.php?rest_route=\/wp\/v2\/users\/2"}],"replies":[{"embeddable":true,"href":"https:\/\/mersinkadingazetesi.com\/index.php?rest_route=%2Fwp%2Fv2%2Fcomments&post=35407"}],"version-history":[{"count":1,"href":"https:\/\/mersinkadingazetesi.com\/index.php?rest_route=\/wp\/v2\/posts\/35407\/revisions"}],"predecessor-version":[{"id":35409,"href":"https:\/\/mersinkadingazetesi.com\/index.php?rest_route=\/wp\/v2\/posts\/35407\/revisions\/35409"}],"wp:featuredmedia":[{"embeddable":true,"href":"https:\/\/mersinkadingazetesi.com\/index.php?rest_route=\/wp\/v2\/media\/35408"}],"wp:attachment":[{"href":"https:\/\/mersinkadingazetesi.com\/index.php?rest_route=%2Fwp%2Fv2%2Fmedia&parent=35407"}],"wp:term":[{"taxonomy":"category","embeddable":true,"href":"https:\/\/mersinkadingazetesi.com\/index.php?rest_route=%2Fwp%2Fv2%2Fcategories&post=35407"},{"taxonomy":"post_tag","embeddable":true,"href":"https:\/\/mersinkadingazetesi.com\/index.php?rest_route=%2Fwp%2Fv2%2Ftags&post=35407"}],"curies":[{"name":"wp","href":"https:\/\/api.w.org\/{rel}","templated":true}]}}