{"id":35425,"date":"2024-09-24T12:32:01","date_gmt":"2024-09-24T09:32:01","guid":{"rendered":"https:\/\/mersinkadingazetesi.com\/?p=35425"},"modified":"2024-09-24T12:32:01","modified_gmt":"2024-09-24T09:32:01","slug":"egitimde-firsat-esitliginde-mersinde-devrim","status":"publish","type":"post","link":"https:\/\/mersinkadingazetesi.com\/?p=35425","title":{"rendered":"E\u011e\u0130T\u0130MDE FIRSAT E\u015e\u0130TL\u0130\u011e\u0130NDE MERS\u0130N&#8217;DE DEVR\u0130M"},"content":{"rendered":"\n<p>Mersin B\u00fcy\u00fck\u015fehir Belediye Ba\u015fkan\u0131 Vahap Se\u00e7er&#8217;in e\u011fitimde f\u0131rsat e\u015fitli\u011fini Mersin&#8217;in 13 il\u00e7esinde de sa\u011flamak i\u00e7in start verdi\u011fi projelere yenileri eklenmeye devam ediyor. B\u00fcy\u00fck\u015fehir Belediyesi e\u011fitim hakk\u0131na her \u00e7ocu\u011fun e\u015fit ve \u00fccretsiz ula\u015fabilmesi i\u00e7in b\u00fct\u00fcn olanaklar\u0131n\u0131 seferber ederken, Kad\u0131n ve Aile Hizmetleri Dairesi Ba\u015fkanl\u0131\u011f\u0131 da&nbsp;<strong><em>&#8216;Bilimin \u0130zinde Gelece\u011fin Pe\u015finde&#8217;<\/em><\/strong>&nbsp;isimli \u00e7ocuk dergisini yay\u0131nlad\u0131. Dergi, T\u00fcrkiye&#8217;de i\u00e7eri\u011fi yapay zeka ile \u00fcretilmi\u015f ilk \u00e7ocuk dergisi olma unvan\u0131n\u0131 da ta\u015f\u0131yor.<\/p>\n\n\n\n<p>Mezitli Kad\u0131n ve \u00c7ocuk, Bilim ve Teknoloji At\u00f6lyesi e\u011fitmenleri taraf\u0131ndan \u00e7\u0131kar\u0131lan dergide, bilimi, teknolojiyi ve yak\u0131n gelece\u011fi ke\u015ffetmek isteyen \u00e7ocuklara; teknoloji tarihi, teknolojinin gelece\u011fi, algoritma, kodlama, bilim insanlar\u0131, s\u00fcrd\u00fcr\u00fclebilirlik, deneyler ve yapay zekaya dair birbirinden e\u011flenceli bilgiler yer al\u0131yor.<\/p>\n\n\n\n<p><strong>Mersin&#8217;de her \u00e7ocuk teknolojiye ula\u015fabilecek<\/strong><\/p>\n\n\n\n<p>Bilim merakl\u0131s\u0131 \u00e7ocuklar i\u00e7in \u00e7\u0131kar\u0131lan dergi hakk\u0131nda bilgi veren Kad\u0131n ve \u00c7ocuk Bilim, Teknoloji At\u00f6lyeleri Sorumlusu Emre A\u015fk\u0131n,&nbsp;<strong>&#8220;Dergiyi biz ekip olarak \u00e7ocuklara \u00f6zellikle bilim ve teknoloji ile ilgili etkinlikleri sunabilmek i\u00e7in haz\u0131rlad\u0131k. Bir\u00e7ok dergide \u00e7ocuklara sunulan i\u00e7erikler d\u0131\u015far\u0131dan malzeme gerektiren etkinlikler yer al\u0131yordu. Biz de \u00f6zellikle \u00e7ocuklar\u0131n evlerinde bulabilecekleri malzemelerle bu etkinlikleri yapabilmeleri i\u00e7in bir tasar\u0131m s\u00fcrecine girdik&#8221;<\/strong>&nbsp;diyerek, haz\u0131rlad\u0131klar\u0131 dolu dolu i\u00e7erikleri anlatt\u0131.<\/p>\n\n\n\n<p><strong>A\u015fk\u0131n: &#8220;Yapay zeka destekli T\u00fcrkiye&#8217;nin ilk \u00e7ocuk dergisini ortaya \u00e7\u0131kard\u0131k&#8221;<\/strong><\/p>\n\n\n\n<p>\u00c7ocuklar\u0131n dergiye g\u00fczel geri bildirimleri oldu\u011funu aktaran A\u015fk\u0131n,&nbsp;<strong>&#8220;Ald\u0131\u011f\u0131m\u0131z geri d\u00f6n\u00fc\u015flerden dolay\u0131 \u00e7ok heyecanland\u0131k. \u00c7ocuklar\u0131n bu dergi ile beraber bize verdi\u011fi mesajlar \u00e7ok de\u011ferliydi. O y\u00fczden bize dergiyi belirli periyotlarda haz\u0131rlamaya karar verdik. Bu konuda da g\u00fcncel teknolojiyi zaten kullan\u0131yoruz. Yapay zeka destekli olarak T\u00fcrkiye&#8217;nin ilk \u00e7ocuk dergisini ortaya \u00e7\u0131kard\u0131k&#8221;<\/strong>&nbsp;s\u00f6zlerine yer verdi. Yapay zeka ile yeni i\u00e7eriklere de eri\u015ftiklerini belirten A\u015fk\u0131n, \u00e7ocuklar\u0131n ilgisini \u00e7ekecek bir\u00e7ok teknolojik konunun olaca\u011f\u0131n\u0131 da belirtti.<\/p>\n\n\n\n<p><strong>Gelecek derginin temas\u0131 &#8216;G\u00fcne\u015f enerjisi&#8217;<\/strong><\/p>\n\n\n\n<p>Gelecek say\u0131daki temay\u0131&nbsp;<strong><em>&#8216;g\u00fcne\u015f enerjisi&#8217;&nbsp;<\/em><\/strong>olarak m\u00fcjdeleyen A\u015fk\u0131n, \u00e7ocuklara g\u00fcne\u015f enerjisi bilincini aktarmak istediklerini s\u00f6yleyerek,&nbsp;<strong>&#8220;\u00c7\u00fcnk\u00fc \u00f6zellikle Akdeniz b\u00f6lgesinde art\u0131k etrafa bakt\u0131\u011f\u0131mda \u00f6zellikle k\u0131rsal k\u00f6y bulu\u015fmalar\u0131nda yaylalara \u00e7\u0131k\u0131yorum ve yaylalarda g\u00fcne\u015f panelleriyle elektrik \u00fcretiminin baya\u011f\u0131 bir artt\u0131\u011f\u0131n\u0131 g\u00f6zlemledim&#8221;<\/strong>&nbsp;dedi. Ayr\u0131ca belirledikleri temalar \u00fczerinden de etkinlikler yapacaklar\u0131n\u0131 duyuran A\u015fk\u0131n,&nbsp;<strong>&#8220;Her dergide bir tema belirleyece\u011fiz ve tema \u00fczerine etkinliklere yo\u011funla\u015faca\u011f\u0131z. Bazen uzay, bazen enerji, bazen s\u00fcrd\u00fcr\u00fclebilirlik olabilir. Bunlar\u0131 planlayarak \u00e7ocuklara kazand\u0131raca\u011f\u0131z&#8221;<\/strong>&nbsp;ifadelerine yer verdi.<\/p>\n\n\n\n<p><strong>&#8220;Tamamen e\u011fitimde f\u0131rsat e\u015fitli\u011fini sergiliyoruz&#8221;<\/strong><\/p>\n\n\n\n<p>Ba\u015fkan Se\u00e7er&#8217;in e\u011fitimde f\u0131rsat e\u015fitli\u011fine \u00e7ok \u00f6nem verdi\u011fini hat\u0131rlatan A\u015fk\u0131n,&nbsp;<strong>&#8220;Dergi de bunun \u00f6rneklerinden birisi oldu. Asl\u0131nda bizim at\u00f6lyelerimiz de bir nevi f\u0131rsat e\u015fitli\u011finin g\u00f6stergesi. Teknoloji pahal\u0131 bir ara\u00e7. Biz de at\u00f6lyemizde teknolojinin b\u00fct\u00fcn e\u011fitimsel boyutlar\u0131n\u0131 \u00e7ocuklara \u00f6\u011fretmek i\u00e7in \u00e7abal\u0131yoruz. Yeri geliyor k\u0131rsal etkinliklerde mobil olarak buradaki materyallerimizi g\u00f6t\u00fcr\u00fcyoruz. At\u00f6lyemizde kad\u0131n ve \u00e7ocuklara zaten e\u011fitim devam ediyor. \u015eu anda k\u0131rsal mahallelerden de at\u00f6lyemizi ziyaretler ba\u015flad\u0131. Bilim otob\u00fcs\u00fcm\u00fcz her g\u00fcn farkl\u0131 mahallelerden \u00e7ocuklar\u0131 getiriyor. Tamamen e\u011fitimde f\u0131rsat e\u015fitli\u011fini sergiliyoruz&#8221;<\/strong>&nbsp;\u015feklinde konu\u015ftu.<\/p>\n\n\n\n<p><strong>&#8220;Mersin&#8217;de gelecek var, gelecek de Mersin&#8217;de&#8221;<\/strong><\/p>\n\n\n\n<p>Derginin teknolojiye ula\u015famayan \u00e7ocuklara g\u00fczel bir kaynak olaca\u011f\u0131n\u0131 s\u00f6yleyen A\u015fk\u0131n,&nbsp;<strong>&#8220;\u00c7ocuklar\u0131n<\/strong><\/p>\n\n\n\n<p><strong>hayal g\u00fc\u00e7lerini y\u00fckseltmek i\u00e7in bu \u00e7al\u0131\u015fmayla at\u00f6lyelerimizin de bilgi birikimlerini \u00e7ocuklara sunmu\u015f olaca\u011f\u0131z. At\u00f6lyedeki \u00f6\u011fretmenlerimiz olarak&nbsp;<em>&#8216;Bilimin izinde, gelece\u011fin pe\u015finde&#8217;<\/em>&nbsp;diyoruz ve Mersin 13 il\u00e7esine bu dergimizi di\u011fer aktivitelerimize ula\u015ft\u0131rmak i\u00e7in \u00e7abal\u0131yoruz. Mersin&#8217;de gelecek var, gelecek de Mersin&#8217;de&#8221;<\/strong>&nbsp;diyerek, s\u00f6zlerini sona erdirdi.<\/p>\n","protected":false},"excerpt":{"rendered":"<p>Mersin B\u00fcy\u00fck\u015fehir Belediye Ba\u015fkan\u0131 Vahap Se\u00e7er&#8217;in e\u011fitimde f\u0131rsat e\u015fitli\u011fini Mersin&#8217;in 13 il\u00e7esinde de sa\u011flamak i\u00e7in start verdi\u011fi projelere yenileri eklenmeye devam ediyor. B\u00fcy\u00fck\u015fehir Belediyesi e\u011fitim hakk\u0131na her \u00e7ocu\u011fun e\u015fit ve \u00fccretsiz ula\u015fabilmesi i\u00e7in b\u00fct\u00fcn olanaklar\u0131n\u0131 seferber ederken, Kad\u0131n ve Aile Hizmetleri Dairesi Ba\u015fkanl\u0131\u011f\u0131 da&nbsp;&#8216;Bilimin \u0130zinde Gelece\u011fin Pe\u015finde&#8217;&nbsp;isimli \u00e7ocuk dergisini yay\u0131nlad\u0131. Dergi, T\u00fcrkiye&#8217;de i\u00e7eri\u011fi yapay zeka [&hellip;]<\/p>\n","protected":false},"author":2,"featured_media":35426,"comment_status":"closed","ping_status":"closed","sticky":false,"template":"","format":"standard","meta":{"footnotes":""},"categories":[3,5],"tags":[],"class_list":["post-35425","post","type-post","status-publish","format-standard","has-post-thumbnail","hentry","category-manset","category-mersin"],"views":7,"_links":{"self":[{"href":"https:\/\/mersinkadingazetesi.com\/index.php?rest_route=\/wp\/v2\/posts\/35425"}],"collection":[{"href":"https:\/\/mersinkadingazetesi.com\/index.php?rest_route=\/wp\/v2\/posts"}],"about":[{"href":"https:\/\/mersinkadingazetesi.com\/index.php?rest_route=\/wp\/v2\/types\/post"}],"author":[{"embeddable":true,"href":"https:\/\/mersinkadingazetesi.com\/index.php?rest_route=\/wp\/v2\/users\/2"}],"replies":[{"embeddable":true,"href":"https:\/\/mersinkadingazetesi.com\/index.php?rest_route=%2Fwp%2Fv2%2Fcomments&post=35425"}],"version-history":[{"count":1,"href":"https:\/\/mersinkadingazetesi.com\/index.php?rest_route=\/wp\/v2\/posts\/35425\/revisions"}],"predecessor-version":[{"id":35427,"href":"https:\/\/mersinkadingazetesi.com\/index.php?rest_route=\/wp\/v2\/posts\/35425\/revisions\/35427"}],"wp:featuredmedia":[{"embeddable":true,"href":"https:\/\/mersinkadingazetesi.com\/index.php?rest_route=\/wp\/v2\/media\/35426"}],"wp:attachment":[{"href":"https:\/\/mersinkadingazetesi.com\/index.php?rest_route=%2Fwp%2Fv2%2Fmedia&parent=35425"}],"wp:term":[{"taxonomy":"category","embeddable":true,"href":"https:\/\/mersinkadingazetesi.com\/index.php?rest_route=%2Fwp%2Fv2%2Fcategories&post=35425"},{"taxonomy":"post_tag","embeddable":true,"href":"https:\/\/mersinkadingazetesi.com\/index.php?rest_route=%2Fwp%2Fv2%2Ftags&post=35425"}],"curies":[{"name":"wp","href":"https:\/\/api.w.org\/{rel}","templated":true}]}}