{"id":35444,"date":"2024-09-24T17:22:40","date_gmt":"2024-09-24T14:22:40","guid":{"rendered":"https:\/\/mersinkadingazetesi.com\/?p=35444"},"modified":"2024-09-24T17:22:40","modified_gmt":"2024-09-24T14:22:40","slug":"mezitli-belediyesinden-miniklere-okula-donusu-hediyesi-kirtasiye-seti-dagitimi-basladi","status":"publish","type":"post","link":"https:\/\/mersinkadingazetesi.com\/?p=35444","title":{"rendered":"MEZ\u0130TL\u0130 BELED\u0130YES\u0130&#8217;NDEN M\u0130N\u0130KLERE OKULA D\u00d6N\u00dc\u015e\u00dc HED\u0130YES\u0130, KIRTAS\u0130YE SET\u0130 DA\u011eITIMI BA\u015eLADI"},"content":{"rendered":"\n<p>Mezitli Belediyesi, e\u011fitime verdi\u011fi destek kapsam\u0131nda, ilkokul \u00f6\u011frencilerine okula d\u00f6n\u00fc\u015f hediyesi olarak k\u0131rtasiye seti da\u011f\u0131t\u0131m\u0131na ba\u015flad\u0131. Mezitli Belediye Ba\u015fkan\u0131 Ahmet Serkan Tuncer&#8217;in g\u00f6reve geldi\u011fi ilk g\u00fcnden bu yana s\u00fcrd\u00fcrd\u00fc\u011f\u00fc e\u011fitim odakl\u0131 projeler, bu kez minik \u00f6\u011frencileri sevindirdi. Ba\u015fvuruda bulunan ailelerin \u00e7ocuklar\u0131na, defterden kaleme, boya setinden e\u011fitim malzemelerine kadar uzanan kapsaml\u0131 bir k\u0131rtasiye seti hediye ediliyor.<\/p>\n\n\n\n<p>Ba\u015fkan Tuncer, g\u00f6reve ba\u015flad\u0131\u011f\u0131 andan itibaren e\u011fitimi \u00f6ncelikli konular aras\u0131nda tutarak, \u00f6\u011frencilerin ihtiya\u00e7lar\u0131n\u0131 kar\u015f\u0131lamaya y\u00f6nelik pek \u00e7ok projeye imza atmaya devam ediyor.<\/p>\n\n\n\n<p>E\u011e\u0130T\u0130M HAYATINA DESTEK S\u00dcRECEK<\/p>\n\n\n\n<p>Mezitli Belediyesi K\u00fclt\u00fcr Merkezi&#8217;nde ba\u015flayan k\u0131rtasiye seti da\u011f\u0131t\u0131m\u0131na kat\u0131l\u0131m yo\u011fun oldu. \u0130lkokul \u00f6\u011frencilerinin aileleri, ba\u015fvuru s\u00fcrecini tamamlayarak \u00e7ocuklar\u0131na k\u0131rtasiye malzemelerini ula\u015ft\u0131rman\u0131n mutlulu\u011funu ya\u015fad\u0131. \u00d6\u011frencilerin e\u011fitime daha motive ba\u015flamalar\u0131 i\u00e7in b\u00fcy\u00fck bir titizlikle haz\u0131rlanan setler, ailelere de ekonomik anlamda destek sunuyor.<\/p>\n\n\n\n<p>Ba\u015fkan Ahmet Serkan Tuncer, konuyla ilgili yapt\u0131\u011f\u0131 a\u00e7\u0131klamada \u015funlar\u0131 s\u00f6yledi: &#8220;E\u011fitim her \u00e7ocu\u011fun temel hakk\u0131d\u0131r ve biz Mezitli Belediyesi olarak her zaman \u00e7ocuklar\u0131m\u0131z\u0131n yan\u0131nda olaca\u011f\u0131z. G\u00f6reve geldi\u011fimiz g\u00fcnden bu yana e\u011fitim alan\u0131nda bir\u00e7ok ad\u0131m att\u0131k ve atmaya devam ediyoruz. K\u0131rtasiye setlerimizle \u00e7ocuklar\u0131m\u0131z\u0131n okul hayatlar\u0131na g\u00fczel bir ba\u015flang\u0131\u00e7 yapmalar\u0131n\u0131 ama\u00e7l\u0131yoruz. \u0130l\u00e7emizin gen\u00e7 nesillerini en iyi \u015fekilde yeti\u015ftirmek i\u00e7in her zaman e\u011fitime ve gen\u00e7lerimize destek olaca\u011f\u0131z.&#8221; dedi.<\/p>\n\n\n\n<p>MEZ\u0130TL\u0130 BELED\u0130YES\u0130&#8217;N\u0130N E\u011e\u0130T\u0130ME KATKILARI B\u00dcY\u00dcYOR<\/p>\n\n\n\n<p>Ba\u015fkan Tuncer, k\u0131rtasiye setlerinin yan\u0131 s\u0131ra, Mezitli&#8217;de e\u011fitim olanaklar\u0131n\u0131 art\u0131rmak ve okullarla i\u015f birli\u011fi i\u00e7inde \u00e7al\u0131\u015farak \u00f6\u011frencilerin ihtiya\u00e7lar\u0131n\u0131 kar\u015f\u0131lamay\u0131 s\u00fcrd\u00fcreceklerini belirtti. K\u0131rtasiye setlerinin i\u00e7erisinde \u00e7ocuklar\u0131n okulda ihtiya\u00e7 duyaca\u011f\u0131 t\u00fcm malzemelerin yer ald\u0131\u011f\u0131n\u0131 vurgulayan Tuncer, \u00e7ocuklar\u0131n e\u011fitim hayatlar\u0131nda ba\u015far\u0131y\u0131 yakalamalar\u0131 i\u00e7in belediyenin daima destek olaca\u011f\u0131n\u0131 ifade etti.<\/p>\n\n\n\n<p>Proje kapsam\u0131nda da\u011f\u0131t\u0131lan k\u0131rtasiye setleri, Mezitli&#8217;deki \u00f6\u011frencilere moral verirken, ailelerin de y\u00fck\u00fcn\u00fc hafifletiyor. Mezitli Belediyesi, her \u00e7ocu\u011fun e\u015fit e\u011fitim olanaklar\u0131na eri\u015fmesi i\u00e7in \u00e7al\u0131\u015fmalar\u0131na h\u0131z kesmeden devam ediyor.<\/p>\n","protected":false},"excerpt":{"rendered":"<p>Mezitli Belediyesi, e\u011fitime verdi\u011fi destek kapsam\u0131nda, ilkokul \u00f6\u011frencilerine okula d\u00f6n\u00fc\u015f hediyesi olarak k\u0131rtasiye seti da\u011f\u0131t\u0131m\u0131na ba\u015flad\u0131. Mezitli Belediye Ba\u015fkan\u0131 Ahmet Serkan Tuncer&#8217;in g\u00f6reve geldi\u011fi ilk g\u00fcnden bu yana s\u00fcrd\u00fcrd\u00fc\u011f\u00fc e\u011fitim odakl\u0131 projeler, bu kez minik \u00f6\u011frencileri sevindirdi. Ba\u015fvuruda bulunan ailelerin \u00e7ocuklar\u0131na, defterden kaleme, boya setinden e\u011fitim malzemelerine kadar uzanan kapsaml\u0131 bir k\u0131rtasiye seti hediye ediliyor. [&hellip;]<\/p>\n","protected":false},"author":2,"featured_media":35445,"comment_status":"closed","ping_status":"closed","sticky":false,"template":"","format":"standard","meta":{"footnotes":""},"categories":[2,3],"tags":[],"class_list":["post-35444","post","type-post","status-publish","format-standard","has-post-thumbnail","hentry","category-gundem","category-manset"],"views":29,"_links":{"self":[{"href":"https:\/\/mersinkadingazetesi.com\/index.php?rest_route=\/wp\/v2\/posts\/35444"}],"collection":[{"href":"https:\/\/mersinkadingazetesi.com\/index.php?rest_route=\/wp\/v2\/posts"}],"about":[{"href":"https:\/\/mersinkadingazetesi.com\/index.php?rest_route=\/wp\/v2\/types\/post"}],"author":[{"embeddable":true,"href":"https:\/\/mersinkadingazetesi.com\/index.php?rest_route=\/wp\/v2\/users\/2"}],"replies":[{"embeddable":true,"href":"https:\/\/mersinkadingazetesi.com\/index.php?rest_route=%2Fwp%2Fv2%2Fcomments&post=35444"}],"version-history":[{"count":1,"href":"https:\/\/mersinkadingazetesi.com\/index.php?rest_route=\/wp\/v2\/posts\/35444\/revisions"}],"predecessor-version":[{"id":35446,"href":"https:\/\/mersinkadingazetesi.com\/index.php?rest_route=\/wp\/v2\/posts\/35444\/revisions\/35446"}],"wp:featuredmedia":[{"embeddable":true,"href":"https:\/\/mersinkadingazetesi.com\/index.php?rest_route=\/wp\/v2\/media\/35445"}],"wp:attachment":[{"href":"https:\/\/mersinkadingazetesi.com\/index.php?rest_route=%2Fwp%2Fv2%2Fmedia&parent=35444"}],"wp:term":[{"taxonomy":"category","embeddable":true,"href":"https:\/\/mersinkadingazetesi.com\/index.php?rest_route=%2Fwp%2Fv2%2Fcategories&post=35444"},{"taxonomy":"post_tag","embeddable":true,"href":"https:\/\/mersinkadingazetesi.com\/index.php?rest_route=%2Fwp%2Fv2%2Ftags&post=35444"}],"curies":[{"name":"wp","href":"https:\/\/api.w.org\/{rel}","templated":true}]}}