{"id":35450,"date":"2024-09-25T12:38:41","date_gmt":"2024-09-25T09:38:41","guid":{"rendered":"https:\/\/mersinkadingazetesi.com\/?p=35450"},"modified":"2024-09-25T12:38:42","modified_gmt":"2024-09-25T09:38:42","slug":"uluslararasi-kilikya-ultra-maratonu-bu-hafta-sonu-kosulacak","status":"publish","type":"post","link":"https:\/\/mersinkadingazetesi.com\/?p=35450","title":{"rendered":"ULUSLARARASI K\u0130L\u0130KYA ULTRA MARATONU BU HAFTA SONU KO\u015eULACAK"},"content":{"rendered":"\n<p>Gelenekselle\u015fen&nbsp;<strong><em>&#8216;Uluslararas\u0131<\/em><\/strong>&nbsp;<strong><em>Kilikya Ultra Maratonu&#8217;<\/em><\/strong>nun 3.&#8217;s\u00fc, bu y\u0131l 28-29 Eyl\u00fcl tarihlerinde ger\u00e7ekle\u015ftirilecek. Mersin B\u00fcy\u00fck\u015fehir Belediyesi Gen\u00e7lik ve Spor Hizmetleri Dairesi Ba\u015fkanl\u0131\u011f\u0131 taraf\u0131ndan d\u00fczenlenen maratonda sporcular ve izleyiciler, Mersin tarihinin birbirinden e\u015fsiz manzaralar\u0131na da tan\u0131kl\u0131k etme f\u0131rsat\u0131 bulacak.<\/p>\n\n\n\n<p>Tarih, do\u011fa ve sporun bir araya gelece\u011fi 3.Kilikya Ultra Maratonu ile Mersin&#8217;in k\u00fclt\u00fcrel ve do\u011fal miras\u0131 tan\u0131t\u0131l\u0131rken, sakl\u0131 kalan tarihin e\u015fsiz dokusunun keyfini sporcular ile birlikte izleyiciler de \u00e7\u0131karacak. T\u00fcrkiye&#8217;de en \u00f6nemli ultra maratonlardan birisi olan Kilikya Ultra Maratonu&#8217;na y\u00fczlerce sporcu kay\u0131t yapt\u0131rd\u0131.<\/p>\n\n\n\n<p><strong>Maraton 4 farkl\u0131 kategoride ger\u00e7ekle\u015ftirilecek<\/strong><\/p>\n\n\n\n<p>3.Kilikya Ultra Maratonu; 8 kilometrelik Korykos Parkuru, 15 kilometrelik Elaiussa Sebaste Parkuru, 33 kilometrelik K\u0131zkalesi Parkuru ve 56 kilometrelik Kilikya Ultra Maratonu olmak \u00fczere, 4 farkl\u0131 kategoride ger\u00e7ekle\u015ftirilecek. Maratonda; k\u00fclt\u00fcr, do\u011fa ve spor turizminin birlikteli\u011fi ile sahilden tepelere kadar \u015fehrin tarihi dokular\u0131 da tan\u0131t\u0131lacak.<\/p>\n\n\n\n<p><strong>Ta\u015fk\u0131n: &#8220;Mersinlileri bu muhte\u015fem organizasyona bekliyoruz&#8221;<\/strong><\/p>\n\n\n\n<p>Mersin B\u00fcy\u00fck\u015fehir Belediyesi taraf\u0131ndan bu y\u0131l 3.&#8217;s\u00fc yap\u0131lacak olan maratona ili\u015fkin a\u00e7\u0131klama yapan Gen\u00e7lik ve Spor Hizmetleri Dairesi Ba\u015fkan\u0131 Emrullah Ta\u015fk\u0131n,&nbsp;<strong>&#8220;K\u0131zkalesi&#8217;nden ba\u015flay\u0131p Mersin&#8217;in tarihi ve turistik b\u00f6lgelerinde ge\u00e7ecek olan \u00e7ok g\u00fczel bir organizasyon. Mersin&#8217;in tan\u0131t\u0131m\u0131na da \u00e7ok b\u00fcy\u00fck katk\u0131lar\u0131 olacak bir organizasyondan bahsediyoruz. Bu sene de \u00e7ok yo\u011fun bir ilgi var&#8221;<\/strong>&nbsp;diye konu\u015ftu.<\/p>\n\n\n\n<p>Ultra maratonlar aras\u0131nda T\u00fcrkiye&#8217;de en \u00f6nemlilerinden bir tanesi olan Kilikya Ultra Maratonu&#8217;nu, Mersin B\u00fcy\u00fck\u015fehir Belediyesi olarak bu hafta sonu ger\u00e7ekle\u015ftireceklerini kaydeden Ta\u015fk\u0131n,&nbsp;<strong>&#8220;Mersinlileri bu muhte\u015fem organizasyona bekliyoruz. \u0130nsanlar\u0131n tarihi dokular i\u00e7inde do\u011fayla m\u00fccadele ettikleri \u00e7ok g\u00fczel, de\u011fi\u015fik bir organizasyon olacak. Sporcular; do\u011fan\u0131n i\u00e7erisinde, do\u011fal \u015fartlarda, do\u011fan\u0131n zorluklar\u0131yla ve kendileriyle m\u00fccadele edecek&#8221;&nbsp;<\/strong>dedi.<\/p>\n","protected":false},"excerpt":{"rendered":"<p>Gelenekselle\u015fen&nbsp;&#8216;Uluslararas\u0131&nbsp;Kilikya Ultra Maratonu&#8217;nun 3.&#8217;s\u00fc, bu y\u0131l 28-29 Eyl\u00fcl tarihlerinde ger\u00e7ekle\u015ftirilecek. Mersin B\u00fcy\u00fck\u015fehir Belediyesi Gen\u00e7lik ve Spor Hizmetleri Dairesi Ba\u015fkanl\u0131\u011f\u0131 taraf\u0131ndan d\u00fczenlenen maratonda sporcular ve izleyiciler, Mersin tarihinin birbirinden e\u015fsiz manzaralar\u0131na da tan\u0131kl\u0131k etme f\u0131rsat\u0131 bulacak. Tarih, do\u011fa ve sporun bir araya gelece\u011fi 3.Kilikya Ultra Maratonu ile Mersin&#8217;in k\u00fclt\u00fcrel ve do\u011fal miras\u0131 tan\u0131t\u0131l\u0131rken, sakl\u0131 kalan tarihin [&hellip;]<\/p>\n","protected":false},"author":2,"featured_media":35451,"comment_status":"closed","ping_status":"closed","sticky":false,"template":"","format":"standard","meta":{"footnotes":""},"categories":[7,34,3,10],"tags":[],"class_list":["post-35450","post","type-post","status-publish","format-standard","has-post-thumbnail","hentry","category-dunya","category-flas-haber","category-manset","category-spor"],"views":7,"_links":{"self":[{"href":"https:\/\/mersinkadingazetesi.com\/index.php?rest_route=\/wp\/v2\/posts\/35450"}],"collection":[{"href":"https:\/\/mersinkadingazetesi.com\/index.php?rest_route=\/wp\/v2\/posts"}],"about":[{"href":"https:\/\/mersinkadingazetesi.com\/index.php?rest_route=\/wp\/v2\/types\/post"}],"author":[{"embeddable":true,"href":"https:\/\/mersinkadingazetesi.com\/index.php?rest_route=\/wp\/v2\/users\/2"}],"replies":[{"embeddable":true,"href":"https:\/\/mersinkadingazetesi.com\/index.php?rest_route=%2Fwp%2Fv2%2Fcomments&post=35450"}],"version-history":[{"count":1,"href":"https:\/\/mersinkadingazetesi.com\/index.php?rest_route=\/wp\/v2\/posts\/35450\/revisions"}],"predecessor-version":[{"id":35452,"href":"https:\/\/mersinkadingazetesi.com\/index.php?rest_route=\/wp\/v2\/posts\/35450\/revisions\/35452"}],"wp:featuredmedia":[{"embeddable":true,"href":"https:\/\/mersinkadingazetesi.com\/index.php?rest_route=\/wp\/v2\/media\/35451"}],"wp:attachment":[{"href":"https:\/\/mersinkadingazetesi.com\/index.php?rest_route=%2Fwp%2Fv2%2Fmedia&parent=35450"}],"wp:term":[{"taxonomy":"category","embeddable":true,"href":"https:\/\/mersinkadingazetesi.com\/index.php?rest_route=%2Fwp%2Fv2%2Fcategories&post=35450"},{"taxonomy":"post_tag","embeddable":true,"href":"https:\/\/mersinkadingazetesi.com\/index.php?rest_route=%2Fwp%2Fv2%2Ftags&post=35450"}],"curies":[{"name":"wp","href":"https:\/\/api.w.org\/{rel}","templated":true}]}}