{"id":35453,"date":"2024-09-25T12:42:56","date_gmt":"2024-09-25T09:42:56","guid":{"rendered":"https:\/\/mersinkadingazetesi.com\/?p=35453"},"modified":"2024-09-25T12:42:57","modified_gmt":"2024-09-25T09:42:57","slug":"mersin-barosunun-emektar-avukatlarina-plaket-takdim-edildi","status":"publish","type":"post","link":"https:\/\/mersinkadingazetesi.com\/?p=35453","title":{"rendered":"MERS\u0130N BAROSU&#8217;NUN EMEKTAR AVUKATLARINA PLAKET TAKD\u0130M ED\u0130LD\u0130"},"content":{"rendered":"\n<p>Mersin Barosu Ba\u015fkan\u0131 Av. Gazi \u00d6zdemir, 2022-2024 d\u00f6nemi g\u00f6rev s\u00fcresince \u00f6zveriyle \u00e7al\u0131\u015fan y\u00f6netim kurulu \u00fcyelerine, il\u00e7e temsilcilerine, &nbsp;Baro b\u00fcnyesindeki merkez ve komisyon ba\u015fkanlar\u0131na ve t\u00fcm kurullarda g\u00f6rev alan meslekta\u015flar\u0131na d\u00fczenlenen gecede plaket takdim etti.<\/p>\n\n\n\n<p>Yakla\u015fan baro se\u00e7imleri \u00f6ncesi emektar meslekta\u015flar\u0131yla Mersin Barosu G\u00f6kdelen hizmet biriminde d\u00fczenlenen gecede bir araya gelen Mersin Barosu Ba\u015fkan\u0131 Av. Gazi \u00d6zdemir yapt\u0131\u011f\u0131 konu\u015fmas\u0131nda, 2022-2024 d\u00f6nemi g\u00f6rev s\u00fcresi boyunca; ba\u015fkanl\u0131k divan\u0131 ve y\u00f6netim kurulu \u00fcyeleri, baro b\u00fcnyesindeki merkez ve&nbsp; komisyon ba\u015fkanlar\u0131, staj kurulu, T\u00fcrkiye Barolar Birli\u011fi delegeleri, disiplin ve denetleme kurulu&nbsp; \u00fcyeleri ile &nbsp;i\u015f birli\u011fi i\u00e7erisinde \u00e7al\u0131\u015fmaktan mutluluk duydu\u011funu ifade ederek, &#8220;Ekip olarak insan haklar\u0131, hayvan haklar\u0131 ve \u00e7evre haklar\u0131 konular\u0131 ba\u015fta olmak \u00fczere, mesle\u011fimizin de sorunlar\u0131na y\u00f6nelik \u00f6nemli \u00e7al\u0131\u015fmalar yapt\u0131k.&nbsp;G\u00f6rev s\u00fcremiz boyunca sizlerin vermi\u015f oldu\u011fu emek sayesinde, Baromuza ve meslekta\u015flar\u0131m\u0131za hizmet sunarak birlikte g\u00fczel i\u015flere imza att\u0131k.&nbsp;Bu yolu sizlerle birlikte y\u00fcr\u00fcmekten b\u00fcy\u00fck mutluluk duydum. Mersin Barosu&#8217;na katt\u0131\u011f\u0131n\u0131z de\u011fer ve verdi\u011finiz emekler i\u00e7in te\u015fekk\u00fcr ediyor, yeni d\u00f6nemde yine ba\u015far\u0131l\u0131 \u00e7al\u0131\u015fmalarla Baromuza b\u00fcy\u00fck katk\u0131lar sunaca\u011f\u0131m\u0131za inan\u0131yorum&#8221; diye konu\u015ftu.<\/p>\n\n\n\n<p>Plaket takdiminin ard\u0131ndan Baro y\u00f6netimi meslekta\u015flar\u0131yla sohbet ederek keyifli vakit ge\u00e7irdi.&nbsp;<\/p>\n","protected":false},"excerpt":{"rendered":"<p>Mersin Barosu Ba\u015fkan\u0131 Av. Gazi \u00d6zdemir, 2022-2024 d\u00f6nemi g\u00f6rev s\u00fcresince \u00f6zveriyle \u00e7al\u0131\u015fan y\u00f6netim kurulu \u00fcyelerine, il\u00e7e temsilcilerine, &nbsp;Baro b\u00fcnyesindeki merkez ve komisyon ba\u015fkanlar\u0131na ve t\u00fcm kurullarda g\u00f6rev alan meslekta\u015flar\u0131na d\u00fczenlenen gecede plaket takdim etti. Yakla\u015fan baro se\u00e7imleri \u00f6ncesi emektar meslekta\u015flar\u0131yla Mersin Barosu G\u00f6kdelen hizmet biriminde d\u00fczenlenen gecede bir araya gelen Mersin Barosu Ba\u015fkan\u0131 Av. Gazi [&hellip;]<\/p>\n","protected":false},"author":2,"featured_media":35454,"comment_status":"closed","ping_status":"closed","sticky":false,"template":"","format":"standard","meta":{"footnotes":""},"categories":[3],"tags":[],"class_list":["post-35453","post","type-post","status-publish","format-standard","has-post-thumbnail","hentry","category-manset"],"views":4,"_links":{"self":[{"href":"https:\/\/mersinkadingazetesi.com\/index.php?rest_route=\/wp\/v2\/posts\/35453"}],"collection":[{"href":"https:\/\/mersinkadingazetesi.com\/index.php?rest_route=\/wp\/v2\/posts"}],"about":[{"href":"https:\/\/mersinkadingazetesi.com\/index.php?rest_route=\/wp\/v2\/types\/post"}],"author":[{"embeddable":true,"href":"https:\/\/mersinkadingazetesi.com\/index.php?rest_route=\/wp\/v2\/users\/2"}],"replies":[{"embeddable":true,"href":"https:\/\/mersinkadingazetesi.com\/index.php?rest_route=%2Fwp%2Fv2%2Fcomments&post=35453"}],"version-history":[{"count":1,"href":"https:\/\/mersinkadingazetesi.com\/index.php?rest_route=\/wp\/v2\/posts\/35453\/revisions"}],"predecessor-version":[{"id":35455,"href":"https:\/\/mersinkadingazetesi.com\/index.php?rest_route=\/wp\/v2\/posts\/35453\/revisions\/35455"}],"wp:featuredmedia":[{"embeddable":true,"href":"https:\/\/mersinkadingazetesi.com\/index.php?rest_route=\/wp\/v2\/media\/35454"}],"wp:attachment":[{"href":"https:\/\/mersinkadingazetesi.com\/index.php?rest_route=%2Fwp%2Fv2%2Fmedia&parent=35453"}],"wp:term":[{"taxonomy":"category","embeddable":true,"href":"https:\/\/mersinkadingazetesi.com\/index.php?rest_route=%2Fwp%2Fv2%2Fcategories&post=35453"},{"taxonomy":"post_tag","embeddable":true,"href":"https:\/\/mersinkadingazetesi.com\/index.php?rest_route=%2Fwp%2Fv2%2Ftags&post=35453"}],"curies":[{"name":"wp","href":"https:\/\/api.w.org\/{rel}","templated":true}]}}