{"id":35459,"date":"2024-09-25T13:38:38","date_gmt":"2024-09-25T10:38:38","guid":{"rendered":"https:\/\/mersinkadingazetesi.com\/?p=35459"},"modified":"2024-09-25T13:38:38","modified_gmt":"2024-09-25T10:38:38","slug":"tarsus-belediyesinden-meclis-uyelerine-kadina-yonelik-siddetle-mucadele-toplantisi","status":"publish","type":"post","link":"https:\/\/mersinkadingazetesi.com\/?p=35459","title":{"rendered":"TARSUS BELED\u0130YES\u0130\u2019NDEN MECL\u0130S \u00dcYELER\u0130NE KADINA Y\u00d6NEL\u0130K \u015e\u0130DDETLE M\u00dcCADELE TOPLANTISI"},"content":{"rendered":"\n<p>Tarsus Belediyesi, Mersin Valili\u011fi \u0130l Eylem Plan\u0131 kapsam\u0131nda kad\u0131na y\u00f6nelik \u015fiddetle m\u00fccadele konusunda fark\u0131ndal\u0131k yaratmak amac\u0131yla meclis \u00fcyelerine bilgilendirme toplant\u0131s\u0131 d\u00fczenledi. Toplant\u0131da toplumsal cinsiyet e\u015fitli\u011finin \u00f6nemi ve 6284 say\u0131l\u0131 kanunun detaylar\u0131 ele al\u0131nd\u0131.<\/p>\n\n\n\n<p>Tarsus Belediyesi Kad\u0131n ve Aile Hizmetleri M\u00fcd\u00fcrl\u00fc\u011f\u00fc koordinasyonunda belediye meclis \u00fcyelerine, \u00c7a\u011f \u00dcniversitesi \u00d6\u011fretim \u00dcyesi Emine Sara\u00e7 ve Mersin Barosu Tarsus Temsilcili\u011finden Avukat T\u00fcrkan \u00d6z\u00fcm \u00d6z taraf\u0131ndan e\u011fitim verildi. E\u011fitimde kad\u0131nlar\u0131n toplumdaki stat\u00fcs\u00fcn\u00fcn g\u00fc\u00e7lendirilmesi gerekti\u011fi vurguland\u0131. Bunun yan\u0131 s\u0131ra, \u00f6zellikle aile i\u00e7i \u015fiddet vakalar\u0131n\u0131n \u00f6nlenmesi i\u00e7in b\u00fcy\u00fck \u00f6nem ta\u015f\u0131yan 6284 say\u0131l\u0131 \u201cAilenin Korunmas\u0131 ve Kad\u0131na Kar\u015f\u0131 \u015eiddetin \u00d6nlenmesi Kanunu\u201d detayl\u0131 bir \u015fekilde ele al\u0131nd\u0131.<\/p>\n\n\n\n<p><strong>TOPLUMSAL C\u0130NS\u0130YET E\u015e\u0130TL\u0130\u011e\u0130N\u0130N \u00d6NEM\u0130NE VURGULANDI<\/strong><\/p>\n\n\n\n<p>Kat\u0131l\u0131mc\u0131lara verilen e\u011fitimde, \u015fiddet ma\u011fduru kad\u0131nlar\u0131n korunmas\u0131 i\u00e7in yasal \u00e7er\u00e7eve, hukuki haklar ve ba\u015fvuru yollar\u0131 anlat\u0131ld\u0131. Ayr\u0131ca toplumsal cinsiyet e\u015fitli\u011finin \u00f6nemine vurgu yap\u0131l\u0131rken, cinsiyet temelli ayr\u0131mc\u0131l\u0131\u011f\u0131n toplumun her kesiminde ortadan kald\u0131r\u0131lmas\u0131 i\u00e7in yerel y\u00f6netimlerin oynad\u0131\u011f\u0131 kritik role dikkat \u00e7ekildi.<\/p>\n","protected":false},"excerpt":{"rendered":"<p>Tarsus Belediyesi, Mersin Valili\u011fi \u0130l Eylem Plan\u0131 kapsam\u0131nda kad\u0131na y\u00f6nelik \u015fiddetle m\u00fccadele konusunda fark\u0131ndal\u0131k yaratmak amac\u0131yla meclis \u00fcyelerine bilgilendirme toplant\u0131s\u0131 d\u00fczenledi. Toplant\u0131da toplumsal cinsiyet e\u015fitli\u011finin \u00f6nemi ve 6284 say\u0131l\u0131 kanunun detaylar\u0131 ele al\u0131nd\u0131. Tarsus Belediyesi Kad\u0131n ve Aile Hizmetleri M\u00fcd\u00fcrl\u00fc\u011f\u00fc koordinasyonunda belediye meclis \u00fcyelerine, \u00c7a\u011f \u00dcniversitesi \u00d6\u011fretim \u00dcyesi Emine Sara\u00e7 ve Mersin Barosu Tarsus Temsilcili\u011finden [&hellip;]<\/p>\n","protected":false},"author":2,"featured_media":35460,"comment_status":"closed","ping_status":"closed","sticky":false,"template":"","format":"standard","meta":{"footnotes":""},"categories":[34,3,5],"tags":[],"class_list":["post-35459","post","type-post","status-publish","format-standard","has-post-thumbnail","hentry","category-flas-haber","category-manset","category-mersin"],"views":2,"_links":{"self":[{"href":"https:\/\/mersinkadingazetesi.com\/index.php?rest_route=\/wp\/v2\/posts\/35459"}],"collection":[{"href":"https:\/\/mersinkadingazetesi.com\/index.php?rest_route=\/wp\/v2\/posts"}],"about":[{"href":"https:\/\/mersinkadingazetesi.com\/index.php?rest_route=\/wp\/v2\/types\/post"}],"author":[{"embeddable":true,"href":"https:\/\/mersinkadingazetesi.com\/index.php?rest_route=\/wp\/v2\/users\/2"}],"replies":[{"embeddable":true,"href":"https:\/\/mersinkadingazetesi.com\/index.php?rest_route=%2Fwp%2Fv2%2Fcomments&post=35459"}],"version-history":[{"count":1,"href":"https:\/\/mersinkadingazetesi.com\/index.php?rest_route=\/wp\/v2\/posts\/35459\/revisions"}],"predecessor-version":[{"id":35461,"href":"https:\/\/mersinkadingazetesi.com\/index.php?rest_route=\/wp\/v2\/posts\/35459\/revisions\/35461"}],"wp:featuredmedia":[{"embeddable":true,"href":"https:\/\/mersinkadingazetesi.com\/index.php?rest_route=\/wp\/v2\/media\/35460"}],"wp:attachment":[{"href":"https:\/\/mersinkadingazetesi.com\/index.php?rest_route=%2Fwp%2Fv2%2Fmedia&parent=35459"}],"wp:term":[{"taxonomy":"category","embeddable":true,"href":"https:\/\/mersinkadingazetesi.com\/index.php?rest_route=%2Fwp%2Fv2%2Fcategories&post=35459"},{"taxonomy":"post_tag","embeddable":true,"href":"https:\/\/mersinkadingazetesi.com\/index.php?rest_route=%2Fwp%2Fv2%2Ftags&post=35459"}],"curies":[{"name":"wp","href":"https:\/\/api.w.org\/{rel}","templated":true}]}}