{"id":35462,"date":"2024-09-25T16:37:51","date_gmt":"2024-09-25T13:37:51","guid":{"rendered":"https:\/\/mersinkadingazetesi.com\/?p=35462"},"modified":"2024-09-25T16:37:51","modified_gmt":"2024-09-25T13:37:51","slug":"deva-partili-ekmen-ulkenin-gercek-gundemi-adaylar-veya-yeni-anayasa-degil","status":"publish","type":"post","link":"https:\/\/mersinkadingazetesi.com\/?p=35462","title":{"rendered":"DEVA Partili Ekmen: \u00dclkenin ger\u00e7ek g\u00fcndemi adaylar veya yeni anayasa de\u011fil\u00a0"},"content":{"rendered":"\n<p><strong>DEVA Partisi Genel Ba\u015fkan Yard\u0131mc\u0131s\u0131 Mehmet Emin Ekmen, kat\u0131ld\u0131\u011f\u0131 televizyon program\u0131nda g\u00fcndeme ili\u015f<\/strong><strong>kin de<\/strong><strong>\u011ferlendirmelerde bulundu. Sa\u011fl\u0131kl\u0131 bir parlamenter sisteme ihtiya\u00e7 oldu\u011funu vurgulayan Ekmen, \u00fclkenin ger\u00e7ek g\u00fcndeminin anayasa tart\u0131\u015f<\/strong><strong>mas<\/strong><strong>\u0131 olmad\u0131\u011f\u0131n\u0131<\/strong><strong>n alt<\/strong><strong>\u0131n\u0131 \u00e7izerek,&nbsp;<\/strong><strong>\u201c<\/strong><strong>Anneler \u00e7ocuklar\u0131n\u0131n \u00e7antas\u0131na bir po\u011fa\u00e7a meyve suyu koyam\u0131yor. Temizlik g<\/strong><strong>\u00f6<\/strong><strong>revlisi olmayan okullar\u0131n hali ortada. \u00c7<\/strong><strong>ift<\/strong><strong>\u00e7ilerin hali ortada, hayvanc\u0131l\u0131\u011f\u0131n hali ortada. Biz neyi tart\u0131\u015f\u0131yoruz?\u201d ifadesini kulland\u0131.<\/strong><\/p>\n\n\n\n<p>DEVA Partisi Genel Ba\u015fkan Yard\u0131mc\u0131s\u0131 ve Mersin Milletvekili Mehmet Emin Ekmen, Habert\u00fcrk TV\u2019de Faruk Aksoy\u2019un sundu\u011fu \u201cNedir, Ne De\u011fildir\u201d program\u0131na konuk oldu. G\u00fcndemin&nbsp;\u00f6ne \u00e7\u0131kan ba\u015fl\u0131klar\u0131n\u0131n konu\u015fuldu\u011fu programda Ekmen, ekonomi ba\u015fta olmak \u00fczere parlamenter sistem, erken se\u00e7im, DEVA Partisi ve Gelecek Partisi birle\u015fme g\u00f6r\u00fc\u015fmeleriyle ilgili de\u011ferlendirmelerde bulundu.&nbsp;<\/p>\n\n\n\n<p><strong>CHP i\u00e7indeki tart\u0131\u015fmalar da ger\u00e7ek g\u00fcndemi karart\u0131yor<\/strong><\/p>\n\n\n\n<p>Ekmen, Cumhurba\u015fkan\u0131 Recep Tayyip Erdo\u011fan\u2019\u0131 ve AK Parti\u2019yi ger\u00e7ek g\u00fcndemi karartmakla ele\u015ftirdiklerini hat\u0131rlatarak, muhalefetin de ayn\u0131 hataya d\u00fc\u015ft\u00fc\u011f\u00fcn\u00fc vurgulad\u0131.&nbsp;\u00dclkenin ger\u00e7ek g\u00fcndeminin anayasa tart\u0131\u015fmas\u0131 olmad\u0131\u011f\u0131n\u0131 s\u00f6yleyen Ekmen,&nbsp;\u201c\u00dclkede emeklinin bir derdi var, asgari \u00fccretlinin bir derdi var. Okullar\u0131m\u0131z a\u00e7\u0131ld\u0131. Aileler k\u0131rtasiye al\u0131\u015fveri\u015fi yapam\u0131yor. On binlerce \u00f6\u011fretmen aday\u0131 atama soruncunun a\u00e7\u0131klanmas\u0131n\u0131 bekliyor. Anneler \u00e7ocuklar\u0131n\u0131n \u00e7antas\u0131na bir po\u011fa\u00e7a meyve suyu koyam\u0131yor. &nbsp;Temizlik g\u00f6revlisi olmayan okullar\u0131n hali ortada. \u00c7ift\u00e7ilerin hali ortada, hayvanc\u0131l\u0131\u011f\u0131n hali ortada. Biz neyi tart\u0131\u015f\u0131yoruz? Anayasa de\u011fi\u015fikli\u011fini tart\u0131\u015f\u0131yoruz, adaylar\u0131&nbsp;tart\u0131\u015f\u0131yoruz\u2026 Bir tak\u0131m suni g\u00fcndemleri tart\u0131\u015f\u0131yoruz diye hep iktidar\u0131 ele\u015ftiriyorduk. Ama bug\u00fcn itibariyle CHP i\u00e7erisindeki bu tart\u0131\u015fman\u0131n da toplumun, siyasetin ve se\u00e7menin ger\u00e7ek g\u00fcndemini g\u00f6lgeleme gibi bir y\u00f6n\u00fc oldu\u011funu tespit etmemiz gerekiyor\u201d ifadelerini kulland\u0131.&nbsp;<\/p>\n\n\n\n<p><strong>Erken se\u00e7imden \u00e7ok yap\u0131sal ve g\u00fcndelik sorunlara yo\u011funla\u015fmalar\u0131 gerekir<\/strong><\/p>\n\n\n\n<p>Erken se\u00e7im iddialar\u0131yla ilgili de\u011ferlendirmelerde bulunan Ekmen, \u015f\u00f6yle devam etti:<\/p>\n\n\n\n<p>\u201cBir muhalefet partisinin erken se\u00e7imi istememesi d\u00fc\u015f\u00fcn\u00fclemez. Ancak \u015funu da tespit etmek gerekir ki; anayasam\u0131za g\u00f6re erken se\u00e7im karar\u0131n\u0131 ya bizzat cumhurba\u015fkan\u0131 ya da Meclis\u2019in almas\u0131 gerekiyor. Yani Erdo\u011fan\u2019\u0131n ve Ak Partinin istemedi\u011fi bir se\u00e7im karar\u0131 al\u0131namaz. Ben geriye d\u00f6n\u00fcp bakt\u0131\u011f\u0131mda, 36 askerimizin \u015fehit edildi\u011fi sald\u0131r\u0131, Hendek olaylar\u0131, 17-25 Aral\u0131k, 15 Temmuz hain darbe giri\u015fimi, dolar\u0131n bir gecede 3 liradan 8, 8 liradan 15 liraya \u00e7\u0131kmas\u0131 s\u00fcre\u00e7 i\u00e7erisinde 15 liradan 35 lira olmas\u0131 gibi bir\u00e7ok zor s\u00fcreci Erdo\u011fan&#8217;\u0131n se\u00e7ime gitmeden atlatabildi\u011fini g\u00f6r\u00fcyorum. Muhalefetin, erken se\u00e7imi istemekle birlikte, enerjisini daha \u00e7ok vatanda\u015f\u0131n g\u00fcnl\u00fck ve sistemin yap\u0131sal sorunlar\u0131na teklif etmesi gerekir.\u201d<\/p>\n","protected":false},"excerpt":{"rendered":"<p>DEVA Partisi Genel Ba\u015fkan Yard\u0131mc\u0131s\u0131 Mehmet Emin Ekmen, kat\u0131ld\u0131\u011f\u0131 televizyon program\u0131nda g\u00fcndeme ili\u015fkin de\u011ferlendirmelerde bulundu. Sa\u011fl\u0131kl\u0131 bir parlamenter sisteme ihtiya\u00e7 oldu\u011funu vurgulayan Ekmen, \u00fclkenin ger\u00e7ek g\u00fcndeminin anayasa tart\u0131\u015fmas\u0131 olmad\u0131\u011f\u0131n\u0131n alt\u0131n\u0131 \u00e7izerek,&nbsp;\u201cAnneler \u00e7ocuklar\u0131n\u0131n \u00e7antas\u0131na bir po\u011fa\u00e7a meyve suyu koyam\u0131yor. Temizlik g\u00f6revlisi olmayan okullar\u0131n hali ortada. \u00c7ift\u00e7ilerin hali ortada, hayvanc\u0131l\u0131\u011f\u0131n hali ortada. Biz neyi tart\u0131\u015f\u0131yoruz?\u201d ifadesini kulland\u0131. [&hellip;]<\/p>\n","protected":false},"author":2,"featured_media":35261,"comment_status":"closed","ping_status":"closed","sticky":false,"template":"","format":"standard","meta":{"footnotes":""},"categories":[3,6],"tags":[],"class_list":["post-35462","post","type-post","status-publish","format-standard","has-post-thumbnail","hentry","category-manset","category-siyaset-2"],"views":12,"_links":{"self":[{"href":"https:\/\/mersinkadingazetesi.com\/index.php?rest_route=\/wp\/v2\/posts\/35462"}],"collection":[{"href":"https:\/\/mersinkadingazetesi.com\/index.php?rest_route=\/wp\/v2\/posts"}],"about":[{"href":"https:\/\/mersinkadingazetesi.com\/index.php?rest_route=\/wp\/v2\/types\/post"}],"author":[{"embeddable":true,"href":"https:\/\/mersinkadingazetesi.com\/index.php?rest_route=\/wp\/v2\/users\/2"}],"replies":[{"embeddable":true,"href":"https:\/\/mersinkadingazetesi.com\/index.php?rest_route=%2Fwp%2Fv2%2Fcomments&post=35462"}],"version-history":[{"count":1,"href":"https:\/\/mersinkadingazetesi.com\/index.php?rest_route=\/wp\/v2\/posts\/35462\/revisions"}],"predecessor-version":[{"id":35463,"href":"https:\/\/mersinkadingazetesi.com\/index.php?rest_route=\/wp\/v2\/posts\/35462\/revisions\/35463"}],"wp:featuredmedia":[{"embeddable":true,"href":"https:\/\/mersinkadingazetesi.com\/index.php?rest_route=\/wp\/v2\/media\/35261"}],"wp:attachment":[{"href":"https:\/\/mersinkadingazetesi.com\/index.php?rest_route=%2Fwp%2Fv2%2Fmedia&parent=35462"}],"wp:term":[{"taxonomy":"category","embeddable":true,"href":"https:\/\/mersinkadingazetesi.com\/index.php?rest_route=%2Fwp%2Fv2%2Fcategories&post=35462"},{"taxonomy":"post_tag","embeddable":true,"href":"https:\/\/mersinkadingazetesi.com\/index.php?rest_route=%2Fwp%2Fv2%2Ftags&post=35462"}],"curies":[{"name":"wp","href":"https:\/\/api.w.org\/{rel}","templated":true}]}}