{"id":35485,"date":"2024-09-26T09:19:52","date_gmt":"2024-09-26T06:19:52","guid":{"rendered":"https:\/\/mersinkadingazetesi.com\/?p=35485"},"modified":"2024-09-26T09:54:26","modified_gmt":"2024-09-26T06:54:26","slug":"secer-hangi-siyasi-gorusten-olursa-olsun-her-3-kisiden-birinin-oyunu-aldik","status":"publish","type":"post","link":"https:\/\/mersinkadingazetesi.com\/?p=35485","title":{"rendered":"SE\u00c7ER: &#8220;HANG\u0130 S\u0130YAS\u0130 G\u00d6R\u00dc\u015eTEN OLURSA OLSUN HER 3 K\u0130\u015e\u0130DEN B\u0130R\u0130N\u0130N OYUNU ALDIK&#8221;"},"content":{"rendered":"\n<p>Mersin B\u00fcy\u00fck\u015fehir Belediye Ba\u015fkan\u0131 Vahap Se\u00e7er, Tarsus Ticaret ve Sanayi Odas\u0131 (TTSO) Eyl\u00fcl Ay\u0131 Ola\u011fan Meclis Toplant\u0131s\u0131 ve M\u00fc\u015fterek Komite Toplant\u0131s\u0131&#8217;na kat\u0131l\u0131m sa\u011flad\u0131. Ba\u015fkan Se\u00e7er, Tarsus Ticaret ve Sanayi Odas\u0131&#8217;n\u0131n 145. Kurulu\u015f Y\u0131l D\u00f6n\u00fcm\u00fcn\u00fc de kutlad\u0131.<\/p>\n\n\n\n<p>Tarsus Ticaret ve Sanayi Odas\u0131&#8217;nda d\u00fczenlenen Meclis Toplant\u0131s\u0131&#8217;na; Mersin B\u00fcy\u00fck\u015fehir Belediye Ba\u015fkan\u0131 Vahap Se\u00e7er, Tarsus Belediye Ba\u015fkan\u0131 Ali Bolta\u00e7, TTSO Y\u00f6netim Kurulu Ba\u015fkan\u0131 H. Ruhi Ko\u00e7ak, TTSO Meclis Ba\u015fkan\u0131 H\u00fcsn\u00fc Ya\u011fc\u0131, Cumhuriyet Halk Partisi (CHP) Tarsus \u0130l\u00e7e Ba\u015fkan\u0131 Selahattin \u015eahin, TTSO Meclis \u00fcyeleri, B\u00fcy\u00fck\u015fehir Belediyesi ve Tarsus Belediyesi Meclis \u00fcyeleri, Mersin B\u00fcy\u00fck\u015fehir Belediyesi b\u00fcrokratlar\u0131, i\u015f insanlar\u0131, STK temsilcileri, kooperatif ba\u015fkanlar\u0131, oda, dernek ba\u015fkan ve y\u00f6neticileri kat\u0131l\u0131m sa\u011flad\u0131.<\/p>\n\n\n\n<p><strong>Se\u00e7er: &#8220;Tarsus&#8217;ta bir\u00e7ok hizmet g\u00f6reve geldi\u011fimde yap\u0131ld\u0131&#8221;<\/strong><\/p>\n\n\n\n<p>Konu\u015fmas\u0131na ger\u00e7ekle\u015ftirilen toplant\u0131dan dolay\u0131 TTSO y\u00f6netimi, meclisi ve \u00fcyelerine te\u015fekk\u00fcr ederek ba\u015flayan Ba\u015fkan Vahap Se\u00e7er, bu t\u00fcr bir araya geli\u015flerin daha s\u0131k olmas\u0131 gerekti\u011fini belirterek, diyalog ve isti\u015farelerin Tarsus&#8217;ta art\u0131k gelenek haline gelmesi gerekti\u011fine i\u015faret etti. Tarsus&#8217;ta y\u0131llard\u0131r hizmete al\u0131nmam\u0131\u015f bir\u00e7ok icraat\u0131n 2019 y\u0131l\u0131nda kendisinin g\u00f6reve gelmesinin ard\u0131ndan ger\u00e7ekle\u015ftirildi\u011fini belirten Se\u00e7er, Tarsus ve Tarsuslular i\u00e7in hizmet \u00fcretmekten asla geri durmad\u0131\u011f\u0131n\u0131 kaydetti. De\u011fi\u015fimlerin zorlu ve sanc\u0131l\u0131 s\u00fcre\u00e7ler oldu\u011funu ifade eden Se\u00e7er,&nbsp;<strong>&#8220;De\u011fi\u015fim zordur, sanc\u0131l\u0131d\u0131r, komplikasyonlar\u0131 olur. Bak\u0131n biz 5 y\u0131ld\u0131r hi\u00e7 bunlar\u0131 g\u00fcndemimize bile almad\u0131k. Ge\u00e7tik oturduk, olmas\u0131 gerekti\u011fi \u015fekliyle ama k\u0131rmadan, d\u00f6kmeden ve da\u011f\u0131tmadan yapt\u0131k&#8221;<\/strong>&nbsp;dedi.<\/p>\n\n\n\n<p><strong>&#8220;G\u00f6reve geldikten sonra b\u00fct\u00fcn zorluklara ra\u011fmen mali disiplini sa\u011flad\u0131k&#8221;<\/strong><\/p>\n\n\n\n<p>G\u00f6reve geldikten sonra B\u00fcy\u00fck\u015fehir Belediyesi&#8217;nde mali disiplini sa\u011flad\u0131klar\u0131n\u0131 belirten Se\u00e7er, ge\u00e7mi\u015f d\u00f6nemde kalan bor\u00e7larda da \u00e7ok fazla azalma ya\u015fand\u0131\u011f\u0131na dikkat \u00e7ekti. Se\u00e7er,&nbsp;<strong>&#8220;B\u00fcy\u00fck\u015fehir Belediyesi, o g\u00fcnden bug\u00fcne 530 milyon dolar olan borcunu \u015fu anda 245 milyon dolar azaltm\u0131\u015f. Bu \u00e7er\u00e7evede bir mali disiplin sa\u011flam\u0131\u015f, bunun yan\u0131nda insan kayna\u011f\u0131n\u0131 yenilemi\u015f, b\u00fct\u00fcn bu zorluklara ra\u011fmen hizmetlerini yapm\u0131\u015f&#8221;<\/strong>&nbsp;ifadelerini kulland\u0131.<\/p>\n\n\n\n<p><strong>&#8220;Hangi siyasi g\u00f6r\u00fc\u015ften olursa olsun her 3 ki\u015fiden ikisinin oyunu ald\u0131k&#8221;<\/strong><\/p>\n\n\n\n<p>Mersin&#8217;in her il\u00e7esinde farkl\u0131 siyasi k\u00fclt\u00fcr, inan\u00e7 ve etnik gruptan insanlar\u0131n oldu\u011funu kaydeden Se\u00e7er, her kesime ula\u015ft\u0131klar\u0131n\u0131 vurgulayarak;&nbsp;<strong>&#8220;\u00c7al\u0131\u015ft\u0131k, didindik ve yapt\u0131k. Hangi siyasi g\u00f6r\u00fc\u015ften olursa olsun her 3 ki\u015fiden ikisinin oyunu ald\u0131k&#8221;<\/strong>&nbsp;dedi. G\u00f6rev s\u00fcresi boyunca daima i\u015f insanlar\u0131 ile bir araya gelmeye \u00e7al\u0131\u015ft\u0131\u011f\u0131n\u0131 vurgulayan Se\u00e7er,&nbsp;<strong>&#8220;Beni s\u00fcrekli toplant\u0131lara \u00e7a\u011f\u0131ran, saatlerce dinleyen i\u015f insanlar\u0131 var. Ben MTSO&#8217;da onlar\u0131n davetleri \u00fczerine defaatle toplant\u0131lar yapt\u0131m. Ula\u015f\u0131m\u0131n, minib\u00fcs\u00e7\u00fcn\u00fcn, ihracat\u00e7\u0131n\u0131n, esnaf\u0131n; herkesin bir sorunu var. Do\u011fal olarak herkes belediye ba\u015fkan\u0131ndan sorunlar\u0131na \u00e7\u00f6z\u00fcm ister&#8221;<\/strong>&nbsp;diye konu\u015ftu.<\/p>\n\n\n\n<p><strong>&#8220;Sorumlulu\u011fumuzun ve y\u00fck\u00fcm\u00fcz\u00fcn fark\u0131nday\u0131z&#8221;<\/strong><\/p>\n\n\n\n<p>B\u00fcy\u00fck\u015fehir Belediyesi&#8217;nin her il\u00e7ede oldu\u011fu gibi Tarsus&#8217;ta da en iyi hizmeti sunma gayreti g\u00f6sterdi\u011finin alt\u0131n\u0131 \u00e7izen Se\u00e7er, Tarsuslular\u0131n bu gayreti g\u00f6rd\u00fc\u011f\u00fcn\u00fc ve desteklerini esirgemedi\u011fini de belirtti. Se\u00e7er,&nbsp;<strong>&#8220;B\u00fcy\u00fck\u015fehir Belediyesi&#8217;ni de Tarsus Belediyesi&#8217;ni de kazand\u0131k. Tarsus halk\u0131 bize daha fazla destek verdi, g\u00fcven sundu. Sorumlulu\u011fumuzun ve y\u00fck\u00fcm\u00fcz\u00fcn fark\u0131nday\u0131z. Ge\u00e7en d\u00f6nem de Tarsus&#8217;ta \u00e7ok g\u00fczel \u015feyler yapt\u0131k ama bu d\u00f6nem \u00e7ok daha fazlas\u0131n\u0131 yapar\u0131z&#8221;<\/strong>&nbsp;dedi. Tarsus&#8217;un ge\u00e7mi\u015f d\u00f6nemlerde ba\u015fka siyasi partiler taraf\u0131ndan y\u00f6netildi\u011fini hat\u0131rlatan Se\u00e7er,&nbsp;<strong>&#8220;Tarsus i\u00e7in kadim kent, k\u00fclt\u00fcr kenti, sanat kenti deniliyor ama;&nbsp;<em>&#8216;Bug\u00fcne kadar neredeymi\u015f bu y\u00f6neticiler?&#8217;<\/em>&nbsp;diye adama sorarlar. Ge\u00e7ti\u011fimiz d\u00f6nem bir 5 y\u0131l biz y\u00f6nettik ama bu s\u00fcre\u00e7te elimizden gelen gayreti g\u00f6sterdik. \u015eimdi ikinci 5 y\u0131lda bizler bu eksikleri tamamlama pe\u015findeyiz&#8221;<\/strong>&nbsp;diyerek, Tarsus&#8217;ta \u00e7ok daha g\u00fczel hizmetler hayata ge\u00e7irecekleri dile getirdi.<\/p>\n\n\n\n<p><strong>&#8220;\u0130lmek ilmek \u00f6r\u00fclmesi gereken \u00e7al\u0131\u015fmalar var&#8221;<\/strong><\/p>\n\n\n\n<p>Ge\u00e7ti\u011fimiz 5 y\u0131lda hizmet noktas\u0131nda ellerinden gelenin en iyisi yapt\u0131klar\u0131n\u0131 ifade eden Ba\u015fkan Se\u00e7er, ikinci d\u00f6nemde eksikleri tamamlayacaklar\u0131n\u0131 kaydetti. Tarsus&#8217;un 2014 B\u00fct\u00fcn\u015fehir Yasas\u0131&#8217;ndan \u00f6nce B\u00fcy\u00fck\u015fehir Belediyesi&#8217;nin uhdesinde olmad\u0131\u011f\u0131n\u0131 s\u00f6yleyen Ba\u015fkan Se\u00e7er,&nbsp;<strong>&#8220;Tarsus planlar\u0131 ile ilgili de \u00e7al\u0131\u015f\u0131yoruz. \u015eu anda merkezde koruma ama\u00e7l\u0131 naz\u0131m imar plan\u0131 \u00e7al\u0131\u015fmalar\u0131 var. Burada il\u00e7e belediyesi ve \u00fcniversite ile beraber \u00e7al\u0131\u015fmalar\u0131m\u0131z\u0131 devam ettiriyoruz. Buras\u0131 Tarsus&#8217;un eski merkezi, kadim yeri, sit alanlar\u0131n\u0131n ve tarihi alanlar\u0131n yo\u011fun oldu\u011fu; yani bir \u00e7ivi dahi \u00e7akamayaca\u011f\u0131n\u0131z alanlar. \u015eimdi burada bir \u00e7al\u0131\u015fma ba\u015flatt\u0131k ki sonra eyleme ge\u00e7elim. Biz bunu Mersin&#8217;de yapt\u0131k&#8221;<\/strong>&nbsp;dedi ve \u0130stiklal Caddesi, Uray Caddesi, Kasaplar \u00c7ar\u015f\u0131s\u0131, Zafer \u00c7ar\u015f\u0131s\u0131, K\u0131rm\u0131z\u0131 Lacivet \u0130\u015f Han\u0131 gibi alanlarda yap\u0131lan ve s\u00fcren \u00e7al\u0131\u015fmalardan \u00f6rnekler verdi. Ba\u015fkan Se\u00e7er,&nbsp;<strong>&#8220;Bir \u015fehir b\u00f6yle geli\u015fir. Bunlar ilmek ilmek \u00f6r\u00fclmesi gereken \u00e7al\u0131\u015fmalar&#8221;&nbsp;<\/strong>diye konu\u015ftu.<\/p>\n\n\n\n<p>Tarsus&#8217;un kent merkezinin k\u00fclt\u00fcrel birikim anlam\u0131nda bir derya oldu\u011funu s\u00f6yleyen Ba\u015fkan Se\u00e7er,&nbsp;&nbsp;<strong>&#8220;Her \u015fey var ama ayn\u0131 zamanda hi\u00e7bir \u015fey yok. Ne olmu\u015f, ne yap\u0131lm\u0131\u015f? Y\u0131llarca niye bir \u015fey yap\u0131lmam\u0131\u015f? Biz de giri\u015fimler yap\u0131yoruz, bir \u015feyler yapmaya \u00e7al\u0131\u015f\u0131yoruz. Bunlar zaman al\u0131yor ama olacak. Devlette devaml\u0131l\u0131k esast\u0131r. Bizden sonras\u0131 devam edecek ama birileri bir yerden ba\u015flamak durumunda. Biz bunu ba\u015flatt\u0131k&#8221;<\/strong>&nbsp;ifadelerini kulland\u0131.<\/p>\n\n\n\n<p><strong>&#8220;Biz kurum g\u00f6r\u00fc\u015fleri olmadan imara yer a\u00e7amay\u0131z&#8221;<\/strong><\/p>\n\n\n\n<p>B\u00f6lgesel revize planlar istendi\u011fini ancak sorunun B\u00fcy\u00fck\u015fehir Belediyesi&#8217;nden kaynaklanmad\u0131\u011f\u0131n\u0131 belirten Ba\u015fkan Se\u00e7er,&nbsp;<strong>&#8220;Biz kurum g\u00f6r\u00fc\u015fleri olmadan imara yer a\u00e7amay\u0131z. \u00d6rne\u011fin Kelo\u011flu K\u00f6pr\u00fcs\u00fc&#8217;n\u00fcn orada depolama alanlar\u0131 var. \u0130nsanlar, esnaf bireysel olarak da beni ar\u0131yor,&nbsp;<em>&#8216;Biz burada in\u015faat yapaca\u011f\u0131z ama izin alam\u0131yoruz&#8217;<\/em>&nbsp;diyorlar. Biz de \u015fu anda yap\u0131la\u015fmaya izin vermiyoruz. \u00c7\u00fcnk\u00fc imar \u00e7al\u0131\u015fmas\u0131 yapaca\u011f\u0131z. Aksakl\u0131k kurum g\u00f6r\u00fc\u015flerinin gecikmesinde. En fazla da tar\u0131m g\u00f6r\u00fc\u015flerinde. Tar\u0131m Bakanl\u0131\u011f\u0131 kolay kolay olumlu g\u00f6r\u00fc\u015f vermiyor. \u0130l\u00e7elerde imar olmazsa kanalizasyon, i\u00e7me suyu \u015febekesi, yol, bina ve i\u015f yeri yapamazs\u0131n. Yapamazs\u0131n ve geli\u015femezsin&#8221;&nbsp;<\/strong>dedi.<\/p>\n\n\n\n<p><strong>&#8220;Rant derdimiz olmad\u0131\u011f\u0131 i\u00e7in imar \u00e7al\u0131\u015fmalar\u0131n\u0131n \u00f6nemli b\u00f6l\u00fcm\u00fcn\u00fc 5 y\u0131lda bitirdik&#8221;<\/strong><\/p>\n\n\n\n<p>Ba\u015fkan Se\u00e7er, imar planlar\u0131yla alakal\u0131 5 y\u0131lda \u00f6nemli geli\u015fmeler kaydettiklerini s\u00f6zlerine ekleyerek,&nbsp;<strong>&#8220;20-25 senedir belediye ba\u015fkanlar\u0131 Mersin&#8217;de o imar planlar\u0131nda kavga ediyordu. Bilen bilir. Geldik, 5 y\u0131lda bitirdik. \u00c7\u00fcnk\u00fc kafam\u0131z\u0131n arkas\u0131nda bir \u015fey yok. \u0130marda kalemi oynatt\u0131n m\u0131 rantt\u0131r ama b\u00f6yle bir derdimiz olmad\u0131\u011f\u0131 i\u00e7in kalemi \u00e7ok rahat oynatt\u0131k. Kimse de bir \u015fey demedi. Binlerce itiraz olmad\u0131, i\u015f gecikmedi&#8221;&nbsp;<\/strong>diyerek, 4 merkez il\u00e7enin imar planlar\u0131n\u0131 bitirdiklerini s\u00f6yledi.<\/p>\n\n\n\n<p>Esnaf\u0131n en mustarip oldu\u011fu konunun k\u00fcmelenme olay\u0131 oldu\u011funu s\u00f6zlerine ekleyen Ba\u015fkan Se\u00e7er,&nbsp;<strong>&#8220;Bunun i\u00e7in arazi laz\u0131m, Hazine tahsisi ya da para verip alacaks\u0131n\u0131z. OSB modeli. Bunlar i\u00e7in alanlar a\u00e7t\u0131k. A\u00e7t\u0131\u011f\u0131m\u0131z yeri s\u00f6yl\u00fcyorum; 3 bin 500 hektar, 2 bin 500 hektar arsa \u00e7\u0131kar oradan. Akdeniz \u0130l\u00e7esi kapsam\u0131nda olan Tarsus s\u0131n\u0131r\u0131na kadar. H\u0131zl\u0131 tren hatt\u0131na paralel 50 metre geni\u015fli\u011finde yeni bir alternatif yol a\u00e7t\u0131k; 100 y\u0131l sonray\u0131 d\u00fc\u015f\u00fcnelim, 50 y\u0131l de\u011fil&#8221;<\/strong>&nbsp;dedi.<\/p>\n\n\n\n<p>Tarsus&#8217;a Mersin merkezde yap\u0131lan hizmetler kalitesinde hizmetler yapt\u0131klar\u0131n\u0131 ifade eden Ba\u015fkan Se\u00e7er,&nbsp;<strong>&#8220;Biz bug\u00fcne kadar il\u00e7e belediyesi vizyonunda hizmet alm\u0131\u015f\u0131z. B\u00fcy\u00fck\u015fehir Belediyesi vizyonunda hizmet farkl\u0131d\u0131r, kaynak farkl\u0131d\u0131r, insan kayna\u011f\u0131 farkl\u0131d\u0131r, daha liyakatli kadrolar\u0131n vard\u0131r. Daha g\u00fczel vizyon ortaya koyabilirsin. Bizim d\u00f6nemimizle beraber daha farkl\u0131 bir hizmet kalitesine b\u00fcr\u00fcnd\u00fc. Tarsus da bunu g\u00f6rmeye ba\u015flad\u0131. Hep&nbsp;<em>&#8216;il olal\u0131m, imkanlar\u0131m\u0131z daha iyi olur&#8217;<\/em>&nbsp;&nbsp;diyorduk, iyi hizmet eden B\u00fcy\u00fck\u015fehir varsa Tarsus ilden geri kalmaz&#8221;<\/strong>&nbsp;ifadelerine yer verdi.<\/p>\n\n\n\n<p><strong>&#8220;Halk\u0131n sosyalle\u015fecek yer ihtiyac\u0131 varken ben otel yapamam&#8221;<\/strong><\/p>\n\n\n\n<p>Tarsus&#8217;ta \u015eelale Otel yerine \u00e7ok g\u00fczel bir sosyal tesis yapacaklar\u0131n\u0131 aktaran Se\u00e7er, belediye ba\u015fkan\u0131 olarak vatanda\u015flar\u0131n ihtiyac\u0131n\u0131 g\u00f6zettiklerini s\u00f6yleyerek,&nbsp;<strong>&#8220;Ben otelci, turizmci de\u011filim, belediye ba\u015fkan\u0131y\u0131m. Oteli otelciler, yat\u0131r\u0131mc\u0131lar ve paras\u0131 olanlar yapacak. Belediye yer tahsis eder, bir protokol yapar, onu anlar\u0131m ama ben Belediye Ba\u015fkan\u0131y\u0131m. Halk\u0131n sosyalle\u015fecek yer ihtiyac\u0131 varken ben oraya otel yapamam. \u00d6zel idare o vizyonla o zamanlar onu yapm\u0131\u015f ama bitti. \u015eimdi oras\u0131 y\u0131k\u0131ld\u0131 ve tertemiz oldu. Biz herkese hitap edebilecek bir proje haz\u0131rlad\u0131k ve bitirdik&#8221;<\/strong>&nbsp;dedi.<\/p>\n\n\n\n<p><strong>&#8220;Tarsus Belediyesi ile i\u015f birli\u011fi halinde yapaca\u011f\u0131m\u0131z&nbsp;<em>&#8216;Sosyal Konut&#8217;<\/em>&nbsp;s\u00f6z\u00fcm\u00fcz var&#8221;<\/strong><\/p>\n\n\n\n<p>Tarsus&#8217;ta oldu\u011fu gibi Mersin&#8217;in pek \u00e7ok il\u00e7esinde sosyal konut ihtiyac\u0131 oldu\u011funa dikkat \u00e7eken Se\u00e7er,&nbsp;<strong>&#8220;\u00dcst gelir gruplar\u0131 i\u00e7in sorun yok yok ama orta ve alt gelir gruplar\u0131 i\u00e7in Mersin merkezde de var, Silifke&#8217;ye gidin orada da var. Sosyal Konut s\u00f6z\u00fcm\u00fcz var. Bunu yine Tarsus Belediyesi ile i\u015f birli\u011fi halinde yapaca\u011f\u0131z ve araziyi Tarsus Belediyesi sa\u011flayacak. Bunun \u00fczerine \u00e7al\u0131\u015f\u0131yoruz. Modellemesini bizim yapaca\u011f\u0131m\u0131z ama Tarsus Belediyesi ile ortakla\u015fa y\u00fcr\u00fctece\u011fimiz bir&nbsp;<em>&#8216;Sosyal Konut&#8217;<\/em>&nbsp;projesini Tarsus&#8217;ta mutlaka d\u00fc\u015f\u00fcn\u00fcyoruz&#8221;<\/strong>&nbsp;ifadelerini kulland\u0131.<\/p>\n\n\n\n<p><strong>&#8220;Karbo\u011faz\u0131 b\u00f6lgesini b\u00fcy\u00fck bir vizyon ve projelerle turizm cenneti haline getirebiliriz&#8221;<\/strong><\/p>\n\n\n\n<p>Tarsus&#8217;ta Karbo\u011faz\u0131 Kayak Merkezi ile ilgili de \u00e7al\u0131\u015fmalar\u0131 h\u0131zland\u0131rd\u0131klar\u0131n\u0131 dile getiren Se\u00e7er,&nbsp;<strong>&#8220;Oras\u0131 \u00e7ok muazzam bir yer. Orada \u015fu anda biz k\u0131\u015f sporlar\u0131 merkezi i\u00e7in bir \u00e7al\u0131\u015fma ba\u015flatt\u0131k. 1\/5000&#8217;lik planlar\u0131n\u0131 da bitirdik. Orada hem orman\u0131n hem de Hazine&#8217;nin alanlar\u0131 var. Adana s\u0131n\u0131r\u0131na kadar gidiyor. Turizm Bakanl\u0131\u011f\u0131 olmazsa olmuyor. Onlarla beraber proje \u00e7al\u0131\u015fmas\u0131n\u0131 s\u00fcrd\u00fcr\u00fcyoruz. Tahsis talepleri yap\u0131ld\u0131. Kentsel tasar\u0131m projesi ve Master Plan\u0131&#8217;n\u0131n ihalesini yapt\u0131k. O \u00e7al\u0131\u015fmalar da devam ediyor. O b\u00f6lgeyi bir turizm cenneti haline getirebiliriz&#8221;<\/strong>&nbsp;s\u00f6zlerine yer verdi. Devam\u0131nda hayata ge\u00e7irecekleri bu projenin kente de\u011fer katan \u00f6nemli bir \u00e7al\u0131\u015fma olaca\u011f\u0131n\u0131 da s\u00f6yleyen Se\u00e7er,&nbsp;<strong>&#8220;Bizim bahsetti\u011fimiz g\u00fcn\u00fcbirlik bir mesire alan\u0131, birka\u00e7 milyon harcayal\u0131m ve k\u00fc\u00e7\u00fck bir proje yapal\u0131m de\u011fil. Bu bahsetti\u011fim ger\u00e7ekten b\u00fcy\u00fck bir vizyon. Milyarlar harcamam\u0131z gereken b\u00fcy\u00fck bir proje. Bunlar zaman al\u0131r ama kente de\u011fer katan \u00f6nemli projeler olur. Bunlar\u0131 ger\u00e7ekle\u015ftirece\u011fiz&#8221;<\/strong>&nbsp;diye ekledi.<\/p>\n\n\n\n<p><strong>&#8220;3 tramvay projesinden 1 tanesi Tarsus&#8217;ta yer alacak&#8221;<\/strong><\/p>\n\n\n\n<p>Ge\u00e7ti\u011fimiz d\u00f6nemde 3 tramvay projesinin haz\u0131rland\u0131\u011f\u0131 bunun ikisinin Ula\u015ft\u0131rma Bakanl\u0131\u011f\u0131&#8217;ndan onay ald\u0131\u011f\u0131n\u0131 s\u00f6yleyen Se\u00e7er,&nbsp;<strong>&#8220;Bunlardan 1 tanesi yakla\u015f\u0131k 10-12 kilometre, 34. Cadde dedi\u011fimiz b\u00f6lgede, bir di\u011feri de Eski Otogar&#8217;dan Yeni Otogar&#8217;a kadar. Temelini att\u0131\u011f\u0131m\u0131z yeralt\u0131 metrosu hari\u00e7, o ba\u015fka bir proje. Ciddi bir finansal y\u00fck\u00fc olan bir proje. Bunlar daha h\u0131zl\u0131 ger\u00e7ekle\u015ftirebilece\u011fimiz projeler. Bir de Tarsus travmay\u0131; biz Adana istikameti giri\u015fi, Adana Caddesi, Atat\u00fcrk Caddesi, Cetvel, \u00c7aml\u0131yayla \u00e7\u0131k\u0131\u015f\u0131 zaten Tarsus \u00dcniversitesi&#8217;ne kadar giden bir g\u00fczergah \u00e7izdik. Alt Yap\u0131 Genel M\u00fcd\u00fcrl\u00fc\u011f\u00fc Tarsus&#8217;un petrol \u00e7\u0131k\u0131\u015f\u0131na kadar olan b\u00f6lgeye yolcu yo\u011funlu\u011funun uygun oldu\u011fu raporunu verdi. Buraya kadar bir etap ba\u015flanabilir diye ama kesin bir onay hen\u00fcz gelmedi. Di\u011ferleri gibi kesin onay\u0131n\u0131 bekliyoruz. Di\u011ferlerinin i\u015flemleri bitti&#8221;<\/strong>&nbsp;dedi.<\/p>\n\n\n\n<p>Bu projelerin Cumhurba\u015fkanl\u0131\u011f\u0131 Strateji B\u00fct\u00e7e Ba\u015fkanl\u0131\u011f\u0131&#8217;nda yat\u0131r\u0131m program\u0131na al\u0131nmas\u0131n\u0131 beklediklerini dile getiren Se\u00e7er, projelerin olduk\u00e7a y\u00fcksek maliyet gerekti\u011fini de s\u00f6zlerine ekledi. Se\u00e7er,&nbsp;<strong>&#8220;Her bir projenin bize maliyeti 100-120 milyon Euro aras\u0131 olacak. B\u00fcy\u00fck\u015fehir Belediyesi bunun alt\u0131ndan kalkabilir. A\u00e7\u0131k\u00e7as\u0131 \u00f6nceledi\u011fimiz, \u015fu anda merkezde bir g\u00fczergah var ama buran\u0131n izni, teknik oluru al\u0131n\u0131r al\u0131nmaz buray\u0131 yapaca\u011f\u0131z. Yap\u0131lan projelerden en uygun yer buras\u0131. Topo\u011frafik, b\u00f6lge olarak ve yolcu yo\u011funlu\u011fu olarak Tarsus&#8217;u kesen bir eksen. G\u00fcneydo\u011fu&#8217;dan gelip Kuzey&#8217;e do\u011fru \u00e7\u0131kan muazzam bir g\u00fczergah. Bunun \u00fczerinde \u00e7al\u0131\u015fmalar\u0131m\u0131z\u0131 devam ettirece\u011fiz&#8221;&nbsp;<\/strong>&nbsp;diye konu\u015ftu.<\/p>\n\n\n\n<p><strong>&#8220;Ben belediyemle ve belediyemin g\u00fcc\u00fcyle \u00f6v\u00fcn\u00fcyorum&#8221;<\/strong><\/p>\n\n\n\n<p>T\u00fcm bu \u00e7al\u0131\u015fmalar\u0131 planl\u0131 ve programl\u0131 bir \u015fekilde ger\u00e7ekle\u015ftirdiklerini aktaran Se\u00e7er,&nbsp;<strong>&#8220;Biz programl\u0131 \u00e7al\u0131\u015fmak zorunday\u0131z ki b\u00fct\u00e7e, yat\u0131r\u0131m b\u00fct\u00e7esi, gelir b\u00fct\u00e7esi bu dengeleri tuttural\u0131m. Bir belediyenin y\u00fczde 99,5 b\u00fct\u00e7e ger\u00e7ekle\u015fmesi olur mu? Bizde olur. \u00c7\u00fcnk\u00fc hayali bir \u015fey yazm\u0131yoruz yat\u0131r\u0131m program\u0131na. Nereye ne yapaca\u011f\u0131m\u0131z\u0131 biliyoruz. B\u00f6ylelikle bug\u00fcnlere geldik. Bundan sonra \u00e7ok daha fazla hizmetler olur. Ben belediyemle, belediyemin g\u00fcc\u00fcyle \u00f6v\u00fcn\u00fcyorum. Bizde;&nbsp;<em>&#8216;\u00d6ld\u00fck, bittik, bizim gelirimiz yok, borcumuz \u00e7ok, ne yapal\u0131m asfalt\u0131m\u0131z yok&#8217;<\/em>&nbsp;diye bir anlay\u0131\u015f yok. T\u00fcrkiye&#8217;nin gelirde ilk 7 belediyesi aras\u0131nday\u0131z&#8221;<\/strong>&nbsp;diye konu\u015ftu.&nbsp;<\/p>\n\n\n\n<p><strong>&#8220;Bir ulus, bir devlet yap\u0131s\u0131 i\u00e7in en b\u00fcy\u00fck tehlike; \u00e7\u00fcr\u00fcme, israf, g\u00f6steri\u015f ve yolsuzluklard\u0131r&#8221;<\/strong><\/p>\n\n\n\n<p><strong>&#8220;Biz belediyeler i\u00e7erisinde g\u00fc\u00e7l\u00fc bir belediyeyiz. Mersin halk\u0131n\u0131n hi\u00e7bir endi\u015fesi olmas\u0131n. Daha g\u00fczel i\u015fler olacak&#8221;<\/strong>&nbsp;diyerek s\u00f6zlerini s\u00fcrd\u00fcren Se\u00e7er, ger\u00e7ekle\u015ftirilecek hizmetlerin de bilin\u00e7li ve tecr\u00fcbeli bir \u015fekilde hayata ge\u00e7ece\u011fini belirterek,&nbsp;<strong>&#8220;Bir ulus, bir devlet yap\u0131s\u0131 i\u00e7in en b\u00fcy\u00fck tehlike; \u00e7\u00fcr\u00fcme, israf, g\u00f6steri\u015f, yolsuzluklar, 1 liral\u0131k i\u015fi 5 liraya yapt\u0131rma, liyakatsiz kadrolard\u0131r. Bunlar bir toplumu \u00e7\u00fcr\u00fct\u00fcr, devlet mekanizmas\u0131n\u0131 \u00e7\u00f6kertir. Bizler bunun bilincinde y\u00f6neticileriz&#8221;<\/strong>&nbsp;ifadelerini kulland\u0131.<\/p>\n\n\n\n<p><strong>&#8220;Biz her \u015feyin en g\u00fczelini yapmaya gayret ediyoruz&#8221;<\/strong><\/p>\n\n\n\n<p>Konu\u015fmas\u0131n\u0131n sonunda ger\u00e7ekle\u015ftirilen toplant\u0131n\u0131n daha s\u0131k olmas\u0131 gerekti\u011fine vurgu yapan Ba\u015fkan Se\u00e7er,&nbsp;<strong>&#8220;\u00c7ok daha iyi i\u015fler \u00e7\u0131kaca\u011f\u0131n\u0131 hep beraber g\u00f6rece\u011fiz. STK&#8217;lar bizim i\u00e7in son derece \u00f6nemli. Ticaret ve Sanayi Odas\u0131 gibi bir \u00e7at\u0131 kurulu\u015f, b\u00fct\u00fcn ekonomi dernekleri, odalar\u0131n birle\u015fti\u011fi yer buras\u0131. Do\u011fal olarak sizin siyasete y\u00f6n vermeniz gerekiyor. Siz kamuoyu yaratabilecek \u00e7ok \u00f6nemli bir kurumsunuz. Fikir verebilirsiniz, g\u00fc\u00e7 verebilirsiniz. G\u00fcc\u00fcn\u00fcz\u00fcn fark\u0131nda olun l\u00fctfen. Merkez ile ileti\u015fimi kesmeyin, Tarsus&#8217;a \u00e7ok b\u00fcy\u00fck yarar getirecektir, bundan eminim. Hem\u015fehriniz olarak ben de Ali Ba\u015fkan da her zaman yan\u0131n\u0131zday\u0131z. Biz her \u015feyin en g\u00fczelini yapmaya gayret ediyoruz&#8221;&nbsp;<\/strong>dedi.<\/p>\n\n\n\n<p><strong>Bolta\u00e7: &#8220;Tarsus, gelecekte y\u0131ld\u0131z\u0131 parlayacak bir kent haline geliyor&#8221;<\/strong><\/p>\n\n\n\n<p>Tarsus Belediye Ba\u015fkan\u0131 Ali Bolta\u00e7 ise belediye olarak Tarsus&#8217;u kimli\u011fine kavu\u015fturmak ad\u0131na, tar\u0131m, turizm ve sanayiyi canland\u0131rmak i\u00e7in an\u0131nda \u00e7al\u0131\u015fmalara ba\u015flad\u0131klar\u0131n\u0131 belirtirken, s\u00fcren \u00e7al\u0131\u015fmalar\u0131 anlatt\u0131. Bolta\u00e7,&nbsp;&nbsp;<strong>&#8220;Biz Tarsus&#8217;un \u00e7ok kadim bir kent oldu\u011funu ve art\u0131k T\u00fcrkiye&#8217;nin ve T\u00fcrkiye&#8217;deki devlet erkan\u0131n\u0131n y\u00f6n\u00fcn\u00fcn Tarsus&#8217;a d\u00f6nd\u00fc\u011f\u00fcn\u00fc, bundan dolay\u0131 da yat\u0131r\u0131mlar\u0131n bu tarafa gelece\u011fini \u00f6ng\u00f6r\u00fcyoruz. Liman\u0131, havaliman\u0131, OSB&#8217;leri, Agropark&#8217;\u0131, Lojistik Merkez \u00fcss\u00fc ile buras\u0131 art\u0131k gelecekte y\u0131ld\u0131z\u0131 parlayacak bir kent haline geliyor&#8221;&nbsp;<\/strong>dedi. Bu noktada yerel y\u00f6neticilerin \u00f6nemli oldu\u011funa vurgu yapan Bolta\u00e7, kent payda\u015flar\u0131n\u0131n oldu\u011fu toplant\u0131y\u0131 \u00f6nemsedi\u011fini belirtti. Mersin B\u00fcy\u00fck\u015fehir Belediyesi ile uyum i\u00e7erisinde \u00e7al\u0131\u015ft\u0131klar\u0131na da de\u011finen Bolta\u00e7,&nbsp;<strong>&#8220;Uyumla, huzurla, memnuniyetle sizler i\u00e7in \u00e7al\u0131\u015fmaya devam edece\u011fiz. B\u00fcy\u00fck\u015fehir Belediyesi ve Tarsus Belediyesi&#8217;nin g\u00fc\u00e7 birli\u011fi yaparak bu kente kataca\u011f\u0131 \u00e7ok b\u00fcy\u00fck eserler ve hizmetler vard\u0131r&#8221;<\/strong>&nbsp;dedi.<\/p>\n\n\n\n<p><strong>Ko\u00e7ak: &#8220;Tarsus&#8217;ta d\u00f6n\u00fc\u015f\u00fcm\u00fcn ba\u015flad\u0131\u011f\u0131na tan\u0131kl\u0131k ediyoruz&#8221;<\/strong><\/p>\n\n\n\n<p>Tarsus TSO Y\u00f6netim Kurulu Ba\u015fkan\u0131 H. Ruhi Ko\u00e7ak, Tarsus i\u00e7in birlikte neler yap\u0131labilece\u011fini konu\u015fmak i\u00e7in bir araya gelmek istediklerini ifade ederek,&nbsp;<strong>&#8220;Kent i\u00e7in g\u00fczel g\u00fcnlerin ba\u015flad\u0131\u011f\u0131na inan\u0131yorum. Tarsus&#8217;un y\u0131llard\u0131r bekleyen projelerinin s\u0131rayla hizmete girdi\u011fi, tekrar tarihi g\u00fcnlerine d\u00f6n\u00fc\u015f yapt\u0131\u011f\u0131na, d\u00f6n\u00fc\u015f\u00fcm\u00fcn ba\u015flad\u0131\u011f\u0131na hep beraber tan\u0131kl\u0131k ediyoruz. Eski ba\u015fkent Tarsus gibi, \u00c7ukurova&#8217;n\u0131n ba\u015fkenti gibi bug\u00fcnleri ya\u015famaya ba\u015flad\u0131k. A\u00e7\u0131lan OSB&#8217;lerimiz, a\u00e7\u0131lacak olan OSB&#8217;lerimiz, a\u00e7\u0131lan Agropark\u0131m\u0131zla, havaliman\u0131m\u0131zla Tarsus&#8217;un hem Mersin&#8217;in hem de \u00fclkenin bir lokomotifi rol\u00fcn\u00fc tekrar \u00fcstlenmeye ba\u015flad\u0131\u011f\u0131n\u0131 gururla izliyoruz&#8221;<\/strong>&nbsp;dedi. Toplant\u0131da konu\u015fan TTSO Meclis Ba\u015fkan\u0131 H\u00fcsn\u00fc Ya\u011fc\u0131 ise Ba\u015fkan Se\u00e7er&#8217;in Tarsus&#8217;a de\u011fer katt\u0131\u011f\u0131n\u0131 belirtip te\u015fekk\u00fcrlerini iletti.<\/p>\n\n\n\n<p>Konu\u015fmalar\u0131n ard\u0131ndan, Ba\u015fkan Se\u00e7er ve B\u00fcy\u00fck\u015fehir b\u00fcrokratlar\u0131 ile Ba\u015fkan Bolta\u00e7 taraf\u0131ndan da kat\u0131l\u0131mc\u0131lar\u0131n kent hakk\u0131nda y\u00f6nlendirdikleri sorulara yan\u0131t verildi. Son olarak ise Ko\u00e7ak taraf\u0131ndan Ba\u015fkan Se\u00e7er ve Ba\u015fkan Bolta\u00e7&#8217;a hediye takdimi yap\u0131ld\u0131.<\/p>\n","protected":false},"excerpt":{"rendered":"<p>Mersin B\u00fcy\u00fck\u015fehir Belediye Ba\u015fkan\u0131 Vahap Se\u00e7er, Tarsus Ticaret ve Sanayi Odas\u0131 (TTSO) Eyl\u00fcl Ay\u0131 Ola\u011fan Meclis Toplant\u0131s\u0131 ve M\u00fc\u015fterek Komite Toplant\u0131s\u0131&#8217;na kat\u0131l\u0131m sa\u011flad\u0131. Ba\u015fkan Se\u00e7er, Tarsus Ticaret ve Sanayi Odas\u0131&#8217;n\u0131n 145. Kurulu\u015f Y\u0131l D\u00f6n\u00fcm\u00fcn\u00fc de kutlad\u0131. Tarsus Ticaret ve Sanayi Odas\u0131&#8217;nda d\u00fczenlenen Meclis Toplant\u0131s\u0131&#8217;na; Mersin B\u00fcy\u00fck\u015fehir Belediye Ba\u015fkan\u0131 Vahap Se\u00e7er, Tarsus Belediye Ba\u015fkan\u0131 Ali Bolta\u00e7, [&hellip;]<\/p>\n","protected":false},"author":2,"featured_media":35486,"comment_status":"closed","ping_status":"closed","sticky":false,"template":"","format":"standard","meta":{"footnotes":""},"categories":[1,2,3],"tags":[],"class_list":["post-35485","post","type-post","status-publish","format-standard","has-post-thumbnail","hentry","category-genel","category-gundem","category-manset"],"views":7,"_links":{"self":[{"href":"https:\/\/mersinkadingazetesi.com\/index.php?rest_route=\/wp\/v2\/posts\/35485"}],"collection":[{"href":"https:\/\/mersinkadingazetesi.com\/index.php?rest_route=\/wp\/v2\/posts"}],"about":[{"href":"https:\/\/mersinkadingazetesi.com\/index.php?rest_route=\/wp\/v2\/types\/post"}],"author":[{"embeddable":true,"href":"https:\/\/mersinkadingazetesi.com\/index.php?rest_route=\/wp\/v2\/users\/2"}],"replies":[{"embeddable":true,"href":"https:\/\/mersinkadingazetesi.com\/index.php?rest_route=%2Fwp%2Fv2%2Fcomments&post=35485"}],"version-history":[{"count":2,"href":"https:\/\/mersinkadingazetesi.com\/index.php?rest_route=\/wp\/v2\/posts\/35485\/revisions"}],"predecessor-version":[{"id":35494,"href":"https:\/\/mersinkadingazetesi.com\/index.php?rest_route=\/wp\/v2\/posts\/35485\/revisions\/35494"}],"wp:featuredmedia":[{"embeddable":true,"href":"https:\/\/mersinkadingazetesi.com\/index.php?rest_route=\/wp\/v2\/media\/35486"}],"wp:attachment":[{"href":"https:\/\/mersinkadingazetesi.com\/index.php?rest_route=%2Fwp%2Fv2%2Fmedia&parent=35485"}],"wp:term":[{"taxonomy":"category","embeddable":true,"href":"https:\/\/mersinkadingazetesi.com\/index.php?rest_route=%2Fwp%2Fv2%2Fcategories&post=35485"},{"taxonomy":"post_tag","embeddable":true,"href":"https:\/\/mersinkadingazetesi.com\/index.php?rest_route=%2Fwp%2Fv2%2Ftags&post=35485"}],"curies":[{"name":"wp","href":"https:\/\/api.w.org\/{rel}","templated":true}]}}