{"id":35491,"date":"2024-09-26T09:22:27","date_gmt":"2024-09-26T06:22:27","guid":{"rendered":"https:\/\/mersinkadingazetesi.com\/?p=35491"},"modified":"2024-09-26T09:22:27","modified_gmt":"2024-09-26T06:22:27","slug":"minikler-kum-zambaklarini-koruma-altina-aldi","status":"publish","type":"post","link":"https:\/\/mersinkadingazetesi.com\/?p=35491","title":{"rendered":"Minikler Kum Zambaklar\u0131n\u0131 Koruma Alt\u0131na Ald\u0131"},"content":{"rendered":"\n<p>Mavi ile ye\u015filin bulu\u015ftu\u011fu yerde, kumsallarda \u00e7i\u00e7ek a\u00e7\u0131yor, g\u00f6renler ise hayran kal\u0131yor. Endemik bitkilerden olan kum zambaklar\u0131 \u00e7i\u00e7ek a\u00e7t\u0131, Erdemli Belediyesi \u015eehit Musa \u00d6zalkan Kre\u015fi&#8217;nin minik Do\u011fa M\u00fcfetti\u015fleri ise onlar\u0131 korumak i\u00e7in kollar\u0131 s\u0131vad\u0131. \u00d6zel bir t\u00fcr oldu\u011fu kadar da kum zambaklar\u0131n\u0131 koparman\u0131n cezas\u0131 da a\u011f\u0131r. 2024 y\u0131l\u0131nda kum zambaklar\u0131n\u0131 koparman\u0131n cezas\u0131 ise 387 bin 141 TL.<\/p>\n\n\n\n<p>Akdeniz&#8217;de 321 Kilometre sahil \u015feridi bulunan Mersin&#8217;de, Erdemli sahillerinde kum zambaklar\u0131 \u00e7i\u00e7ek a\u00e7t\u0131. Erdemli Talat G\u00f6ktepe Tabiat Park\u0131 ise bu yerlerin ba\u015f\u0131nda geliyor. Buralarda a\u00e7an kum zambaklar\u0131 ise minik Do\u011fa M\u00fcfetti\u015fleri taraf\u0131ndan \u00e7evrelenerek koruma alt\u0131na al\u0131nd\u0131.<\/p>\n\n\n\n<p>Do\u011fa bilincini gelecek nesillere aktarmak i\u00e7in \u00e7al\u0131\u015fmalar y\u00fcr\u00fctt\u00fcklerini ifade eden Erdemli Belediye Ba\u015fkan\u0131 Mustafa Kara, &#8220;Sahillerin beyaz gelinci\u011fi olan kum zambaklar\u0131n\u0131n koruma alt\u0131na al\u0131nmas\u0131yla alakal\u0131 programday\u0131z. Mersin&#8217;in 321 km&#8217;lik sahil \u015feridinde A\u011fustos ve Ekim aylar\u0131nda kum zambaklar\u0131 \u00e7i\u00e7ek a\u00e7\u0131yor. Buras\u0131 hem caretta carettalar\u0131n ya\u015fam alan\u0131 hem de kum zambaklar\u0131n\u0131n \u00e7i\u00e7ek a\u00e7t\u0131\u011f\u0131 b\u00f6lge. Bu do\u011fa bilincini, kum zambaklar\u0131n\u0131 koruma bilincini gelecek nesillere aktarmak i\u00e7in \u00e7ocuklar\u0131m\u0131zla bir araday\u0131z. Kum zambaklar\u0131n\u0131 \u015ferit alt\u0131na ald\u0131k, uyar\u0131c\u0131 levhalar\u0131m\u0131z\u0131 minik yavrular\u0131m\u0131zla birlikte takt\u0131k. \u015euanda da \u00f6\u011frencilerimize, minik yavrular\u0131m\u0131za \u00f6\u011fretmenleri bilgiler veriyor. Tabi bu bilinci onlara a\u015f\u0131lamak, gelecek nesillere aktarmak hepimizin g\u00f6revi&#8221; diye konu\u015ftu.<br>Kum zambaklar\u0131n\u0131 korumak gerekti\u011fini ifade eden B\u00fc\u015fra Yavuz, &#8221; Kum zambaklar\u0131n\u0131 koruyal\u0131m, onlara iyi bakal\u0131m&#8221; diye konu\u015ftu.<\/p>\n\n\n\n<p>Kum zambaklar\u0131n\u0131 \u00e7ok sevdi\u011fini s\u00f6yleyen Yi\u011fit Avc\u0131, &#8221; Kum zambaklar\u0131n\u0131 seviyorum, onlara iyi bak\u0131yorum, siz de sevin&#8221; diye konu\u015ftu.<\/p>\n\n\n\n<p>Kum zambaklar\u0131n\u0131 korumaya geldi\u011fini ifade eden Ay\u015fe Kara, &#8221; Kum zambaklar\u0131n\u0131 koruyal\u0131m&#8221; diye konu\u015ftu.<\/p>\n\n\n\n<p>\u00d6te yandan koruma alt\u0131ndaki kum zambaklar\u0131n\u0131n koparman\u0131n cezas\u0131 387 bin 141 TL oldu\u011fu belirtildi.<\/p>\n","protected":false},"excerpt":{"rendered":"<p>Mavi ile ye\u015filin bulu\u015ftu\u011fu yerde, kumsallarda \u00e7i\u00e7ek a\u00e7\u0131yor, g\u00f6renler ise hayran kal\u0131yor. Endemik bitkilerden olan kum zambaklar\u0131 \u00e7i\u00e7ek a\u00e7t\u0131, Erdemli Belediyesi \u015eehit Musa \u00d6zalkan Kre\u015fi&#8217;nin minik Do\u011fa M\u00fcfetti\u015fleri ise onlar\u0131 korumak i\u00e7in kollar\u0131 s\u0131vad\u0131. \u00d6zel bir t\u00fcr oldu\u011fu kadar da kum zambaklar\u0131n\u0131 koparman\u0131n cezas\u0131 da a\u011f\u0131r. 2024 y\u0131l\u0131nda kum zambaklar\u0131n\u0131 koparman\u0131n cezas\u0131 ise 387 bin [&hellip;]<\/p>\n","protected":false},"author":2,"featured_media":35492,"comment_status":"closed","ping_status":"closed","sticky":false,"template":"","format":"standard","meta":{"footnotes":""},"categories":[3],"tags":[],"class_list":["post-35491","post","type-post","status-publish","format-standard","has-post-thumbnail","hentry","category-manset"],"views":2,"_links":{"self":[{"href":"https:\/\/mersinkadingazetesi.com\/index.php?rest_route=\/wp\/v2\/posts\/35491"}],"collection":[{"href":"https:\/\/mersinkadingazetesi.com\/index.php?rest_route=\/wp\/v2\/posts"}],"about":[{"href":"https:\/\/mersinkadingazetesi.com\/index.php?rest_route=\/wp\/v2\/types\/post"}],"author":[{"embeddable":true,"href":"https:\/\/mersinkadingazetesi.com\/index.php?rest_route=\/wp\/v2\/users\/2"}],"replies":[{"embeddable":true,"href":"https:\/\/mersinkadingazetesi.com\/index.php?rest_route=%2Fwp%2Fv2%2Fcomments&post=35491"}],"version-history":[{"count":1,"href":"https:\/\/mersinkadingazetesi.com\/index.php?rest_route=\/wp\/v2\/posts\/35491\/revisions"}],"predecessor-version":[{"id":35493,"href":"https:\/\/mersinkadingazetesi.com\/index.php?rest_route=\/wp\/v2\/posts\/35491\/revisions\/35493"}],"wp:featuredmedia":[{"embeddable":true,"href":"https:\/\/mersinkadingazetesi.com\/index.php?rest_route=\/wp\/v2\/media\/35492"}],"wp:attachment":[{"href":"https:\/\/mersinkadingazetesi.com\/index.php?rest_route=%2Fwp%2Fv2%2Fmedia&parent=35491"}],"wp:term":[{"taxonomy":"category","embeddable":true,"href":"https:\/\/mersinkadingazetesi.com\/index.php?rest_route=%2Fwp%2Fv2%2Fcategories&post=35491"},{"taxonomy":"post_tag","embeddable":true,"href":"https:\/\/mersinkadingazetesi.com\/index.php?rest_route=%2Fwp%2Fv2%2Ftags&post=35491"}],"curies":[{"name":"wp","href":"https:\/\/api.w.org\/{rel}","templated":true}]}}