{"id":35497,"date":"2024-09-26T12:40:48","date_gmt":"2024-09-26T09:40:48","guid":{"rendered":"https:\/\/mersinkadingazetesi.com\/?p=35497"},"modified":"2024-09-26T12:40:48","modified_gmt":"2024-09-26T09:40:48","slug":"es-baskan-sariyildizdan-cay-mahallesine-kapali-semt-pazari-sozu","status":"publish","type":"post","link":"https:\/\/mersinkadingazetesi.com\/?p=35497","title":{"rendered":"E\u015e BA\u015eKAN SARIYILDIZ\u2019DAN, \u00c7AY MAHALLES\u0130\u2019NE KAPALI SEMT PAZARI S\u00d6Z\u00dc"},"content":{"rendered":"\n<p>Akdeniz Belediyesi E\u015f Ba\u015fkan\u0131 Ho\u015fyar Sar\u0131y\u0131ld\u0131z, \u201cAhilik Haftas\u0131\u201d dolay\u0131s\u0131yla, \u00c7ay Mahallesi 146. Cadde \u00fczerinde \u00c7ar\u015famba g\u00fcnleri kurulan semt pazar\u0131n\u0131 ziyaret etti. esnaf ve vatanda\u015flar\u0131n taleplerini dinleyen Sar\u0131y\u0131ld\u0131z, mahalleye en k\u0131sa s\u00fcrede kapal\u0131 ve korunakl\u0131 bir semt pazar\u0131 kazand\u0131racaklar\u0131n\u0131 s\u00f6yledi.<\/p>\n\n\n\n<p>E\u015f Ba\u015fkan Ho\u015fyar Sar\u0131y\u0131ld\u0131z\u2019a ziyaretinde; DEM Parti Akdeniz \u0130l\u00e7e E\u015f Ba\u015fkan\u0131 ve parti y\u00f6neticilerinin yan\u0131 s\u0131ra, belediye ba\u015fkan yard\u0131mc\u0131lar\u0131, meclis \u00fcyeleri ve birim m\u00fcd\u00fcrleri ile Mersin Pazarc\u0131lar Odas\u0131 Ba\u015fkan\u0131 Abd\u00fclhalim Batur ve \u00c7ay Mahallesi Muhtar\u0131 Abdullah \u00c7apar e\u015flik etti. Ziyaretinde her ya\u015ftan vatanda\u015f\u0131n s\u0131cak ve samimi ilgisiyle kar\u015f\u0131la\u015fan Sar\u0131y\u0131ld\u0131z, \u00e7ocuklara tatl\u0131 ikram etti; al\u0131\u015fveri\u015f yapan mahalleli kad\u0131nlar ile pazarc\u0131l\u0131k yapan gen\u00e7lerle sohbet etti. E\u015f Ba\u015fkan Sar\u0131y\u0131ld\u0131z\u2019\u0131n, ilerleyen ya\u015f\u0131na ra\u011fmen pazarda su, \u00e7e\u015fitli i\u00e7ecekler satan ya\u015fl\u0131 bir vatanda\u015fla samimi diyaloglar\u0131 g\u00f6renleri tebess\u00fcm ettirdi.<\/p>\n\n\n\n<p>\u201c\u00c7ay Mahallemize kapal\u0131, korunakl\u0131 bir semt pazar\u0131 yapaca\u011f\u0131z\u201d<\/p>\n\n\n\n<p>Ziyaretine ili\u015fkin bir a\u00e7\u0131klama yapan Akdeniz Belediyesi E\u015f Ba\u015fkan\u0131 Sar\u0131y\u0131ld\u0131z, hem pazarc\u0131 esnaf\u0131 hem de vatanda\u015flar\u0131n talep etti\u011fi kapal\u0131 semt pazar\u0131n\u0131n yak\u0131n bir zamanda mahalleye kazand\u0131r\u0131laca\u011f\u0131n\u0131n s\u00f6z\u00fcn\u00fc verdi. Pazarc\u0131 esnaf\u0131n\u0131n ya\u015fad\u0131\u011f\u0131 sorun ve s\u0131k\u0131nt\u0131lar\u0131 ortadan kald\u0131racaklar\u0131n\u0131 vurgulayan Sar\u0131y\u0131ld\u0131z; \u201cHem esnaf\u0131m\u0131z\u0131 hem de vatanda\u015flar\u0131m\u0131z\u0131, yaz\u0131n s\u0131caklardan, k\u0131\u015f\u0131n ya\u011fmur ve \u00e7amurdan korumak amac\u0131yla mahallemize kapal\u0131 bir semt pazar\u0131 kuraca\u011f\u0131z. Pazarc\u0131lar Odas\u0131 y\u00f6netimiyle, daha \u00f6ncesindeki g\u00f6r\u00fc\u015fmelerimizde projemizi anlatt\u0131k, bu ihtiyac\u0131n aciliyetinin fark\u0131nda oldu\u011fumuzu hep s\u00f6yledik. \u00d6n\u00fcm\u00fczdeki yak\u0131n s\u00fcre\u00e7te yetkili birimlerimiz; pazarc\u0131lar odam\u0131z ve muhtar\u0131m\u0131zla birlikte \u00e7al\u0131\u015fmalar\u0131n\u0131 h\u0131zland\u0131racak. Alt ve \u00fcstyap\u0131s\u0131yla esnaf\u0131m\u0131z\u0131n ihtiyac\u0131n\u0131 kar\u015f\u0131layabilecek, kentin bat\u0131 taraf\u0131nda oldu\u011fu gibi vatanda\u015flar\u0131m\u0131z\u0131n daha rahat ve kolayca al\u0131\u015fveri\u015flerini yapabilecekleri, korunakl\u0131, kapal\u0131 bir pazaryeri projemizi hayata ge\u00e7irece\u011fiz\u201d dedi.<\/p>\n\n\n\n<p>Ziyaretinde pazar tezg\u00e2hlar\u0131n\u0131 tek tek gezen E\u015f Ba\u015fkan Sar\u0131y\u0131ld\u0131z, bundan sonra her hafta farkl\u0131 mahallelerde pazaryerlerini ziyaret ederek esnaf ve vatanda\u015flar\u0131n talep ve \u015fik\u00e2yetlerini dinleyeceklerini, ya\u015fad\u0131klar\u0131 sorun ve s\u0131k\u0131nt\u0131lar\u0131 en k\u0131sa s\u00fcrede \u00e7\u00f6z\u00fcme kavu\u015fturacaklar\u0131n\u0131 s\u00f6zlerine ekledi.<\/p>\n","protected":false},"excerpt":{"rendered":"<p>Akdeniz Belediyesi E\u015f Ba\u015fkan\u0131 Ho\u015fyar Sar\u0131y\u0131ld\u0131z, \u201cAhilik Haftas\u0131\u201d dolay\u0131s\u0131yla, \u00c7ay Mahallesi 146. Cadde \u00fczerinde \u00c7ar\u015famba g\u00fcnleri kurulan semt pazar\u0131n\u0131 ziyaret etti. esnaf ve vatanda\u015flar\u0131n taleplerini dinleyen Sar\u0131y\u0131ld\u0131z, mahalleye en k\u0131sa s\u00fcrede kapal\u0131 ve korunakl\u0131 bir semt pazar\u0131 kazand\u0131racaklar\u0131n\u0131 s\u00f6yledi. E\u015f Ba\u015fkan Ho\u015fyar Sar\u0131y\u0131ld\u0131z\u2019a ziyaretinde; DEM Parti Akdeniz \u0130l\u00e7e E\u015f Ba\u015fkan\u0131 ve parti y\u00f6neticilerinin yan\u0131 s\u0131ra, [&hellip;]<\/p>\n","protected":false},"author":2,"featured_media":35498,"comment_status":"closed","ping_status":"closed","sticky":false,"template":"","format":"standard","meta":{"footnotes":""},"categories":[3],"tags":[],"class_list":["post-35497","post","type-post","status-publish","format-standard","has-post-thumbnail","hentry","category-manset"],"views":11,"_links":{"self":[{"href":"https:\/\/mersinkadingazetesi.com\/index.php?rest_route=\/wp\/v2\/posts\/35497"}],"collection":[{"href":"https:\/\/mersinkadingazetesi.com\/index.php?rest_route=\/wp\/v2\/posts"}],"about":[{"href":"https:\/\/mersinkadingazetesi.com\/index.php?rest_route=\/wp\/v2\/types\/post"}],"author":[{"embeddable":true,"href":"https:\/\/mersinkadingazetesi.com\/index.php?rest_route=\/wp\/v2\/users\/2"}],"replies":[{"embeddable":true,"href":"https:\/\/mersinkadingazetesi.com\/index.php?rest_route=%2Fwp%2Fv2%2Fcomments&post=35497"}],"version-history":[{"count":1,"href":"https:\/\/mersinkadingazetesi.com\/index.php?rest_route=\/wp\/v2\/posts\/35497\/revisions"}],"predecessor-version":[{"id":35499,"href":"https:\/\/mersinkadingazetesi.com\/index.php?rest_route=\/wp\/v2\/posts\/35497\/revisions\/35499"}],"wp:featuredmedia":[{"embeddable":true,"href":"https:\/\/mersinkadingazetesi.com\/index.php?rest_route=\/wp\/v2\/media\/35498"}],"wp:attachment":[{"href":"https:\/\/mersinkadingazetesi.com\/index.php?rest_route=%2Fwp%2Fv2%2Fmedia&parent=35497"}],"wp:term":[{"taxonomy":"category","embeddable":true,"href":"https:\/\/mersinkadingazetesi.com\/index.php?rest_route=%2Fwp%2Fv2%2Fcategories&post=35497"},{"taxonomy":"post_tag","embeddable":true,"href":"https:\/\/mersinkadingazetesi.com\/index.php?rest_route=%2Fwp%2Fv2%2Ftags&post=35497"}],"curies":[{"name":"wp","href":"https:\/\/api.w.org\/{rel}","templated":true}]}}