{"id":35508,"date":"2024-09-26T15:34:28","date_gmt":"2024-09-26T12:34:28","guid":{"rendered":"https:\/\/mersinkadingazetesi.com\/?p=35508"},"modified":"2024-09-26T15:34:29","modified_gmt":"2024-09-26T12:34:29","slug":"cakir-dunyada-parasal-gevseme-basliyor","status":"publish","type":"post","link":"https:\/\/mersinkadingazetesi.com\/?p=35508","title":{"rendered":"\u00c7ak\u0131r: \u201cD\u00fcnyada parasal gev\u015feme ba\u015fl\u0131yor\u201d"},"content":{"rendered":"\n<p>Mersin Ticaret ve Sanayi Odas\u0131 (MTSO) Eyl\u00fcl ay\u0131 Meclis Toplant\u0131s\u0131 Meclis Ba\u015fkan\u0131 Hamit \u0130zol ba\u015fkanl\u0131\u011f\u0131nda ger\u00e7ekle\u015ftirildi. Toplant\u0131y\u0131 kendisini gururland\u0131ran bir geli\u015fmeyle a\u00e7mak istedi\u011fini kaydeden Ba\u015fkan \u0130zol, MTSO Meclis \u00dcyesi Ali Esto\u011flu\u2019nun firmas\u0131 taraf\u0131ndan geli\u015ftirilen Ulusal Ta\u015f\u0131t Tan\u0131ma Sistemi\u2019nin tan\u0131t\u0131laca\u011f\u0131n\u0131 a\u00e7\u0131klad\u0131. Akaryak\u0131t piyasas\u0131nda rekabet e\u015fitli\u011finin sa\u011flanmas\u0131 ve kay\u0131t d\u0131\u015f\u0131 ekonomiyle m\u00fccadelede \u00f6nemli bir \u00e7al\u0131\u015fma oldu\u011funu ifade eden \u0130zol, \u201cB\u00f6ylesi \u00f6nemli bir \u00e7al\u0131\u015fmay\u0131 meclis \u00fcyemizin yapm\u0131\u015f olmas\u0131ndan dolay\u0131 gurur duyuyorum\u201d dedi. Ard\u0131ndan Esato\u011flu\u2019nun firmas\u0131ndan bir yetkili sistemi tan\u0131tt\u0131.<br>Toplant\u0131 Y\u00f6netim Kurulu Ba\u015fkan\u0131 Hakan Sefa \u00c7ak\u0131r\u2019\u0131n konu\u015fmas\u0131yla devam etti. Ay i\u00e7inde yap\u0131lan \u00e7al\u0131\u015fmalar\u0131 \u00f6zetleyen \u00c7ak\u0131r, B\u00fcy\u00fck\u015fehir Belediyesi ile ortak d\u00fczenlenen toplant\u0131n\u0131n detaylar\u0131n\u0131 payla\u015ft\u0131. \u0130\u015f STK\u2019lar\u0131 ile B\u00fcy\u00fck\u015fehir Belediye Ba\u015fkan\u0131 Vahap Se\u00e7er\u2019in Oda organizasyonunda bir araya getirildi\u011fini kaydeden \u00c7ak\u0131r, y\u00fcksek kat\u0131l\u0131ml\u0131 verimli bir toplant\u0131 d\u00fczenlendi\u011fini vurgulay\u0131p Mersin\u2019in sorunlar\u0131n\u0131 tespit edip bu sorunlar\u0131n \u00e7\u00f6z\u00fcm\u00fcnde ayn\u0131 dili konu\u015fmak i\u00e7in bir araya geldik\u201d dedi. Ard\u0131ndan Aile ve Sosyal Politikalar Bakan\u0131 kat\u0131l\u0131m\u0131yla ger\u00e7ekle\u015fen toplant\u0131y\u0131 aktaran \u00c7ak\u0131r, Bakan Mahinur \u00d6zdemir G\u00f6kta\u015f\u2019a meclis \u00fcyelerinden gen\u00e7ler aras\u0131nda artan ba\u011f\u0131ml\u0131l\u0131kla m\u00fccadele konusunda gelen talepleri ilk a\u011f\u0131zdan aktar\u0131p Mersin ve Adana\u2019n\u0131n m\u00fccadele noktas\u0131nda pilot il se\u00e7ilmesini talep ettiklerini s\u00f6yledi. Ayn\u0131 zamanda \u00e7al\u0131\u015ft\u0131racak personel bulma konusunda ya\u015fanan s\u0131k\u0131nt\u0131lara de\u011findiklerini de bildiren \u00c7ak\u0131r, \u00e7\u00f6z\u00fcm\u00fc i\u00e7in ye\u015fil kart uygulamas\u0131n\u0131n yeniden g\u00f6zden ge\u00e7irilmesini istediklerini dile getirdi. \u00c7ak\u0131r, yine madde ba\u011f\u0131ml\u0131\u011f\u0131yla m\u00fccadele i\u00e7in sosyal sorumluluk projesi kapsam\u0131nda Oda olarak bir demo tiyatro oyunu g\u00f6sterimi d\u00fczenlenidini de bildirdi.<\/p>\n\n\n\n<p>\u201cD\u00fcnyada artan elektrik kullan\u0131m\u0131ndan s\u0131k\u0131nt\u0131 \u00e7\u0131kabilir\u201d<br>Ay i\u00e7inde \u0130stanbul\u2019da d\u00fczenlenen e-Ticaret Zirvesi\u2019ne kat\u0131ld\u0131klar\u0131n\u0131 kaydeden \u00c7ak\u0131r zirveyle ilgili \u015fu bilgileri payla\u015ft\u0131:<br>\u201cAmazon, Wallmart gibi sekt\u00f6r\u00fcn \u00f6nde gelen firmalar\u0131n kat\u0131ld\u0131\u011f\u0131 \u00f6nemli bir zirveydi. Burada \u00e7ok farkl\u0131 bilgiler edindik bunlar\u0131n baz\u0131lar\u0131n\u0131 sizlerle de payla\u015fmak istiyorum. T\u00fcrkiye\u2019nin e-ticarette ev tekstili, mobilya gibi \u00fcr\u00fcnlerde kalite a\u00e7\u0131s\u0131ndan rekabet\u00e7i oldu\u011fu bildirildi. \u00c7in kadar T\u00fcrkiye\u2019nin de \u00e7ok \u00e7e\u015fide sahip oldu\u011fu belirtilerek her i\u015fletmenin mutlaka e-ticarete ba\u015flamas\u0131 gereklili\u011fi vurguland\u0131. T\u00fcrkiye\u2019nin 2022 y\u0131l\u0131nda e-ticaret hacminin 2.1 milyar dolardan 2023\u2019te 5 milyar dolara \u00e7\u0131kt\u0131\u011f\u0131, 2024\u2019te ise 8 milyar dolara ula\u015fmas\u0131n\u0131n beklendi\u011fi bildirildi. Ancak \u015fu anda e-ticarette \u00e7ok gerilerdeyiz. E-ticaretimizi bug\u00fcn 5 kat art\u0131rabilirsek d\u00fcnyadaki kapasiteyi yakalayabiliriz. Ayn\u0131 zamanda T\u00fcrk influencerlar\u0131n d\u00fcnyada aranan \u00f6zelliklere sahip oldu\u011fu belirtildi ve bu ki\u015filerden bizlerin de yararlanmas\u0131 tavsiye edildi. \u015eirketlerin d\u00fcnyada rekabet\u00e7i olabilmesi i\u00e7in cirolar\u0131n\u0131n y\u00fczde 15\u2019ini teknolojiye yat\u0131rmas\u0131 gerekti\u011fi tavsiyesi de verildi. Verilerimizi d\u0131\u015far\u0131ya aktarmamak i\u00e7in T\u00fcrkiye\u2019nin kendi yapay zekas\u0131n\u0131 \u00e7\u0131karmas\u0131 gerekiyor. Bunun i\u00e7in de en az 50 milyar dolarl\u0131k yat\u0131r\u0131m gerekiyor. Ancak bu geli\u015fmeler bir tar\u0131m s\u0131k\u0131nt\u0131lara da neden oluyor. \u00d6rne\u011fin geli\u015fen teknoloji, yapay zeka kullan\u0131m\u0131ndaki art\u0131\u015f\u0131n elektrik kullan\u0131m\u0131n\u0131 da art\u0131rd\u0131\u011f\u0131na dikkat \u00e7ekildi. Herkeste yar\u0131na ili\u015fkin kayg\u0131 var. D\u00fcnyada su nedeniyle s\u0131k\u0131nt\u0131 \u00e7\u0131kar diye beklenirken son d\u00f6nemlerde elektrikten s\u0131k\u0131nt\u0131 \u00e7\u0131kabilece\u011fi g\u00fcndeme geliyor. Son olarak T\u00fcrkiye olarak d\u00fcnyada Amerika\u2019dan sonra dizi film ticaretinde ikinci s\u0131raday\u0131z.\u201d<\/p>\n\n\n\n<p>\u201c\u0130malat sanayi dijital yol haritam\u0131z\u0131 olu\u015fturuyoruz\u201d<br>Oda olarak Toros \u00dcniversitesi i\u015fbirli\u011finde Mersin\u2019in imalat sanayi dijital yol haritas\u0131n\u0131 olu\u015fturduklar\u0131n\u0131 anlatan Hakan Sefa \u00c7ak\u0131r, bunu yapan T\u00fcrkiye\u2019deki ilk Oda olduklar\u0131n\u0131 s\u00f6yledi. Do\u011fru veri olmadan do\u011fru d\u00f6n\u00fc\u015f\u00fcm\u00fcn sa\u011flanamayaca\u011f\u0131ndan hareketle b\u00f6yle bir \u00e7al\u0131\u015fmaya ba\u015flad\u0131klar\u0131n\u0131 belirten \u00c7ak\u0131r, yap\u0131lan \u00e7al\u0131\u015fma sonunda Mersin\u2019deki imalat\u00e7\u0131lar\u0131n y\u00fczde 53\u2019\u00fcn\u00fcn d\u00fc\u015f\u00fck teknoloji, y\u00fczde 25\u2019inin orta d\u00fc\u015f\u00fck, y\u00fczde 20\u2019sinin orta y\u00fcksek ve yaln\u0131zca y\u00fczde 2\u2019sinin y\u00fcksek teknoloji kulland\u0131\u011f\u0131n\u0131 g\u00f6rd\u00fcklerini aktard\u0131. Hedefin her bir firmay\u0131 bir \u00fcst teknolojiye ta\u015f\u0131mak oldu\u011funu dile getiren \u00c7ak\u0131r, bunun i\u00e7in yeni meslekler ve bu mesleklere uygun personelin yeti\u015fmesi konusunda neler yap\u0131labilece\u011fine \u00e7al\u0131\u015ft\u0131klar\u0131n\u0131 s\u00f6yledi.<br>Mersin\u2019de d\u00fczenlenen Teknofest\u2019e de\u011finip ard\u0131ndan Odan\u0131n ilgili meslek komiteleri organizasyonunda d\u00fczenlenecek Kentsel D\u00f6n\u00fc\u015f\u00fcm Konferans\u0131 hakk\u0131nda bilgi veren \u00c7ak\u0131r, konu\u015fmas\u0131n\u0131 d\u00fcnya ve T\u00fcrkiye ekonomik verilerini de\u011ferlendirerek s\u00fcrd\u00fcrd\u00fc. ABD\u2019de faizlerin y\u00fczde 5, enflasyonun y\u00fczde 2.5, i\u015fsizlik oran\u0131n\u0131 y\u00fczde 4.2, sat\u0131nalma PMI endeksinin 47 oldu\u011funu dile getiren \u00c7ak\u0131r, Amerika gibi AB\u2019de de bir durgunluk oldu\u011funu aktard\u0131. AB b\u00fcy\u00fcmesinin y\u00fczde 0,2, Almanya \u00f6zelinde ise b\u00fcy\u00fcmenin s\u0131f\u0131r oldu\u011funu vurgulayan \u00c7ak\u0131r, \u201cBizim ihracat\u0131m\u0131z\u0131n b\u00fcy\u00fck b\u00f6l\u00fcm\u00fc Almanya\u2019ya ve Avrupa \u00fclkelerine olunca ihracatta durgunluk ya\u015fanmas\u0131 da normal\u201d de\u011ferlendirmesini yapt\u0131. \u00c7in\u2019de de benzer s\u0131k\u0131nt\u0131lar ya\u015fand\u0131\u011f\u0131n\u0131, in\u015faat firmalar\u0131nda bat\u0131klar g\u00f6r\u00fcld\u00fc\u011f\u00fcn\u00fc kaydeden \u00c7ak\u0131r, \u00c7in\u2019in b\u00fcy\u00fcmemesinin t\u00fcm d\u00fcnya ekonomilerini olumsuz etkiledi\u011fini, petrol fiyatlar\u0131n\u0131 art\u0131rd\u0131\u011f\u0131n\u0131 s\u00f6yledi.<\/p>\n\n\n\n<p>\u201cY\u00fcksek faiz ve enflasyon s\u00fcr\u00fcyor\u201d<br>T\u00fcrkiye\u2019de de y\u00fcksek faiz ve enflasyonun devam etti\u011fini hat\u0131rlatan \u00c7ak\u0131r, 500 b\u00fcy\u00fck sanayi kurulu\u015fundan 96\u2019s\u0131n\u0131n zararda oldu\u011funu, konkordatolar\u0131n artt\u0131\u011f\u0131n\u0131 s\u00f6yledi. Vergi konusundaki g\u00f6r\u00fc\u015fmelerin devam etti\u011fine de de\u011finen \u00c7ak\u0131r, verginin tabana yay\u0131lmas\u0131 ve verginin maliyet art\u0131rmamas\u0131 y\u00f6n\u00fcnde \u00e7al\u0131\u015ft\u0131klar\u0131n\u0131 s\u00f6zlerine ekledi.<br>Toplant\u0131da Meclis \u00dcyesi Hasan H\u00fcseyin \u0130pek ula\u015f\u0131m konusundaki yat\u0131r\u0131m beklentilerini dile getirirken Y\u00f6netim Kurulu Ba\u015fkan Yard\u0131mc\u0131s\u0131 Cem Bucuge, \u00f6nce Oda organizasyonunda d\u00fczenlenen Amerika \u00dclke Tan\u0131t\u0131m Toplant\u0131s\u0131 hakk\u0131nda bilgi verip ard\u0131ndan B\u00fcy\u00fck\u015fehir Belediyesi ile birlikte ger\u00e7ekle\u015ftirdi\u011fi Almanya temaslar\u0131n\u0131n detaylar\u0131n\u0131 aktard\u0131. Meclis \u00dcyesi Talat \u015eeker ilgili komiteler i\u015fbirli\u011finde d\u00fczenleyecekleri Kentsel D\u00f6n\u00fc\u015f\u00fcm Konferans\u0131\u2019na t\u00fcm Meclis \u00dcyelerini davet ederken B\u00fclent Ulusoy, serbest b\u00f6lge firmalar\u0131n\u0131n maruz kald\u0131\u011f\u0131 vergisel uygulamalara, artan \u00f6zel okul fiyatlar\u0131na dikkat \u00e7ekti. Aziz Erguvan kat\u0131ld\u0131klar\u0131 \u0130stanbul G\u0131da Fuar\u0131 hakk\u0131nda bilgi verirken Ferhat \u00c7ak\u0131l, \u00f6zel okul fiyatlar\u0131ndaki art\u0131\u015flar\u0131n, Hasan S\u00f6y\u00fcmez ise k\u0131rtasiye malzemelerindeki art\u0131\u015f\u0131n nedenlerine de\u011findi.<\/p>\n","protected":false},"excerpt":{"rendered":"<p>Mersin Ticaret ve Sanayi Odas\u0131 (MTSO) Eyl\u00fcl ay\u0131 Meclis Toplant\u0131s\u0131 Meclis Ba\u015fkan\u0131 Hamit \u0130zol ba\u015fkanl\u0131\u011f\u0131nda ger\u00e7ekle\u015ftirildi. Toplant\u0131y\u0131 kendisini gururland\u0131ran bir geli\u015fmeyle a\u00e7mak istedi\u011fini kaydeden Ba\u015fkan \u0130zol, MTSO Meclis \u00dcyesi Ali Esto\u011flu\u2019nun firmas\u0131 taraf\u0131ndan geli\u015ftirilen Ulusal Ta\u015f\u0131t Tan\u0131ma Sistemi\u2019nin tan\u0131t\u0131laca\u011f\u0131n\u0131 a\u00e7\u0131klad\u0131. Akaryak\u0131t piyasas\u0131nda rekabet e\u015fitli\u011finin sa\u011flanmas\u0131 ve kay\u0131t d\u0131\u015f\u0131 ekonomiyle m\u00fccadelede \u00f6nemli bir \u00e7al\u0131\u015fma oldu\u011funu ifade [&hellip;]<\/p>\n","protected":false},"author":2,"featured_media":35509,"comment_status":"closed","ping_status":"closed","sticky":false,"template":"","format":"standard","meta":{"footnotes":""},"categories":[1,2,3],"tags":[],"class_list":["post-35508","post","type-post","status-publish","format-standard","has-post-thumbnail","hentry","category-genel","category-gundem","category-manset"],"views":2,"_links":{"self":[{"href":"https:\/\/mersinkadingazetesi.com\/index.php?rest_route=\/wp\/v2\/posts\/35508"}],"collection":[{"href":"https:\/\/mersinkadingazetesi.com\/index.php?rest_route=\/wp\/v2\/posts"}],"about":[{"href":"https:\/\/mersinkadingazetesi.com\/index.php?rest_route=\/wp\/v2\/types\/post"}],"author":[{"embeddable":true,"href":"https:\/\/mersinkadingazetesi.com\/index.php?rest_route=\/wp\/v2\/users\/2"}],"replies":[{"embeddable":true,"href":"https:\/\/mersinkadingazetesi.com\/index.php?rest_route=%2Fwp%2Fv2%2Fcomments&post=35508"}],"version-history":[{"count":1,"href":"https:\/\/mersinkadingazetesi.com\/index.php?rest_route=\/wp\/v2\/posts\/35508\/revisions"}],"predecessor-version":[{"id":35510,"href":"https:\/\/mersinkadingazetesi.com\/index.php?rest_route=\/wp\/v2\/posts\/35508\/revisions\/35510"}],"wp:featuredmedia":[{"embeddable":true,"href":"https:\/\/mersinkadingazetesi.com\/index.php?rest_route=\/wp\/v2\/media\/35509"}],"wp:attachment":[{"href":"https:\/\/mersinkadingazetesi.com\/index.php?rest_route=%2Fwp%2Fv2%2Fmedia&parent=35508"}],"wp:term":[{"taxonomy":"category","embeddable":true,"href":"https:\/\/mersinkadingazetesi.com\/index.php?rest_route=%2Fwp%2Fv2%2Fcategories&post=35508"},{"taxonomy":"post_tag","embeddable":true,"href":"https:\/\/mersinkadingazetesi.com\/index.php?rest_route=%2Fwp%2Fv2%2Ftags&post=35508"}],"curies":[{"name":"wp","href":"https:\/\/api.w.org\/{rel}","templated":true}]}}