{"id":35514,"date":"2024-09-27T12:20:31","date_gmt":"2024-09-27T09:20:31","guid":{"rendered":"https:\/\/mersinkadingazetesi.com\/?p=35514"},"modified":"2024-09-27T12:20:32","modified_gmt":"2024-09-27T09:20:32","slug":"buyuksehirin-fide-fidan-destekleri-ile-uretim-de-uretici-de-buyuyor","status":"publish","type":"post","link":"https:\/\/mersinkadingazetesi.com\/?p=35514","title":{"rendered":"B\u00dcY\u00dcK\u015eEH\u0130R&#8217;\u0130N F\u0130DE F\u0130DAN DESTEKLER\u0130 \u0130LE \u00dcRET\u0130M DE \u00dcRET\u0130C\u0130 DE B\u00dcY\u00dcYOR"},"content":{"rendered":"\n<p>\u00dcreticilerin girdi maliyetlerini azaltmak ve hayat pahal\u0131l\u0131\u011f\u0131n\u0131n her ge\u00e7en g\u00fcn artt\u0131\u011f\u0131 g\u00fcn\u00fcm\u00fczde \u00fcretmekten vazge\u00e7me noktas\u0131na gelen \u00e7ift\u00e7i ve \u00fcreticileri geri kazanmak amac\u0131yla hayata ge\u00e7irdi\u011fi projelerle T\u00fcrkiye&#8217;ye \u00f6rnek olan Mersin B\u00fcy\u00fck\u015fehir Belediyesi, yerelde \u00fcretimi b\u00fcy\u00fctmeye devam ediyor.<\/p>\n\n\n\n<p>\u00dcreticilere fide-fidan, makine ve ekipman gibi \u00e7e\u015fitli destekler sunan B\u00fcy\u00fck\u015fehir, katma de\u011feri y\u00fcksek, t\u0131bbi ve aromatik fidelerle \u00fcreticileri bulu\u015fturarak hem \u00fcr\u00fcn \u00e7e\u015fitlili\u011fini art\u0131r\u0131yor hem de y\u00fcksek piyasa talebi bulunan \u00fcr\u00fcnler ile \u00fcreticilere yeni gelir kap\u0131lar\u0131 aral\u0131yor.<\/p>\n\n\n\n<p>Tar\u0131msal Hizmetler Dairesi Ba\u015fkanl\u0131\u011f\u0131 koordinesinde \u00fcreticilere y\u00fczde 50 hibe ile verilen avokado, y\u00fczde 70 hibe ile verilen passiflora fidesi ile y\u0131l boyunca araziler bo\u015f kalm\u0131yor. Bu sayede te\u015fvik projeleri ile B\u00fcy\u00fck\u015fehir, hem b\u00f6lgedeki \u00fcretim alan\u0131n\u0131n geni\u015flemesinin hem de \u00fcreticilerin kazan\u00e7lar\u0131n\u0131 art\u0131rmas\u0131n\u0131n \u00f6n\u00fcn\u00fc a\u00e7\u0131yor.<\/p>\n\n\n\n<p><strong>Do\u011fan: &#8220;Her Eyl\u00fcl ve Ekim ay\u0131nda fidelerimiz kusursuz bir \u015fekilde geldi ve da\u011f\u0131t\u0131ld\u0131&#8221;<\/strong><\/p>\n\n\n\n<p>Anamur Tropikal Meyve \u00dcretim ve Pazarlama Kooperatifi Ba\u015fkan\u0131 Ergun Do\u011fan, B\u00fcy\u00fck\u015fehir Belediyesi&#8217;nin kooperatiflerle devaml\u0131 i\u015f birli\u011fi halinde oldu\u011funu ve \u00fcreticilerin ihtiya\u00e7lar\u0131n\u0131n belirlenmesinde kooperatiflerden destek ald\u0131\u011f\u0131n\u0131 ifade etti. Avokadonun dar bir alanda bile y\u00fcksek gelir elde ettiren bir \u00fcr\u00fcn oldu\u011funu anlatan Do\u011fan,&nbsp;<strong>&#8220;Be\u015finci y\u0131l\u0131nda biz bir a\u011fa\u00e7tan yakla\u015f\u0131k 3 bin lira tutar\u0131nda gelir elde ediyoruz. Her Eyl\u00fcl ve Ekim ay\u0131nda fidelerimiz kusursuz bir \u015fekilde geldi ve da\u011f\u0131t\u0131ld\u0131 ve toprakla bulu\u015fturuldu. Bu sayede baz\u0131 b\u00fcy\u00fck bah\u00e7eler de elde ettik. Ticari de\u011fer daha da artt\u0131. Yani Antalya, Mersin aras\u0131nda Anamur&#8217;da b\u00fcy\u00fck bir avokado \u00fcretimi ba\u015flad\u0131. Bizler bu i\u015fe Ba\u015fkan\u0131m\u0131z Vahap Se\u00e7er&#8217;le beraber ba\u015flad\u0131k. 5 senedir de avokado fidan\u0131 da\u011f\u0131t\u0131l\u0131yor ve senede 3 binin \u00fczerinde fidan da\u011f\u0131t\u0131ld\u0131&#8221;&nbsp;<\/strong>dedi.<\/p>\n\n\n\n<p><strong>&#8220;Ba\u015fkan\u0131m\u0131z t\u00fckenece\u011fimiz noktalarda bize \u00e7ok b\u00fcy\u00fck destek verdi&#8221;<\/strong><\/p>\n\n\n\n<p>Fide, fidan desteklerinin yan\u0131 s\u0131ra B\u00fcy\u00fck\u015fehir&#8217;in makine ve ekipman deste\u011fi de verdi\u011fini aktaran Do\u011fan,<\/p>\n\n\n\n<p><strong>&#8220;Bir dal budama makinesi geldi ve onu t\u00fcm \u00fcreticilerimizin hizmetine sunduk, kullan\u0131yorlar, tekrar getiriyorlar. Muz yeti\u015ftiricileri seran\u0131n i\u00e7erisinde kullan\u0131yor. Muzu \u00f6\u011f\u00fct\u00fcyorlar seran\u0131n i\u00e7erisinde ve g\u00fcbresini kullan\u0131yorlar. Daha sonra bizler al\u0131m garantisi vererek passifloran\u0131n ekilmesine \u00f6n ayak olduk ve talep do\u011fdu&#8221;<\/strong>&nbsp;s\u00f6zlerine yer verdi. Avokado bah\u00e7elerine tel \u00f6rg\u00fc \u00e7ektirip bo\u015f kalan alanlar\u0131 da passiflora bitkisini ekerek de\u011ferlendirebileceklerini s\u00f6yleyen Do\u011fan,&nbsp;&nbsp;<strong>&#8220;Bir\u00e7ok insan passifloran\u0131n kilosunu 50-150 lira aras\u0131nda satabiliyor.&nbsp;&nbsp;\u00c7\u00fcnk\u00fc hi\u00e7bir \u015fekilde pazar s\u0131k\u0131nt\u0131s\u0131 olmayan bir meyve. \u0130hracatta avokado \u015fu anda T\u00fcrkiye birincisi. Ba\u015fkan\u0131m\u0131z Vahap Se\u00e7er&nbsp;<em>&#8216;\u00dcretmezsek t\u00fckeniriz&#8217;<\/em>&nbsp;dedi ve bizim t\u00fckenece\u011fimiz noktalarda bize \u00e7ok b\u00fcy\u00fck destek verdi&#8221;<\/strong>&nbsp;diyerek s\u00f6zlerini sonland\u0131rd\u0131.<\/p>\n\n\n\n<p><strong>Mesude Kutlu: &#8220;Tar\u0131m\u0131 kalk\u0131nd\u0131rmak zorunday\u0131z&#8221;<\/strong><\/p>\n\n\n\n<p>Ba\u015fkan Vahap Se\u00e7er&#8217;in tar\u0131m te\u015fvik projeleri sayesinde kendilerinin de \u00fcretmeye ba\u015flad\u0131\u011f\u0131n\u0131 kaydeden passiflora ve avokado \u00fcreticisi Mesude Kutlu,&nbsp;<strong>&#8220;Bozyaz\u0131&#8217;da bah\u00e7emiz var. Passiflora i\u00e7in ba\u015fvuru yapt\u0131m, \u00e7\u0131k\u0131nca ektik. Emekli maa\u015f\u0131 yetmedi\u011fi i\u00e7in \u00e7al\u0131\u015fmak zorunday\u0131z. Evime katk\u0131da bulunuyorum. G\u00fczel bir proje. G\u00fcn\u00fcm\u00fcz \u015fartlar\u0131nda tar\u0131m bitmi\u015f durumda. Bu \u015fekilde tar\u0131m\u0131 kalk\u0131nd\u0131rmak zorunday\u0131z. Emekli maa\u015f\u0131yla ge\u00e7inmek \u00e7ok zor. Hayat \u00e7ok pahal\u0131. Evimize katk\u0131da bulunmak zorunday\u0131z. Mecburen ben de evime destek olmak ama\u00e7l\u0131 bu projeye girdim. Herkesin kat\u0131lmas\u0131n\u0131 beklerim&#8221;<\/strong>&nbsp;ifadelerini kulland\u0131.<\/p>\n\n\n\n<p><strong>Salim Kutlu: &#8220;Bah\u00e7enin ve mutfak ihtiya\u00e7lar\u0131n\u0131n hepsini passifloradan kar\u015f\u0131l\u0131yoruz&#8221;<\/strong><\/p>\n\n\n\n<p>E\u015fi ile birlikte bah\u00e7e i\u015flerini y\u00fcr\u00fcten \u00fcretici Salim Kutlu da, B\u00fcy\u00fck\u015fehir&#8217;in destekleri ile bah\u00e7esine hem avokado hem de passiflora ekti\u011fini belirterek,&nbsp;<strong>&#8220;Avokado d\u00f6rd\u00fcnc\u00fc y\u0131l\u0131n\u0131 bitiriyor, \u00fcr\u00fcn almaktay\u0131z. Bir de B\u00fcy\u00fck\u015fehir&#8217;in destekleri ile passiflora fidelerini ektik. Hem bah\u00e7enin kenar\u0131nda r\u00fczg\u00e2r esintilerini engellemek ama\u00e7l\u0131 hem de bak\u0131l\u0131rsa \u00e7ok m\u00fcthi\u015f bir geliri de var. Bah\u00e7enin b\u00fct\u00fcn masraflar\u0131n\u0131, evin mutfak ihtiya\u00e7lar\u0131n\u0131 passifloradan kar\u015f\u0131l\u0131yoruz. \u00c7ok g\u00fczel bir \u00fcr\u00fcn. Passiflora ayn\u0131 zamanda ila\u00e7 sanayinde de kullan\u0131lmaktad\u0131r. Halk aras\u0131nda sakinle\u015ftirici \u00f6zelli\u011fi oldu\u011funu s\u00f6ylerler. Pazar s\u0131k\u0131nt\u0131m\u0131z yok fakat maliyetler \u00e7ok y\u00fcksek, buna ra\u011fmen biz de inatla \u00fcretmeye devam ediyoruz&#8221;<\/strong>&nbsp;dedi.<\/p>\n\n\n\n<p>3 y\u0131l \u00f6nce passiflora fidesi deste\u011finden faydaland\u0131klar\u0131n\u0131 aktaran Kutlu, passiflora bitkisinin her sezon \u00fcr\u00fcn verdi\u011fini s\u00f6yleyerek&nbsp;<strong>&#8220;Senede bir sefer budamas\u0131n\u0131 yap\u0131yoruz. Avokado da bu sene d\u00f6rd\u00fcnc\u00fc senesini bitirdi. 2 y\u0131ld\u0131r da hasat al\u0131yoruz. Biz avokadodan daha \u00f6ncede hasat alabilirdik ama a\u011fac\u0131n geli\u015fmesi i\u00e7in hep meyvelerini kopard\u0131k. Biz B\u00fcy\u00fck\u015fehir&#8217;in destek vermesinden memnununuz. Daha \u00f6nce avokadoyu biliyorduk ama passifloray\u0131 bilmiyorduk. B\u00fct\u00fcn \u00fcretici arkada\u015flar\u0131ma tavsiye ediyorum&#8221;<\/strong>&nbsp;\u015feklinde konu\u015ftu.<\/p>\n\n\n\n<p><strong>Erkan: &#8220;B\u00fcy\u00fck\u015fehir Belediyesi&#8217;nin da\u011f\u0131tt\u0131\u011f\u0131 fidanlardaki birinci \u00f6ncelik nitelik&#8221;<\/strong><\/p>\n\n\n\n<p>Ailesi ile birlikte hobi ama\u00e7l\u0131 ba\u015flad\u0131\u011f\u0131 bah\u00e7e i\u015fini zamanla geli\u015ftiren avokado \u00fcreticisi Bu\u011fra Erkan ise,&nbsp;<strong>&#8220;Ailem Anamur&#8217;da ya\u015fad\u0131\u011f\u0131 i\u00e7in burada ayn\u0131 zamanda tar\u0131m i\u015fleriyle u\u011fra\u015f\u0131yoruz. Y\u0131llard\u0131r burada herkesin yapt\u0131\u011f\u0131 gibi muz i\u015fine bir alternatif olsun diye 5 sene \u00f6ncesinde avokado aramaya ba\u015flad\u0131k. O d\u00f6nem gere\u011fi fidan bulmak bir hayli zor oldu\u011fu i\u00e7in B\u00fcy\u00fck\u015fehir imdad\u0131m\u0131za yeti\u015fti&#8221;<\/strong>&nbsp;dedi.<\/p>\n\n\n\n<p>B\u00fcy\u00fck\u015fehir Belediyesi&#8217;nin olduk\u00e7a kaliteli fidanlar da\u011f\u0131tt\u0131\u011f\u0131n\u0131 kaydeden Erkan,&nbsp;<strong>&#8220;B\u00fcy\u00fck\u015fehir Belediyesi&#8217;nin da\u011f\u0131tt\u0131\u011f\u0131 fidanlardaki birinci \u00f6ncelik, nitelik. Gelen fidanlar gayet kaliteli, gayet k\u00f6k sistemi sa\u011fl\u0131kl\u0131. Ekerken gayet p\u0131r\u0131l p\u0131r\u0131l k\u00f6klerle ve bu b\u00f6lgeye adapte fidanlar geliyor. Yani iyi fidanlar, do\u011fru cinsler geliyor. Ayn\u0131 zamanda \u00e7ok de\u011ferli bir \u00fcr\u00fcn. Bu de\u011ferli \u00fcr\u00fcn\u00fc bizim subtropikal b\u00f6lgemizde yeti\u015ftirebiliyor olmam\u0131z hem T\u00fcrkiye hem Akdeniz b\u00f6lgesi hem de Mersin B\u00fcy\u00fck\u015fehir Belediyesi ad\u0131na ve ayr\u0131ca ihracat de\u011feri olu\u015fturarak halk\u0131n bireysel kalk\u0131nmas\u0131 anlam\u0131nda olduk\u00e7a \u00f6nemli&#8221;<\/strong>&nbsp;diye konu\u015ftu.<\/p>\n","protected":false},"excerpt":{"rendered":"<p>\u00dcreticilerin girdi maliyetlerini azaltmak ve hayat pahal\u0131l\u0131\u011f\u0131n\u0131n her ge\u00e7en g\u00fcn artt\u0131\u011f\u0131 g\u00fcn\u00fcm\u00fczde \u00fcretmekten vazge\u00e7me noktas\u0131na gelen \u00e7ift\u00e7i ve \u00fcreticileri geri kazanmak amac\u0131yla hayata ge\u00e7irdi\u011fi projelerle T\u00fcrkiye&#8217;ye \u00f6rnek olan Mersin B\u00fcy\u00fck\u015fehir Belediyesi, yerelde \u00fcretimi b\u00fcy\u00fctmeye devam ediyor. \u00dcreticilere fide-fidan, makine ve ekipman gibi \u00e7e\u015fitli destekler sunan B\u00fcy\u00fck\u015fehir, katma de\u011feri y\u00fcksek, t\u0131bbi ve aromatik fidelerle \u00fcreticileri bulu\u015fturarak [&hellip;]<\/p>\n","protected":false},"author":2,"featured_media":35515,"comment_status":"closed","ping_status":"closed","sticky":false,"template":"","format":"standard","meta":{"footnotes":""},"categories":[3],"tags":[],"class_list":["post-35514","post","type-post","status-publish","format-standard","has-post-thumbnail","hentry","category-manset"],"views":3,"_links":{"self":[{"href":"https:\/\/mersinkadingazetesi.com\/index.php?rest_route=\/wp\/v2\/posts\/35514"}],"collection":[{"href":"https:\/\/mersinkadingazetesi.com\/index.php?rest_route=\/wp\/v2\/posts"}],"about":[{"href":"https:\/\/mersinkadingazetesi.com\/index.php?rest_route=\/wp\/v2\/types\/post"}],"author":[{"embeddable":true,"href":"https:\/\/mersinkadingazetesi.com\/index.php?rest_route=\/wp\/v2\/users\/2"}],"replies":[{"embeddable":true,"href":"https:\/\/mersinkadingazetesi.com\/index.php?rest_route=%2Fwp%2Fv2%2Fcomments&post=35514"}],"version-history":[{"count":1,"href":"https:\/\/mersinkadingazetesi.com\/index.php?rest_route=\/wp\/v2\/posts\/35514\/revisions"}],"predecessor-version":[{"id":35516,"href":"https:\/\/mersinkadingazetesi.com\/index.php?rest_route=\/wp\/v2\/posts\/35514\/revisions\/35516"}],"wp:featuredmedia":[{"embeddable":true,"href":"https:\/\/mersinkadingazetesi.com\/index.php?rest_route=\/wp\/v2\/media\/35515"}],"wp:attachment":[{"href":"https:\/\/mersinkadingazetesi.com\/index.php?rest_route=%2Fwp%2Fv2%2Fmedia&parent=35514"}],"wp:term":[{"taxonomy":"category","embeddable":true,"href":"https:\/\/mersinkadingazetesi.com\/index.php?rest_route=%2Fwp%2Fv2%2Fcategories&post=35514"},{"taxonomy":"post_tag","embeddable":true,"href":"https:\/\/mersinkadingazetesi.com\/index.php?rest_route=%2Fwp%2Fv2%2Ftags&post=35514"}],"curies":[{"name":"wp","href":"https:\/\/api.w.org\/{rel}","templated":true}]}}