{"id":35520,"date":"2024-09-27T12:26:49","date_gmt":"2024-09-27T09:26:49","guid":{"rendered":"https:\/\/mersinkadingazetesi.com\/?p=35520"},"modified":"2024-09-27T12:26:50","modified_gmt":"2024-09-27T09:26:50","slug":"chpnin-onde-gelen-isimleri-mezitlide","status":"publish","type":"post","link":"https:\/\/mersinkadingazetesi.com\/?p=35520","title":{"rendered":"CHP&#8217;nin \u00d6nde Gelen \u0130simleri Mezitli&#8217;de"},"content":{"rendered":"\n<p>Cumhuriyet Halk Partisi&#8217;nin \u00f6nemli isimleri, Mezitli \u0130l\u00e7e Ba\u015fkan\u0131 Av. Ula\u015f Y\u0131lmaz ve Mezitli Belediye Ba\u015fkan\u0131 Ahmet Serkan Tuncer&#8217;in ev sahipli\u011finde, Mezitli Belediyesi&#8217;nde a\u011f\u0131rland\u0131.<\/p>\n\n\n\n<p>CHP Yerel Y\u00f6netimler Genel Ba\u015fkan Yard\u0131mc\u0131s\u0131 G\u00f6kan Zeybek, Genel Sayman \u00d6zg\u00fcr Karabat, Antalya Milletvekili Cavit Ar\u0131, Mersin Milletvekili G\u00fclcan K\u0131\u015f ve Mersin \u0130l Ba\u015fkan\u0131 Koral \u00d6m\u00fcr&#8217;\u00fcn kat\u0131ld\u0131\u011f\u0131 ziyarette, yerel y\u00f6netim sorunlar\u0131 ve halk\u0131n ihtiya\u00e7lar\u0131 \u00fczerine geni\u015f \u00e7apl\u0131 g\u00f6r\u00fc\u015fmeler yap\u0131ld\u0131.<\/p>\n\n\n\n<p>Mezitli \u0130l\u00e7e Ba\u015fkan\u0131 Av. Ula\u015f Y\u0131lmaz, &#8220;CHP olarak yerel y\u00f6netimlerde, halk\u0131n ihtiya\u00e7lar\u0131n\u0131 merkeze alarak \u00e7al\u0131\u015f\u0131yoruz. Bu ziyaret bu anlay\u0131\u015f\u0131n bir par\u00e7as\u0131d\u0131r&#8221; diyerek yerel y\u00f6netim politikalar\u0131n\u0131n Mezitli&#8217;nin gelece\u011fine katk\u0131 sa\u011flamas\u0131 gerekti\u011fini belirtti.<\/p>\n\n\n\n<p>Misafirperverlik ve Te\u015fekk\u00fcr<\/p>\n\n\n\n<p>Av. Ula\u015f Y\u0131lmaz, bu \u00f6nemli ziyaret s\u0131ras\u0131nda sa\u011flanan s\u0131cak kar\u015f\u0131lama ve misafirperverlik i\u00e7in Belediye Ba\u015fkan\u0131 Ahmet Serkan Tuncer&#8217;e te\u015fekk\u00fcrlerini sunarak: &nbsp;&#8220;K\u0131ymetli misafirlerimizi il\u00e7emizde a\u011f\u0131rlamaktan onur duyduk. Destekleri i\u00e7in te\u015fekk\u00fcr ediyoruz. Mezitli&#8217;nin sorunlar\u0131na birlikte \u00e7\u00f6z\u00fcm \u00fcretmeye devam edece\u011fiz&#8221; s\u00f6zleriyle ortak \u00e7al\u0131\u015fman\u0131n \u00f6nemine vurgu yapt\u0131.<\/p>\n","protected":false},"excerpt":{"rendered":"<p>Cumhuriyet Halk Partisi&#8217;nin \u00f6nemli isimleri, Mezitli \u0130l\u00e7e Ba\u015fkan\u0131 Av. Ula\u015f Y\u0131lmaz ve Mezitli Belediye Ba\u015fkan\u0131 Ahmet Serkan Tuncer&#8217;in ev sahipli\u011finde, Mezitli Belediyesi&#8217;nde a\u011f\u0131rland\u0131. CHP Yerel Y\u00f6netimler Genel Ba\u015fkan Yard\u0131mc\u0131s\u0131 G\u00f6kan Zeybek, Genel Sayman \u00d6zg\u00fcr Karabat, Antalya Milletvekili Cavit Ar\u0131, Mersin Milletvekili G\u00fclcan K\u0131\u015f ve Mersin \u0130l Ba\u015fkan\u0131 Koral \u00d6m\u00fcr&#8217;\u00fcn kat\u0131ld\u0131\u011f\u0131 ziyarette, yerel y\u00f6netim sorunlar\u0131 ve [&hellip;]<\/p>\n","protected":false},"author":2,"featured_media":35521,"comment_status":"closed","ping_status":"closed","sticky":false,"template":"","format":"standard","meta":{"footnotes":""},"categories":[3],"tags":[],"class_list":["post-35520","post","type-post","status-publish","format-standard","has-post-thumbnail","hentry","category-manset"],"views":5,"_links":{"self":[{"href":"https:\/\/mersinkadingazetesi.com\/index.php?rest_route=\/wp\/v2\/posts\/35520"}],"collection":[{"href":"https:\/\/mersinkadingazetesi.com\/index.php?rest_route=\/wp\/v2\/posts"}],"about":[{"href":"https:\/\/mersinkadingazetesi.com\/index.php?rest_route=\/wp\/v2\/types\/post"}],"author":[{"embeddable":true,"href":"https:\/\/mersinkadingazetesi.com\/index.php?rest_route=\/wp\/v2\/users\/2"}],"replies":[{"embeddable":true,"href":"https:\/\/mersinkadingazetesi.com\/index.php?rest_route=%2Fwp%2Fv2%2Fcomments&post=35520"}],"version-history":[{"count":1,"href":"https:\/\/mersinkadingazetesi.com\/index.php?rest_route=\/wp\/v2\/posts\/35520\/revisions"}],"predecessor-version":[{"id":35522,"href":"https:\/\/mersinkadingazetesi.com\/index.php?rest_route=\/wp\/v2\/posts\/35520\/revisions\/35522"}],"wp:featuredmedia":[{"embeddable":true,"href":"https:\/\/mersinkadingazetesi.com\/index.php?rest_route=\/wp\/v2\/media\/35521"}],"wp:attachment":[{"href":"https:\/\/mersinkadingazetesi.com\/index.php?rest_route=%2Fwp%2Fv2%2Fmedia&parent=35520"}],"wp:term":[{"taxonomy":"category","embeddable":true,"href":"https:\/\/mersinkadingazetesi.com\/index.php?rest_route=%2Fwp%2Fv2%2Fcategories&post=35520"},{"taxonomy":"post_tag","embeddable":true,"href":"https:\/\/mersinkadingazetesi.com\/index.php?rest_route=%2Fwp%2Fv2%2Ftags&post=35520"}],"curies":[{"name":"wp","href":"https:\/\/api.w.org\/{rel}","templated":true}]}}